{"id":11223,"date":"2019-09-12T15:06:31","date_gmt":"2019-09-12T18:06:31","guid":{"rendered":"https:\/\/www.greenpeace.org\/brasil\/?p=11223"},"modified":"2023-08-23T00:06:12","modified_gmt":"2023-08-23T03:06:12","slug":"o-que-voce-prefere-no-mar-baleias-ou-exploracao-de-petroleo","status":"publish","type":"post","link":"https:\/\/www.greenpeace.org\/brasil\/blog\/o-que-voce-prefere-no-mar-baleias-ou-exploracao-de-petroleo\/","title":{"rendered":"O que voc\u00ea prefere no mar: baleias ou explora\u00e7\u00e3o de petr\u00f3leo?"},"content":{"rendered":"<h4><span style=\"font-weight: 400;\">Confirmamos e documentamos que a regi\u00e3o dos Corais da Amaz\u00f4nia \u00e9 uma \u00e1rea onde as baleias migram e se reproduzem. A explora\u00e7\u00e3o de petr\u00f3leo, portanto, \u00e9 uma amea\u00e7a a esses animais<\/span><\/h4>\n<div id=\"attachment_11227\" style=\"width: 1034px\" class=\"wp-caption alignnone\"><img loading=\"lazy\" decoding=\"async\" aria-describedby=\"caption-attachment-11227\" class=\"size-large wp-image-11227\" src=\"https:\/\/www.greenpeace.org\/static\/planet4-brasil-stateless\/2019\/09\/1aa6dc4d-gp0stttvt-1024x683.jpg\" alt=\"\" width=\"1024\" height=\"683\" srcset=\"https:\/\/www.greenpeace.org\/static\/planet4-brasil-stateless\/2019\/09\/1aa6dc4d-gp0stttvt-1024x683.jpg 1024w, https:\/\/www.greenpeace.org\/static\/planet4-brasil-stateless\/2019\/09\/1aa6dc4d-gp0stttvt-300x200.jpg 300w, https:\/\/www.greenpeace.org\/static\/planet4-brasil-stateless\/2019\/09\/1aa6dc4d-gp0stttvt-768x512.jpg 768w, https:\/\/www.greenpeace.org\/static\/planet4-brasil-stateless\/2019\/09\/1aa6dc4d-gp0stttvt-510x340.jpg 510w, https:\/\/www.greenpeace.org\/static\/planet4-brasil-stateless\/2019\/09\/1aa6dc4d-gp0stttvt.jpg 1200w\" sizes=\"auto, (max-width: 1024px) 100vw, 1024px\" \/><p id=\"caption-attachment-11227\" class=\"wp-caption-text\">Entre as baleias que avistamos na regi\u00e3o dos Corais da Amaz\u00f4nia, estava essa baleia-de-bryde. Foi o primeiro registro dela em \u00e1guas da Guiana Francesa<\/p><\/div>\n<p><b><\/b><span style=\"font-weight: 400;\">Tomar uma decis\u00e3o importante <\/span><span style=\"font-weight: 400;\">n\u00e3o \u00e9 f\u00e1cil. Todo mundo sabe e at\u00e9 j\u00e1 passou por isso. O ideal \u00e9 montar uma lista de pr\u00f3s e contras e ver o que pesa mais na balan\u00e7a.<\/span><span style=\"font-weight: 400;\"> Claro que essa n\u00e3o \u00e9 uma ideia \u00fanica, mas se par\u00e1ssemos para pensar no n\u00famero de decis\u00f5es que tomamos sem nem ter no\u00e7\u00e3o das desvantagens, certamente ficar\u00edamos assustados com o resultado.\u00a0<\/span><\/p>\n<p><span style=\"font-weight: 400;\">Esse, infelizmente, \u00e9 o<a href=\"https:\/\/www.greenpeace.org\/brasil\/blog\/a-petrolifera-bp-ainda-ameaca-os-corais-da-amazonia\/\" target=\"_blank\" rel=\"noopener noreferrer\"> caso da petroleira brit\u00e2nica BP, que tem projetos para perfurar perto dos Corais da Amaz\u00f4nia, no Brasil, desde 2013.<\/a> A verdade \u00e9 que antes de mostrarmos em imagens subaqu\u00e1ticas como esse ecossistema \u00e9 \u00fanico, <\/span>a empresa mal sabia o que havia no local.<\/p>\n<p><span style=\"font-weight: 400;\">Isso n\u00e3o foi o suficiente para convenc\u00ea-los a parar. Foi a\u00ed que, em 2018, em mais uma expedi\u00e7\u00e3o \u00e0 regi\u00e3o dos Corais, provamos que os recifes eram maiores que o esperado e se estendiam at\u00e9 a Guiana Francesa.<\/span><\/p>\n<p><span style=\"font-weight: 400;\">N\u00e3o era o bastante. Um pouco mais tarde, em dezembro do mesmo ano, o IBAMA, negou a licen\u00e7a para perfurar a \u00e1rea. <a href=\"https:\/\/www.greenpeace.org\/brasil\/blog\/vitoria-a-total-nao-vai-explorar-petroleo-perto-dos-corais-da-amazonia\/\" target=\"_blank\" rel=\"noopener noreferrer\">Dessa vez para a francesa Total.<\/a><br \/>\n<\/span><\/p>\n<p><span style=\"font-weight: 400;\">As raz\u00f5es eram claras: n\u00e3o dava para proteger a regi\u00e3o da amea\u00e7a do derramamento de petr\u00f3leo. E nem isso convenceu a BP. <a href=\"https:\/\/www.greenpeace.org\/brasil\/blog\/estamos-de-volta-aos-corais-da-amazonia\/\" target=\"_blank\" rel=\"noopener noreferrer\">Ent\u00e3o, mais uma vez, c\u00e1 estamos de volta. E com muito mais raz\u00f5es para manter os Corais da Amaz\u00f4nia protegidos. <\/a><\/span><b>\u00a0<\/b><\/p>\n<p><b>Agora, pela primeira vez, conseguimos confirmar e documentar que a regi\u00e3o \u00e9 uma \u00e1rea onde as baleias migram e se reproduzem.\u00a0<\/b><\/p>\n<p><span style=\"font-weight: 400;\">Observamos peixes-vela, golfinho-pintado-tropical, falsas-orcas, orcas-pigmeia, o tubar\u00e3o-seda, golfinhos-cabe\u00e7a-de-mel\u00e3o e, pela primeira vez nas \u00e1guas da Guiana Francesa, documentamos a baleia-de-bryde.\u00a0\u00a0<\/span><\/p>\n<p><span style=\"font-weight: 400;\">Ser\u00e1 que agora j\u00e1 n\u00e3o est\u00e1 \u00f3bvio que a BP deveria parar de querer explorar a regi\u00e3o?<\/span><\/p>\n<p><span style=\"font-weight: 400;\">Como podemos ver, essa regi\u00e3o \u00e9 importante e deve ser protegida se quisermos oceanos saud\u00e1veis e equilibrados. E para isso precisamos de duas coisas:<\/span><\/p>\n<ul>\n<li style=\"font-weight: 400;\"><span style=\"font-weight: 400;\">Que a BP retire seus planos de perfura\u00e7\u00e3o de petr\u00f3leo de l\u00e1 antes que seja tarde demais.<\/span><\/li>\n<li style=\"font-weight: 400;\"><span style=\"font-weight: 400;\">Um Tratado Global dos Oceanos, que ser\u00e1 um instrumento legal de prote\u00e7\u00e3o do alto-mar.\u00a0<\/span><\/li>\n<\/ul>\n<p><span style=\"font-weight: 400;\">N\u00e3o seremos capazes de proteger nossos oceanos se n\u00e3o pararmos a BP. Ajude-nos a espalhar essa not\u00edcia para proteger os Corais da Amaz\u00f4nia. <a href=\"https:\/\/www.greenpeace.org.br\/proteja-os-oceanos\" target=\"_blank\" rel=\"noopener noreferrer\">Participe do abaixo-assinado. <\/a><\/span><\/p>\n<p><b>\u00a0<\/b><\/p>\n","protected":false},"excerpt":{"rendered":"<p>Confirmamos e documentamos que a regi\u00e3o dos Corais da Amaz\u00f4nia \u00e9 uma \u00e1rea onde as baleias migram e se reproduzem. A explora\u00e7\u00e3o de petr\u00f3leo, portanto, \u00e9 uma amea\u00e7a a esses animais<\/p>\n","protected":false},"author":25,"featured_media":11227,"comment_status":"open","ping_status":"closed","sticky":false,"template":"","format":"standard","meta":{"ep_exclude_from_search":false,"p4_og_title":"","p4_og_description":"","p4_og_image":"","p4_og_image_id":"","p4_seo_canonical_url":"","p4_campaign_name":"","p4_local_project":"","p4_basket_name":"","p4_department":"","footnotes":""},"categories":[64,3],"tags":[27],"p4-page-type":[16],"class_list":["post-11223","post","type-post","status-publish","format-standard","has-post-thumbnail","hentry","category-oceanos","category-proteja-a-natureza","tag-oceanos","p4-page-type-blog"],"_links":{"self":[{"href":"https:\/\/www.greenpeace.org\/brasil\/wp-json\/wp\/v2\/posts\/11223","targetHints":{"allow":["GET"]}}],"collection":[{"href":"https:\/\/www.greenpeace.org\/brasil\/wp-json\/wp\/v2\/posts"}],"about":[{"href":"https:\/\/www.greenpeace.org\/brasil\/wp-json\/wp\/v2\/types\/post"}],"author":[{"embeddable":true,"href":"https:\/\/www.greenpeace.org\/brasil\/wp-json\/wp\/v2\/users\/25"}],"replies":[{"embeddable":true,"href":"https:\/\/www.greenpeace.org\/brasil\/wp-json\/wp\/v2\/comments?post=11223"}],"version-history":[{"count":5,"href":"https:\/\/www.greenpeace.org\/brasil\/wp-json\/wp\/v2\/posts\/11223\/revisions"}],"predecessor-version":[{"id":11231,"href":"https:\/\/www.greenpeace.org\/brasil\/wp-json\/wp\/v2\/posts\/11223\/revisions\/11231"}],"wp:featuredmedia":[{"embeddable":true,"href":"https:\/\/www.greenpeace.org\/brasil\/wp-json\/wp\/v2\/media\/11227"}],"wp:attachment":[{"href":"https:\/\/www.greenpeace.org\/brasil\/wp-json\/wp\/v2\/media?parent=11223"}],"wp:term":[{"taxonomy":"category","embeddable":true,"href":"https:\/\/www.greenpeace.org\/brasil\/wp-json\/wp\/v2\/categories?post=11223"},{"taxonomy":"post_tag","embeddable":true,"href":"https:\/\/www.greenpeace.org\/brasil\/wp-json\/wp\/v2\/tags?post=11223"},{"taxonomy":"p4-page-type","embeddable":true,"href":"https:\/\/www.greenpeace.org\/brasil\/wp-json\/wp\/v2\/p4-page-type?post=11223"}],"curies":[{"name":"wp","href":"https:\/\/api.w.org\/{rel}","templated":true}]}}