{"id":11253,"date":"2019-09-13T13:51:42","date_gmt":"2019-09-13T16:51:42","guid":{"rendered":"https:\/\/www.greenpeace.org\/brasil\/?p=11253"},"modified":"2020-07-28T16:51:12","modified_gmt":"2020-07-28T19:51:12","slug":"o-futuro-do-brasil-depende-da-amazonia-em-pe","status":"publish","type":"post","link":"https:\/\/www.greenpeace.org\/brasil\/blog\/o-futuro-do-brasil-depende-da-amazonia-em-pe\/","title":{"rendered":"O futuro do Brasil depende da Amaz\u00f4nia em p\u00e9"},"content":{"rendered":"\n<h4 class=\"wp-block-heading\">\u00c9 hora de exigir que as empresas e os mercados assumam \u2013 e cumpram &#8211; compromissos com a prote\u00e7\u00e3o da Amaz\u00f4nia<\/h4>\n\n<figure class=\"wp-block-image alignnone caption-style-blue-overlay caption-alignment-center\"><img loading=\"lazy\" decoding=\"async\" width=\"1024\" height=\"682\" src=\"https:\/\/www.greenpeace.org\/static\/planet4-brasil-stateless\/2019\/09\/7998bc2b-mg_644823-1024x682.jpg\" alt=\"\" class=\"wp-image-11146\" srcset=\"https:\/\/www.greenpeace.org\/static\/planet4-brasil-stateless\/2019\/09\/7998bc2b-mg_644823-1024x682.jpg 1024w, https:\/\/www.greenpeace.org\/static\/planet4-brasil-stateless\/2019\/09\/7998bc2b-mg_644823-300x200.jpg 300w, https:\/\/www.greenpeace.org\/static\/planet4-brasil-stateless\/2019\/09\/7998bc2b-mg_644823-768x512.jpg 768w, https:\/\/www.greenpeace.org\/static\/planet4-brasil-stateless\/2019\/09\/7998bc2b-mg_644823-2048x1366.jpg 2048w, https:\/\/www.greenpeace.org\/static\/planet4-brasil-stateless\/2019\/09\/7998bc2b-mg_644823-510x340.jpg 510w\" sizes=\"auto, (max-width: 1024px) 100vw, 1024px\" \/><figcaption>Floresta queimando registrada durante sobrevoo realizado no in\u00edcio de setembro pelo Greenpeace.<div class=\"credit icon-left\"> \u00a9 Chico Batata\/Greenpeace<\/div><\/figcaption><\/figure>\n\n<p>Os recentes inc\u00eandios na Amaz\u00f4nia revelaram para o mundo que a destrui\u00e7\u00e3o da floresta segue em ritmo acelerado e tamb\u00e9m evidenciaram outro fato importante: cada vez mais consumidores est\u00e3o exigindo produtos livres do desmatamento e est\u00e3o pedindo para as grandes empresas se adequarem, sob pena de perderem mercado. Pressionadas pelos consumidores, as corpora\u00e7\u00f5es mundiais precisam parar de associar suas marcas com a destrui\u00e7\u00e3o da maior floresta tropical do planeta e pedir ao governo brasileiro que pare a destrui\u00e7\u00e3o da Amaz\u00f4nia.<\/p>\n\n<p>\u201cA destrui\u00e7\u00e3o da Amaz\u00f4nia acontece para garantir o lucro de alguns grupos: madeireiros, grileiros e pol\u00edticos locais e multinacionais de diversos setores, muitas delas com sede em outros pa\u00edses. N\u00e3o podemos proteger a Amaz\u00f4nia e o clima do mundo se n\u00e3o exigirmos tamb\u00e9m que estas empresas se posicionem contra o grave aumento da destrui\u00e7\u00e3o da floresta. Elas devem eliminar produtos que venham dessa destrui\u00e7\u00e3o da sua cadeia de suprimento\u201d, explica R\u00f4mulo Batista, da campanha Amaz\u00f4nia do Greenpeace.<\/p>\n\n<p>Perto de 2,5 milh\u00f5es de hectares \u2013 incluindo florestas e \u00e1reas rec\u00e9m-desmatadas \u2013 foram queimados na Amaz\u00f4nia brasileira em agosto, segundo dados do Instituto Nacional de Pesquisa Espacial (Inpe). O n\u00famero de inc\u00eandios na Amaz\u00f4nia aumentou em 111% desde o in\u00edcio do mandato do presidente Bolsonaro.<\/p>\n\n<p>H\u00e1 muito tempo se sabe que destruir a Amaz\u00f4nia faz mal para a biodiversidade, para o clima e para as popula\u00e7\u00f5es que dela dependem, mas cada vez mais fica provado que tamb\u00e9m faz mal para economia brasileira. Cientistas e tamb\u00e9m iniciativas pr\u00e1ticas t\u00eam evidenciado que utilizar a biodiversidade de forma sustent\u00e1vel, como j\u00e1 fazem os ind\u00edgenas h\u00e1 milhares de anos, al\u00e9m de preserv\u00e1-la em p\u00e9 \u00e9 <a href=\"https:\/\/www.nationalgeographicbrasil.com\/meio-ambiente\/2019\/09\/como-economia-de-floresta-em-pe-pode-salvar-amazonia-e-o-planeta\">muito mais lucrativo do que derrub\u00e1-la para colocar pasto<\/a> \u2013 e ainda h\u00e1 muito o que avan\u00e7ar em termos de conhecimento e uso de todo esse potencial.<\/p>\n\n<p>\u00c9 justamente com o prop\u00f3sito de expor as empresas que, de algum modo, lucram com a destrui\u00e7\u00e3o da Amaz\u00f4nia, que o Greenpeace Internacional iniciou neste m\u00eas uma campanha para que gigantes do setor de fast food, como Burger King, McDonald\u2019s e KFC, rejeitem mercadorias \u2013 como carne bovina e soja \u2013 vinculadas \u00e0 destrui\u00e7\u00e3o ambiental da Amaz\u00f4nia e de outras biomas do Brasil. H\u00e1 nove anos estas empresas adotam pol\u00edticas de desmatamento zero, mas n\u00e3o cumprem esses compromissos.<\/p>\n\n<p>\u201cO governo Bolsonaro precisa parar de incentivar a destrui\u00e7\u00e3o da Amaz\u00f4nia e o ataque \u00e0s popula\u00e7\u00f5es ind\u00edgenas e cumprir o seu dever constitucional que \u00e9 promover a prote\u00e7\u00e3o da Amaz\u00f4nia. As empresas que compram produtos do Brasil devem cobrar dele uma pol\u00edtica ambiental que garanta que suas mercadorias n\u00e3o estejam sujas pelas queimadas e cinzas da floresta e nem carreguem em si a dor dos seus povos\u201d, conclui R\u00f4mulo.<\/p>\n<div data-render=\"planet4-blocks\/gallery\" data-attributes=\"{&quot;attributes&quot;:{&quot;gallery_block_title&quot;:&quot;&quot;,&quot;multiple_image&quot;:&quot;11257,11258,11260,11259,11256,11261,11262&quot;,&quot;image_data&quot;:[{&quot;url&quot;:&quot;&quot;,&quot;focalPoint&quot;:{&quot;x&quot;:0.5,&quot;y&quot;:0.5},&quot;id&quot;:25473}],&quot;gallery_block_style&quot;:0,&quot;gallery_block_description&quot;:&quot;&quot;,&quot;gallery_block_focus_points&quot;:&quot;&quot;,&quot;images&quot;:[{&quot;image_src&quot;:&quot;https:\\\/\\\/www.greenpeace.org\\\/static\\\/planet4-brasil-stateless\\\/2019\\\/09\\\/f16bcb93-gp0sttsmn_medium_res_with_credit_line.jpg&quot;,&quot;image_srcset&quot;:&quot;https:\\\/\\\/www.greenpeace.org\\\/static\\\/planet4-brasil-stateless\\\/2019\\\/09\\\/f16bcb93-gp0sttsmn_medium_res_with_credit_line.jpg 1200w, https:\\\/\\\/www.greenpeace.org\\\/static\\\/planet4-brasil-stateless\\\/2019\\\/09\\\/f16bcb93-gp0sttsmn_medium_res_with_credit_line-300x200.jpg 300w, https:\\\/\\\/www.greenpeace.org\\\/static\\\/planet4-brasil-stateless\\\/2019\\\/09\\\/f16bcb93-gp0sttsmn_medium_res_with_credit_line-768x512.jpg 768w, https:\\\/\\\/www.greenpeace.org\\\/static\\\/planet4-brasil-stateless\\\/2019\\\/09\\\/f16bcb93-gp0sttsmn_medium_res_with_credit_line-1024x683.jpg 1024w, https:\\\/\\\/www.greenpeace.org\\\/static\\\/planet4-brasil-stateless\\\/2019\\\/09\\\/f16bcb93-gp0sttsmn_medium_res_with_credit_line-510x340.jpg 510w&quot;,&quot;image_sizes&quot;:false,&quot;alt_text&quot;:&quot;&quot;,&quot;caption&quot;:&quot;Diante das queimadas na Amaz\\u00f4nia, ativistas ao redor do mundo pediram a prote\\u00e7\\u00e3o da maior floresta tropical do mundo&quot;,&quot;focus_image&quot;:&quot;&quot;,&quot;credits&quot;:&quot;\\u00a9 Mitja Kobal \\\/ Greenpeace&quot;},{&quot;image_src&quot;:&quot;https:\\\/\\\/www.greenpeace.org\\\/static\\\/planet4-brasil-stateless\\\/2019\\\/09\\\/7baa0c32-gp0stttwu_medium_res_with_credit_line.jpg&quot;,&quot;image_srcset&quot;:&quot;https:\\\/\\\/www.greenpeace.org\\\/static\\\/planet4-brasil-stateless\\\/2019\\\/09\\\/7baa0c32-gp0stttwu_medium_res_with_credit_line.jpg 1200w, https:\\\/\\\/www.greenpeace.org\\\/static\\\/planet4-brasil-stateless\\\/2019\\\/09\\\/7baa0c32-gp0stttwu_medium_res_with_credit_line-300x200.jpg 300w, https:\\\/\\\/www.greenpeace.org\\\/static\\\/planet4-brasil-stateless\\\/2019\\\/09\\\/7baa0c32-gp0stttwu_medium_res_with_credit_line-768x512.jpg 768w, https:\\\/\\\/www.greenpeace.org\\\/static\\\/planet4-brasil-stateless\\\/2019\\\/09\\\/7baa0c32-gp0stttwu_medium_res_with_credit_line-1024x683.jpg 1024w, https:\\\/\\\/www.greenpeace.org\\\/static\\\/planet4-brasil-stateless\\\/2019\\\/09\\\/7baa0c32-gp0stttwu_medium_res_with_credit_line-510x340.jpg 510w&quot;,&quot;image_sizes&quot;:false,&quot;alt_text&quot;:&quot;&quot;,&quot;caption&quot;:&quot;Diante das queimadas na Amaz\\u00f4nia, ativistas ao redor do mundo pediram a prote\\u00e7\\u00e3o da maior floresta tropical do mundo&quot;,&quot;focus_image&quot;:&quot;&quot;,&quot;credits&quot;:&quot;\\u00a9 Pedro Armestre \\\/ Greenpeace&quot;},{&quot;image_src&quot;:&quot;https:\\\/\\\/www.greenpeace.org\\\/static\\\/planet4-brasil-stateless\\\/2019\\\/09\\\/c1a0d397-gp0sttu64_medium_res_with_credit_line.jpg&quot;,&quot;image_srcset&quot;:&quot;https:\\\/\\\/www.greenpeace.org\\\/static\\\/planet4-brasil-stateless\\\/2019\\\/09\\\/c1a0d397-gp0sttu64_medium_res_with_credit_line.jpg 1200w, https:\\\/\\\/www.greenpeace.org\\\/static\\\/planet4-brasil-stateless\\\/2019\\\/09\\\/c1a0d397-gp0sttu64_medium_res_with_credit_line-300x200.jpg 300w, https:\\\/\\\/www.greenpeace.org\\\/static\\\/planet4-brasil-stateless\\\/2019\\\/09\\\/c1a0d397-gp0sttu64_medium_res_with_credit_line-768x512.jpg 768w, https:\\\/\\\/www.greenpeace.org\\\/static\\\/planet4-brasil-stateless\\\/2019\\\/09\\\/c1a0d397-gp0sttu64_medium_res_with_credit_line-1024x683.jpg 1024w, https:\\\/\\\/www.greenpeace.org\\\/static\\\/planet4-brasil-stateless\\\/2019\\\/09\\\/c1a0d397-gp0sttu64_medium_res_with_credit_line-510x340.jpg 510w&quot;,&quot;image_sizes&quot;:false,&quot;alt_text&quot;:&quot;&quot;,&quot;caption&quot;:&quot;Diante das queimadas na Amaz\\u00f4nia, ativistas ao redor do mundo pediram a prote\\u00e7\\u00e3o da maior floresta tropical do mundo&quot;,&quot;focus_image&quot;:&quot;&quot;,&quot;credits&quot;:&quot;\\u00a9 Greenpeace&quot;},{&quot;image_src&quot;:&quot;https:\\\/\\\/www.greenpeace.org\\\/static\\\/planet4-brasil-stateless\\\/2019\\\/09\\\/0f562587-gp0sttu0w_medium_res_with_credit_line.jpg&quot;,&quot;image_srcset&quot;:&quot;https:\\\/\\\/www.greenpeace.org\\\/static\\\/planet4-brasil-stateless\\\/2019\\\/09\\\/0f562587-gp0sttu0w_medium_res_with_credit_line.jpg 1200w, https:\\\/\\\/www.greenpeace.org\\\/static\\\/planet4-brasil-stateless\\\/2019\\\/09\\\/0f562587-gp0sttu0w_medium_res_with_credit_line-300x200.jpg 300w, https:\\\/\\\/www.greenpeace.org\\\/static\\\/planet4-brasil-stateless\\\/2019\\\/09\\\/0f562587-gp0sttu0w_medium_res_with_credit_line-768x512.jpg 768w, https:\\\/\\\/www.greenpeace.org\\\/static\\\/planet4-brasil-stateless\\\/2019\\\/09\\\/0f562587-gp0sttu0w_medium_res_with_credit_line-1024x683.jpg 1024w, https:\\\/\\\/www.greenpeace.org\\\/static\\\/planet4-brasil-stateless\\\/2019\\\/09\\\/0f562587-gp0sttu0w_medium_res_with_credit_line-510x340.jpg 510w&quot;,&quot;image_sizes&quot;:false,&quot;alt_text&quot;:&quot;&quot;,&quot;caption&quot;:&quot;Diante das queimadas na Amaz\\u00f4nia, ativistas ao redor do mundo pediram a prote\\u00e7\\u00e3o da maior floresta tropical do mundo&quot;,&quot;focus_image&quot;:&quot;&quot;,&quot;credits&quot;:&quot;\\u00a9 Greenpeace \\\/ Dor Nevo&quot;},{&quot;image_src&quot;:&quot;https:\\\/\\\/www.greenpeace.org\\\/static\\\/planet4-brasil-stateless\\\/2019\\\/09\\\/bec06c52-gp0sttsao_medium_res_with_credit_line.jpg&quot;,&quot;image_srcset&quot;:&quot;https:\\\/\\\/www.greenpeace.org\\\/static\\\/planet4-brasil-stateless\\\/2019\\\/09\\\/bec06c52-gp0sttsao_medium_res_with_credit_line.jpg 1200w, https:\\\/\\\/www.greenpeace.org\\\/static\\\/planet4-brasil-stateless\\\/2019\\\/09\\\/bec06c52-gp0sttsao_medium_res_with_credit_line-300x200.jpg 300w, https:\\\/\\\/www.greenpeace.org\\\/static\\\/planet4-brasil-stateless\\\/2019\\\/09\\\/bec06c52-gp0sttsao_medium_res_with_credit_line-768x512.jpg 768w, https:\\\/\\\/www.greenpeace.org\\\/static\\\/planet4-brasil-stateless\\\/2019\\\/09\\\/bec06c52-gp0sttsao_medium_res_with_credit_line-1024x683.jpg 1024w, https:\\\/\\\/www.greenpeace.org\\\/static\\\/planet4-brasil-stateless\\\/2019\\\/09\\\/bec06c52-gp0sttsao_medium_res_with_credit_line-510x340.jpg 510w&quot;,&quot;image_sizes&quot;:false,&quot;alt_text&quot;:&quot;&quot;,&quot;caption&quot;:&quot;Diante das queimadas na Amaz\\u00f4nia, ativistas ao redor do mundo pediram a prote\\u00e7\\u00e3o da maior floresta tropical do mundo&quot;,&quot;focus_image&quot;:&quot;&quot;,&quot;credits&quot;:&quot; \\u00a9 Pepe Mateos \\\/ Greenpeace&quot;},{&quot;image_src&quot;:&quot;https:\\\/\\\/www.greenpeace.org\\\/static\\\/planet4-brasil-stateless\\\/2019\\\/09\\\/2b4c37b9-gp0sttucf_medium_res_with_credit_line.jpg&quot;,&quot;image_srcset&quot;:&quot;https:\\\/\\\/www.greenpeace.org\\\/static\\\/planet4-brasil-stateless\\\/2019\\\/09\\\/2b4c37b9-gp0sttucf_medium_res_with_credit_line.jpg 1200w, https:\\\/\\\/www.greenpeace.org\\\/static\\\/planet4-brasil-stateless\\\/2019\\\/09\\\/2b4c37b9-gp0sttucf_medium_res_with_credit_line-300x200.jpg 300w, https:\\\/\\\/www.greenpeace.org\\\/static\\\/planet4-brasil-stateless\\\/2019\\\/09\\\/2b4c37b9-gp0sttucf_medium_res_with_credit_line-768x513.jpg 768w, https:\\\/\\\/www.greenpeace.org\\\/static\\\/planet4-brasil-stateless\\\/2019\\\/09\\\/2b4c37b9-gp0sttucf_medium_res_with_credit_line-1024x684.jpg 1024w, https:\\\/\\\/www.greenpeace.org\\\/static\\\/planet4-brasil-stateless\\\/2019\\\/09\\\/2b4c37b9-gp0sttucf_medium_res_with_credit_line-510x340.jpg 510w&quot;,&quot;image_sizes&quot;:false,&quot;alt_text&quot;:&quot;&quot;,&quot;caption&quot;:&quot;Diante das queimadas na Amaz\\u00f4nia, ativistas ao redor do mundo pediram a prote\\u00e7\\u00e3o da maior floresta tropical do mundo&quot;,&quot;focus_image&quot;:&quot;&quot;,&quot;credits&quot;:&quot;\\u00a9 Christian \\u00c5slund \\\/ Greenpeace&quot;},{&quot;image_src&quot;:&quot;https:\\\/\\\/www.greenpeace.org\\\/static\\\/planet4-brasil-stateless\\\/2019\\\/09\\\/4d3475f2-gp0sttuwm_medium_res_with_credit_line.jpg&quot;,&quot;image_srcset&quot;:&quot;https:\\\/\\\/www.greenpeace.org\\\/static\\\/planet4-brasil-stateless\\\/2019\\\/09\\\/4d3475f2-gp0sttuwm_medium_res_with_credit_line.jpg 1200w, https:\\\/\\\/www.greenpeace.org\\\/static\\\/planet4-brasil-stateless\\\/2019\\\/09\\\/4d3475f2-gp0sttuwm_medium_res_with_credit_line-300x169.jpg 300w, https:\\\/\\\/www.greenpeace.org\\\/static\\\/planet4-brasil-stateless\\\/2019\\\/09\\\/4d3475f2-gp0sttuwm_medium_res_with_credit_line-768x433.jpg 768w, https:\\\/\\\/www.greenpeace.org\\\/static\\\/planet4-brasil-stateless\\\/2019\\\/09\\\/4d3475f2-gp0sttuwm_medium_res_with_credit_line-1024x577.jpg 1024w, https:\\\/\\\/www.greenpeace.org\\\/static\\\/planet4-brasil-stateless\\\/2019\\\/09\\\/4d3475f2-gp0sttuwm_medium_res_with_credit_line-510x287.jpg 510w&quot;,&quot;image_sizes&quot;:false,&quot;alt_text&quot;:&quot;&quot;,&quot;caption&quot;:&quot;Diante das queimadas na Amaz\\u00f4nia, ativistas ao redor do mundo pediram a prote\\u00e7\\u00e3o da maior floresta tropical do mundo.&quot;,&quot;focus_image&quot;:&quot;&quot;,&quot;credits&quot;:&quot;\\u00a9 Ashim GC \\\/ Greenpeace&quot;}]}}\"><\/div>\n<p><strong>Pa\u00edses realizam protestos pela prote\u00e7\u00e3o da Amaz\u00f4nia<\/strong><\/p>\n\n<p>Desde que as queimadas na Amaz\u00f4nia chamaram aten\u00e7\u00e3o, muitos protestos aconteceram em diversos pa\u00edses. Ativistas do Greenpeace ao redor do mundo, em locais como Argentina, Chile, Col\u00f4mbia, \u00c1ustria, Espanha, Nova Zel\u00e2ndia, Su\u00e9cia, Israel e Turquia, tamb\u00e9m pediram o fim da destrui\u00e7\u00e3o da floresta.<\/p>\n\n<p><strong>Empresas j\u00e1 suspenderam compras<\/strong><\/p>\n\n<p>\u00c9 pela press\u00e3o dos consumidores que algumas empresas internacionais anunciaram a suspens\u00e3o de compras de couro do Brasil, segundo o Centro das Ind\u00fastrias de Curtumes do Brasil (CICB), associa\u00e7\u00e3o que representa as empresas produtoras do setor.<\/p>\n\n<p>O estreito v\u00ednculo das queimadas na regi\u00e3o Amaz\u00f4nica com o agroneg\u00f3cio foi o motivo alegado para esta suspens\u00e3o. Tanto a ag\u00eancia espacial estadunidense Nasa, quanto o Instituto de Pesquisa Ambiental da Amaz\u00f4nia (Ipam) evidenciaram que os inc\u00eandios deste ano na Amaz\u00f4nia est\u00e3o relacionados com a alta do desmatamento na regi\u00e3o.<\/p>\n\n<p>Em seguida, a maior produtora de salm\u00e3o do mundo, a norueguesa Mowi, tamb\u00e9m anunciou que poderia interromper as aquisi\u00e7\u00f5es de soja do Brasil caso o pa\u00eds n\u00e3o reduzisse o desmatamento na Amaz\u00f4nia.<\/p>\n\n<p>Como em um efeito domin\u00f3, a gigante do setor de alimentos, Nestl\u00e9, que atua h\u00e1 quase cem anos no Brasil, anunciou que dever\u00e1 reavaliar as pr\u00e1ticas de seus fornecedores na regi\u00e3o, especialmente em rela\u00e7\u00e3o \u00e0 carne e cacau. A companhia tamb\u00e9m compra \u00f3leo de palma e soja produzidos na Amaz\u00f4nia. Em 2010, a fabricante assumiu compromisso de que seus produtos n\u00e3o estivessem associados ao desmatamento, por\u00e9m em recente relat\u00f3rio publicado pelo Greenpeace Internacional a multinacional n\u00e3o conseguiu comprovar que nenhuma das suas cadeias produtivas eram de fato livre de desmatamento.<\/p>\n\n<p>Atualmente cada vez mais consumidores do mundo todo exigem respeito a crit\u00e9rios socioambientais por parte das empresas, independente da posi\u00e7\u00e3o que elas ocupem na cadeia de produ\u00e7\u00e3o. Mercados e empresas globais t\u00eam responsabilidade sobre os produtos que compram e n\u00e3o podem aceitar ter seus produtos associados a esse tipo de atividade destruidora. Por isso, devemos cobrar que as empresas se posicionem em defesa da Amaz\u00f4nia.<\/p>\n","protected":false},"excerpt":{"rendered":"<p>\u00c9 hora de exigir que as empresas e os mercados assumam \u2013 e cumpram &#8211; compromissos com a prote\u00e7\u00e3o da Amaz\u00f4nia<\/p>\n","protected":false},"author":28,"featured_media":11147,"comment_status":"open","ping_status":"closed","sticky":false,"template":"","format":"standard","meta":{"ep_exclude_from_search":false,"p4_og_title":"","p4_og_description":"","p4_og_image":"","p4_og_image_id":"","p4_seo_canonical_url":"","p4_campaign_name":"not set","p4_local_project":"not set","p4_basket_name":"not set","p4_department":"","footnotes":""},"categories":[3],"tags":[22],"p4-page-type":[16],"class_list":["post-11253","post","type-post","status-publish","format-standard","has-post-thumbnail","hentry","category-proteja-a-natureza","tag-florestas","p4-page-type-blog"],"_links":{"self":[{"href":"https:\/\/www.greenpeace.org\/brasil\/wp-json\/wp\/v2\/posts\/11253","targetHints":{"allow":["GET"]}}],"collection":[{"href":"https:\/\/www.greenpeace.org\/brasil\/wp-json\/wp\/v2\/posts"}],"about":[{"href":"https:\/\/www.greenpeace.org\/brasil\/wp-json\/wp\/v2\/types\/post"}],"author":[{"embeddable":true,"href":"https:\/\/www.greenpeace.org\/brasil\/wp-json\/wp\/v2\/users\/28"}],"replies":[{"embeddable":true,"href":"https:\/\/www.greenpeace.org\/brasil\/wp-json\/wp\/v2\/comments?post=11253"}],"version-history":[{"count":7,"href":"https:\/\/www.greenpeace.org\/brasil\/wp-json\/wp\/v2\/posts\/11253\/revisions"}],"predecessor-version":[{"id":25532,"href":"https:\/\/www.greenpeace.org\/brasil\/wp-json\/wp\/v2\/posts\/11253\/revisions\/25532"}],"wp:featuredmedia":[{"embeddable":true,"href":"https:\/\/www.greenpeace.org\/brasil\/wp-json\/wp\/v2\/media\/11147"}],"wp:attachment":[{"href":"https:\/\/www.greenpeace.org\/brasil\/wp-json\/wp\/v2\/media?parent=11253"}],"wp:term":[{"taxonomy":"category","embeddable":true,"href":"https:\/\/www.greenpeace.org\/brasil\/wp-json\/wp\/v2\/categories?post=11253"},{"taxonomy":"post_tag","embeddable":true,"href":"https:\/\/www.greenpeace.org\/brasil\/wp-json\/wp\/v2\/tags?post=11253"},{"taxonomy":"p4-page-type","embeddable":true,"href":"https:\/\/www.greenpeace.org\/brasil\/wp-json\/wp\/v2\/p4-page-type?post=11253"}],"curies":[{"name":"wp","href":"https:\/\/api.w.org\/{rel}","templated":true}]}}