{"id":11357,"date":"2019-09-18T15:23:12","date_gmt":"2019-09-18T18:23:12","guid":{"rendered":"https:\/\/www.greenpeace.org\/brasil\/?p=11357"},"modified":"2021-12-01T09:31:51","modified_gmt":"2021-12-01T12:31:51","slug":"greve-global-pelo-clima-acontecera-em-todas-as-regioes-do-brasil","status":"publish","type":"post","link":"https:\/\/www.greenpeace.org\/brasil\/blog\/greve-global-pelo-clima-acontecera-em-todas-as-regioes-do-brasil\/","title":{"rendered":"Greve Global pelo Clima acontecer\u00e1 em todas as regi\u00f5es do Brasil"},"content":{"rendered":"<h4>Pelo menos 38 cidades j\u00e1 confirmaram mobiliza\u00e7\u00f5es, segundo o Fridays For Future (Sextas pelo Futuro)<\/h4>\n<div id=\"attachment_11360\" style=\"width: 5194px\" class=\"wp-caption alignnone\"><img loading=\"lazy\" decoding=\"async\" aria-describedby=\"caption-attachment-11360\" class=\"wp-image-11360 size-full\" src=\"https:\/\/www.greenpeace.org\/static\/planet4-brasil-stateless\/2019\/09\/ac93f0bc-felipe-vieira-alves-da-silva-1.jpg\" alt=\"\" width=\"5184\" height=\"3456\" srcset=\"https:\/\/www.greenpeace.org\/static\/planet4-brasil-stateless\/2019\/09\/ac93f0bc-felipe-vieira-alves-da-silva-1.jpg 5184w, https:\/\/www.greenpeace.org\/static\/planet4-brasil-stateless\/2019\/09\/ac93f0bc-felipe-vieira-alves-da-silva-1-300x200.jpg 300w, https:\/\/www.greenpeace.org\/static\/planet4-brasil-stateless\/2019\/09\/ac93f0bc-felipe-vieira-alves-da-silva-1-768x512.jpg 768w, https:\/\/www.greenpeace.org\/static\/planet4-brasil-stateless\/2019\/09\/ac93f0bc-felipe-vieira-alves-da-silva-1-1024x683.jpg 1024w, https:\/\/www.greenpeace.org\/static\/planet4-brasil-stateless\/2019\/09\/ac93f0bc-felipe-vieira-alves-da-silva-1-2048x1366.jpg 2048w, https:\/\/www.greenpeace.org\/static\/planet4-brasil-stateless\/2019\/09\/ac93f0bc-felipe-vieira-alves-da-silva-1-510x340.jpg 510w\" sizes=\"auto, (max-width: 5184px) 100vw, 5184px\" \/><p id=\"caption-attachment-11360\" class=\"wp-caption-text\">Volunt\u00e1rios do Greenpeace em Bras\u00edlia, em manifesta\u00e7\u00e3o pela Amaz\u00f4nia, dia 23\/08\/2019<\/p><\/div>\n<p>J\u00e1 \u00e9 nesta sexta-feira, 20 de setembro, o primeiro dia de grandes mobiliza\u00e7\u00f5es pelo mundo, a<strong> Greve Global pelo Clima<\/strong>, liderada pelo <a href=\"https:\/\/fridaysforfuturebrasil.org\/\">Fridays For Future<\/a> e com o apoio de diversas organiza\u00e7\u00f5es, como o<strong> Greenpeace<\/strong>. At\u00e9 o final da pr\u00f3xima semana, 27, 4.685 eventos j\u00e1 foram confirmados em 142 pa\u00edses, em todos os continentes. E aqui no Brasil n\u00e3o ser\u00e1 diferente.<\/p>\n<p>Pessoas de todas as partes do mundo se juntar\u00e3o aos jovens estudantes nas ruas, exigindo justi\u00e7a clim\u00e1tica e a\u00e7\u00f5es urgentes para enfrentar a urg\u00eancia clim\u00e1tica e pedir pela prote\u00e7\u00e3o da Amaz\u00f4nia. Descubra o local mais pr\u00f3ximo de voc\u00ea na programa\u00e7\u00e3o abaixo e chame seus amigos, conhecidos e familiares. Muuuuita gente vai estar l\u00e1 pra conversar e trocar ideia sobre como podemos agir para defender o nosso planeta e o nosso futuro.<\/p>\n<p><a class=\"btn btn-primary btn-medium page-header-btn\" href=\"https:\/\/downloads.greenpeace.org.br\/emergencia-climatica\/\" target=\"_blank\" rel=\"noopener noreferrer\">Veja nosso Guia de Mobiliza\u00e7\u00e3o e participe<\/a><\/p>\n<p><strong>Confira a programa\u00e7\u00e3o no Brasil:<\/strong><\/p>\n<p><img loading=\"lazy\" decoding=\"async\" class=\"alignleft wp-image-11363 size-medium\" src=\"https:\/\/www.greenpeace.org\/static\/planet4-brasil-stateless\/2019\/09\/142f750b-redes-sociais-convite-digital-para-a-greve-do-clima-sg-01-300x300.png\" alt=\"\" width=\"300\" height=\"300\" srcset=\"https:\/\/www.greenpeace.org\/static\/planet4-brasil-stateless\/2019\/09\/142f750b-redes-sociais-convite-digital-para-a-greve-do-clima-sg-01-300x300.png 300w, https:\/\/www.greenpeace.org\/static\/planet4-brasil-stateless\/2019\/09\/142f750b-redes-sociais-convite-digital-para-a-greve-do-clima-sg-01-150x150.png 150w, https:\/\/www.greenpeace.org\/static\/planet4-brasil-stateless\/2019\/09\/142f750b-redes-sociais-convite-digital-para-a-greve-do-clima-sg-01-768x768.png 768w, https:\/\/www.greenpeace.org\/static\/planet4-brasil-stateless\/2019\/09\/142f750b-redes-sociais-convite-digital-para-a-greve-do-clima-sg-01-340x340.png 340w, https:\/\/www.greenpeace.org\/static\/planet4-brasil-stateless\/2019\/09\/142f750b-redes-sociais-convite-digital-para-a-greve-do-clima-sg-01.png 1001w\" sizes=\"auto, (max-width: 300px) 100vw, 300px\" \/><\/p>\n<p>&nbsp;<\/p>\n<p>&nbsp;<\/p>\n<p>&nbsp;<\/p>\n<p>&nbsp;<\/p>\n<p>&nbsp;<\/p>\n<p>&nbsp;<\/p>\n<p>&nbsp;<\/p>\n<p>&nbsp;<\/p>\n<p><strong>ALAGOAS<\/strong><\/p>\n<p>Macei\u00f3 | 13:30 | Em frente \u00e0 prefeitura<\/p>\n<p><strong>AMAZONAS<\/strong><\/p>\n<p>Manaus | 17:30 | Aula p\u00fablica \u201cAmaz\u00f4nia e Mudan\u00e7as Clim\u00e1ticas\u201d | Largo de S\u00e3o Sebasti\u00e3o<\/p>\n<p><strong>AMAP\u00c1<\/strong><\/p>\n<p>Macap\u00e1 | 16:00 | Parque do Forte<\/p>\n<p><strong>BAHIA<\/strong><\/p>\n<p>Feira de Santana | 15:00 | Pista de Skate &#8211; R. Bar\u00e3o de Cotegipe, 964<\/p>\n<p>Salvador | 9:00 | Concentra\u00e7\u00e3o na Pra\u00e7a 2 de Julho, Largo do Campo Grande | <a href=\"https:\/\/www.facebook.com\/events\/1045156652344376\/\">https:\/\/www.facebook.com\/events\/1045156652344376\/<\/a><\/p>\n<p>Vale do Cap\u00e3o | 8:30 | Escola Brilho do Cristal<\/p>\n<p><strong>CEAR\u00c1<\/strong><\/p>\n<p>Fortaleza | 07:30 | A\u00e7\u00e3o da Escola Vila na Pra\u00e7a da Igreja Nossa Senhora de F\u00e1tima<\/p>\n<p>Fortaleza | 8:00 | Marcha pelo Clima na Pra\u00e7a Lu\u00edza T\u00e1vora &#8211; Av. Santos Dumont, 1589 | <a href=\"https:\/\/www.facebook.com\/events\/1108212612701090\/\">https:\/\/www.facebook.com\/events\/1108212612701090\/<\/a><\/p>\n<p><strong>DISTRITO FEDERAL<\/strong><\/p>\n<p>Bras\u00edlia | 08:00 | <a href=\"https:\/\/www.facebook.com\/events\/964085870642101\/\">https:\/\/www.facebook.com\/events\/964085870642101\/<\/a><\/p>\n<p>Bras\u00edlia | 16:00 | Concentra\u00e7\u00e3o na plataforma inferior da Rodovi\u00e1ria (escadas do metr\u00f4) para em seguida sair em marcha at\u00e9 o Congresso Nacional.<\/p>\n<p><strong>GOI\u00c1S<\/strong><\/p>\n<p>Goi\u00e2nia | 9:00 | Parque Flamboyant<\/p>\n<p><strong>MARANH\u00c3O<\/strong><\/p>\n<p>S\u00e3o Lu\u00eds | 15:00 | Pra\u00e7a Deodoro<\/p>\n<p><strong>MINAS GERAIS<\/strong><\/p>\n<p>Belo Horizonte | 17:30 | Igreja Nossa Senhora da Paz, Rua Nilo Aparecido, 341<\/p>\n<p>Uberl\u00e2ndia | 15:00 | Em frente \u00e0 prefeitura<\/p>\n<p><strong>PAR\u00c1<\/strong><\/p>\n<p>Bel\u00e9m | 16:00 | Escadinha do Cais do Porto | <a href=\"https:\/\/www.facebook.com\/events\/384605235768002\/\">https:\/\/www.facebook.com\/events\/384605235768002\/<\/a><\/p>\n<p><strong>PARAN\u00c1<\/strong><\/p>\n<p>Campo Mour\u00e3o | 9:00 | Pra\u00e7a s\u00e3o Jos\u00e9<\/p>\n<p>Curitiba | 17:30 | Pra\u00e7a Santos Andrade<\/p>\n<p>Maring\u00e1 | 19:00 | Pra\u00e7a da Catedral, em frente \u00e0 catedral de Maring\u00e1<\/p>\n<p>Ponta Grossa | 12:00 | Cal\u00e7ad\u00e3o<\/p>\n<p><strong>PERNAMBUCO<\/strong><\/p>\n<p>Recife | 16:00 | Pra\u00e7a do Derby<\/p>\n<p><strong>PIAU\u00cd<\/strong><\/p>\n<p>Teresina | 12:00 | Em frente ao IFPI Central | Pra\u00e7a da Liberdade<\/p>\n<p><strong>RIO DE JANEIRO<\/strong><\/p>\n<p>Rio de Janeiro | 10:00 | Em frente \u00e0 ALERJ &#8211; R. Primeiro de Mar\u00e7o, S\/n &#8211; Pra\u00e7a XV<\/p>\n<p>Rio de Janeiro | 16:00 | Em frente ao IBAMA &#8211; R. Primeiro de Mar\u00e7o, S\/n &#8211; Pra\u00e7a XV | <a href=\"https:\/\/www.facebook.com\/events\/488051532050189\/\">https:\/\/www.facebook.com\/events\/488051532050189\/<\/a><\/p>\n<p><strong>RIO GRANDE DO NORTE<\/strong><\/p>\n<p>Mossor\u00f3 | 15:00 | Pra\u00e7a do PAX | Rua Coronel Gurgel, 191<\/p>\n<p>Natal | 15:00 | Pra\u00e7a C\u00edvica (Pra\u00e7a Pedro Velho)<\/p>\n<p><strong>RIO GRANDE DO SUL<\/strong><\/p>\n<p>Porto Alegre | 15:00 | Reden\u00e7\u00e3o<\/p>\n<p><strong>S\u00c3O PAULO<\/strong><\/p>\n<p>Bauru | 17:00 | Em frente \u00e0 C\u00e2mara Municipal | <a href=\"https:\/\/www.facebook.com\/events\/483451652508609\/\">https:\/\/www.facebook.com\/events\/483451652508609\/<\/a><\/p>\n<p>Bertioga | 9:00 | Forte S\u00e3o Jo\u00e3o Bertioga. Av. Vicente de Carvalho, s\/n<\/p>\n<p>Campinas | 16:00 | Largo do Ros\u00e1rio | https:\/\/www.facebook.com\/events\/506501516828721\/<\/p>\n<p>Cotia \/ Granja Viana | 8:00 | Em frente \u00e0 escola Sidarta, Estrada Fernando Nobre, 1332<\/p>\n<p>Guaratinguet\u00e1 | 14:00 | EMEIEF Prof\u00aa Aliete Ferreira Gon\u00e7alves, Rua Geraldo Nunes, 304 &#8211; bairro S\u00e3o Manoel<\/p>\n<p>Guaruj\u00e1 | 17:00 | Pra\u00e7a Hor\u00e1cio Lafer<\/p>\n<p>Ilhabela | 10:00 | Pra\u00e7a da Mangueira<\/p>\n<p>Limeira | 13:00 | Pra\u00e7a Toledo Barros<\/p>\n<p>Peru\u00edbe | 09:00 | Praia de Peru\u00edbe, Avenida da Praia Peru\u00edbe<\/p>\n<p>Santos | 14:00 | Esta\u00e7\u00e3o da Cidadania (Av. Ana Costa) | <a href=\"https:\/\/www.facebook.com\/events\/497300227732652\/\">https:\/\/www.facebook.com\/events\/497300227732652\/<\/a><\/p>\n<p>S\u00e3o Carlos | 15:30 | Pra\u00e7a XV de Novembro | https:\/\/www.facebook.com\/events\/458105461439678\/<\/p>\n<p>S\u00e3o Jo\u00e3o da Boa Vista |10:00 |\u00a0 Pra\u00e7a Jos\u00e9 Pires<\/p>\n<p>S\u00e3o Paulo | 16:00 | MASP &#8211; Museu de Arte de S\u00e3o Paulo, Av. Paulista, 1578 | <a href=\"https:\/\/www.facebook.com\/events\/2291378324446212\/\">https:\/\/www.facebook.com\/events\/2291378324446212\/<\/a><\/p>\n<p><strong>SANTA CATARINA<\/strong><\/p>\n<p>Atalanta | 9:00 | Em frente \u00e0 prefeitura<\/p>\n<p>Florian\u00f3polis | 15:00 | Largo da Catedral de Florian\u00f3polis | <a href=\"https:\/\/www.facebook.com\/events\/973151036363680\/\">https:\/\/www.facebook.com\/events\/973151036363680\/<\/a><\/p>\n<p>Jaragu\u00e1 do Sul | 17:30 | Museu da Paz<\/p>\n<p><strong>SERGIPE<\/strong><\/p>\n<p>Aracaju | 15:00 | Cal\u00e7ad\u00e3o da Jo\u00e3o Pessoa<\/p>\n<p>(Fonte: <a href=\"https:\/\/fridaysforfuturebrasil.org\/eventos\">Fridays for Future Brasil<\/a>)<\/p>\n<div class=\"EmptyMessage\">Block content is empty. Check the block&#8217;s settings or remove it.<\/div>","protected":false},"excerpt":{"rendered":"<p>No Brasil, pelo menos 38 cidades j\u00e1 est\u00e3o confirmadas, segundo o Fridays For Future (Sextas pelo Futuro) J\u00e1 \u00e9 sexta-feira agora, 20 de setembro, o primeiro da grande mobiliza\u00e7\u00e3o mundial,&hellip;<\/p>\n","protected":false},"author":67,"featured_media":11363,"comment_status":"open","ping_status":"closed","sticky":false,"template":"","format":"standard","meta":{"ep_exclude_from_search":false,"p4_og_title":"","p4_og_description":"","p4_og_image":"","p4_og_image_id":"","p4_seo_canonical_url":"","p4_campaign_name":"","p4_local_project":"","p4_basket_name":"","p4_department":"","footnotes":""},"categories":[2],"tags":[6,23],"p4-page-type":[16],"class_list":["post-11357","post","type-post","status-publish","format-standard","has-post-thumbnail","hentry","category-transforme-a-sociedade","tag-clima","tag-mobilizacao","p4-page-type-blog"],"_links":{"self":[{"href":"https:\/\/www.greenpeace.org\/brasil\/wp-json\/wp\/v2\/posts\/11357","targetHints":{"allow":["GET"]}}],"collection":[{"href":"https:\/\/www.greenpeace.org\/brasil\/wp-json\/wp\/v2\/posts"}],"about":[{"href":"https:\/\/www.greenpeace.org\/brasil\/wp-json\/wp\/v2\/types\/post"}],"author":[{"embeddable":true,"href":"https:\/\/www.greenpeace.org\/brasil\/wp-json\/wp\/v2\/users\/67"}],"replies":[{"embeddable":true,"href":"https:\/\/www.greenpeace.org\/brasil\/wp-json\/wp\/v2\/comments?post=11357"}],"version-history":[{"count":13,"href":"https:\/\/www.greenpeace.org\/brasil\/wp-json\/wp\/v2\/posts\/11357\/revisions"}],"predecessor-version":[{"id":35366,"href":"https:\/\/www.greenpeace.org\/brasil\/wp-json\/wp\/v2\/posts\/11357\/revisions\/35366"}],"wp:featuredmedia":[{"embeddable":true,"href":"https:\/\/www.greenpeace.org\/brasil\/wp-json\/wp\/v2\/media\/11363"}],"wp:attachment":[{"href":"https:\/\/www.greenpeace.org\/brasil\/wp-json\/wp\/v2\/media?parent=11357"}],"wp:term":[{"taxonomy":"category","embeddable":true,"href":"https:\/\/www.greenpeace.org\/brasil\/wp-json\/wp\/v2\/categories?post=11357"},{"taxonomy":"post_tag","embeddable":true,"href":"https:\/\/www.greenpeace.org\/brasil\/wp-json\/wp\/v2\/tags?post=11357"},{"taxonomy":"p4-page-type","embeddable":true,"href":"https:\/\/www.greenpeace.org\/brasil\/wp-json\/wp\/v2\/p4-page-type?post=11357"}],"curies":[{"name":"wp","href":"https:\/\/api.w.org\/{rel}","templated":true}]}}