{"id":11448,"date":"2019-09-21T12:28:28","date_gmt":"2019-09-21T15:28:28","guid":{"rendered":"https:\/\/www.greenpeace.org\/brasil\/?p=11448"},"modified":"2025-07-02T04:34:49","modified_gmt":"2025-07-02T07:34:49","slug":"milhoes-de-pessoas-foram-as-ruas-ontem-na-greve-global-pelo-clima","status":"publish","type":"post","link":"https:\/\/www.greenpeace.org\/brasil\/blog\/milhoes-de-pessoas-foram-as-ruas-ontem-na-greve-global-pelo-clima\/","title":{"rendered":"Milh\u00f5es de pessoas foram \u00e0s ruas ontem na Greve Global pelo Clima"},"content":{"rendered":"\n<h4 class=\"wp-block-heading\"> Em S\u00e3o Paulo, nos unimos aos jovens, pedimos a prote\u00e7\u00e3o pela Amaz\u00f4nia e ironizamos os \u201cC\u00e9ticos do Clima\u201d, representados por aqueles que amea\u00e7am o agravamento da crise clim\u00e1tica <\/h4>\n<div data-render=\"planet4-blocks\/gallery\" data-attributes=\"{&quot;attributes&quot;:{&quot;multiple_image&quot;:&quot;11449,11469&quot;,&quot;image_data&quot;:[{&quot;url&quot;:&quot;https:\\\/\\\/www.greenpeace.org\\\/static\\\/planet4-brasil-stateless\\\/2019\\\/09\\\/20190920_BARBARA-VEIGA_GREENPEACE_GREVE-GERAL-PELO-CLIMA_2603.jpg&quot;,&quot;focalPoint&quot;:{&quot;x&quot;:0.5,&quot;y&quot;:0.5},&quot;id&quot;:11449},{&quot;url&quot;:&quot;https:\\\/\\\/www.greenpeace.org\\\/static\\\/planet4-brasil-stateless\\\/2019\\\/09\\\/d559b94f-dji_0016.jpg&quot;,&quot;focalPoint&quot;:{&quot;x&quot;:0.5,&quot;y&quot;:0.5},&quot;id&quot;:11469}],&quot;gallery_block_style&quot;:0,&quot;gallery_block_title&quot;:&quot;&quot;,&quot;gallery_block_description&quot;:&quot;&quot;,&quot;gallery_block_focus_points&quot;:&quot;&quot;,&quot;images&quot;:[{&quot;image_src&quot;:&quot;https:\\\/\\\/www.greenpeace.org\\\/static\\\/planet4-brasil-stateless\\\/2019\\\/09\\\/20190920_BARBARA-VEIGA_GREENPEACE_GREVE-GERAL-PELO-CLIMA_2603.jpg&quot;,&quot;image_srcset&quot;:&quot;https:\\\/\\\/www.greenpeace.org\\\/static\\\/planet4-brasil-stateless\\\/2019\\\/09\\\/20190920_BARBARA-VEIGA_GREENPEACE_GREVE-GERAL-PELO-CLIMA_2603.jpg 4200w, https:\\\/\\\/www.greenpeace.org\\\/static\\\/planet4-brasil-stateless\\\/2019\\\/09\\\/20190920_BARBARA-VEIGA_GREENPEACE_GREVE-GERAL-PELO-CLIMA_2603-300x200.jpg 300w, https:\\\/\\\/www.greenpeace.org\\\/static\\\/planet4-brasil-stateless\\\/2019\\\/09\\\/20190920_BARBARA-VEIGA_GREENPEACE_GREVE-GERAL-PELO-CLIMA_2603-768x512.jpg 768w, https:\\\/\\\/www.greenpeace.org\\\/static\\\/planet4-brasil-stateless\\\/2019\\\/09\\\/20190920_BARBARA-VEIGA_GREENPEACE_GREVE-GERAL-PELO-CLIMA_2603-1024x683.jpg 1024w, https:\\\/\\\/www.greenpeace.org\\\/static\\\/planet4-brasil-stateless\\\/2019\\\/09\\\/20190920_BARBARA-VEIGA_GREENPEACE_GREVE-GERAL-PELO-CLIMA_2603-2048x1366.jpg 2048w, https:\\\/\\\/www.greenpeace.org\\\/static\\\/planet4-brasil-stateless\\\/2019\\\/09\\\/20190920_BARBARA-VEIGA_GREENPEACE_GREVE-GERAL-PELO-CLIMA_2603-510x340.jpg 510w&quot;,&quot;image_sizes&quot;:false,&quot;alt_text&quot;:&quot;&quot;,&quot;caption&quot;:&quot;Bloco do Greenpeace na Greve Global pelo Clima, em S\\u00e3o Paulo, 20 de setembro&quot;,&quot;focus_image&quot;:&quot;&quot;,&quot;credits&quot;:&quot;\\u00a9 Barbara Veiga \\\/ Greenpeace&quot;},{&quot;image_src&quot;:&quot;https:\\\/\\\/www.greenpeace.org\\\/static\\\/planet4-brasil-stateless\\\/2019\\\/09\\\/d559b94f-dji_0016.jpg&quot;,&quot;image_srcset&quot;:&quot;https:\\\/\\\/www.greenpeace.org\\\/static\\\/planet4-brasil-stateless\\\/2019\\\/09\\\/d559b94f-dji_0016.jpg 3992w, https:\\\/\\\/www.greenpeace.org\\\/static\\\/planet4-brasil-stateless\\\/2019\\\/09\\\/d559b94f-dji_0016-300x168.jpg 300w, https:\\\/\\\/www.greenpeace.org\\\/static\\\/planet4-brasil-stateless\\\/2019\\\/09\\\/d559b94f-dji_0016-768x431.jpg 768w, https:\\\/\\\/www.greenpeace.org\\\/static\\\/planet4-brasil-stateless\\\/2019\\\/09\\\/d559b94f-dji_0016-1024x575.jpg 1024w, https:\\\/\\\/www.greenpeace.org\\\/static\\\/planet4-brasil-stateless\\\/2019\\\/09\\\/d559b94f-dji_0016-2048x1150.jpg 2048w, https:\\\/\\\/www.greenpeace.org\\\/static\\\/planet4-brasil-stateless\\\/2019\\\/09\\\/d559b94f-dji_0016-510x286.jpg 510w&quot;,&quot;image_sizes&quot;:false,&quot;alt_text&quot;:&quot;&quot;,&quot;caption&quot;:&quot;Banner gigante \\&quot;SOS Clima\\&quot;, 20 de setembro, em S\\u00e3o Paulo&quot;,&quot;focus_image&quot;:&quot;&quot;,&quot;credits&quot;:&quot;\\u00a9 Thomas Mendel \\\/ Greenpeace&quot;}]}}\"><\/div><p>Ontem, junto com o mundo, o Brasil foi \u00e0s ruas para<strong> defender o planeta<\/strong>, nossa casa comum. A <strong>Greve Global pelo Clima<\/strong>, uma mobiliza\u00e7\u00e3o mundial puxada <a href=\"https:\/\/www.greenpeace.org\/brasil\/blog\/greve-global-pelo-clima-em-20-de-setembro-a-juventude-chama-as-ruas\/\">pelas m\u00e3os da juventude<\/a>, que exige medidas concretas para frear as emiss\u00f5es de g\u00e1s carb\u00f4nico e combater o aquecimento global, levou milh\u00f5es de pessoas a manifesta\u00e7\u00f5es pelo mundo, em todos os continentes. No Brasil, pelo menos 65 cidades participaram e pediram pela defesa da Amaz\u00f4nia e por justi\u00e7a clim\u00e1tica.<\/p>\n<p>O Greenpeace, como parte da <strong>Coaliz\u00e3o pelo Clima<\/strong>, uma das organizadoras da mobiliza\u00e7\u00e3o em S\u00e3o Paulo, foi \u00e0s ruas em apoio aos jovens. Com irrever\u00eancia e humor, ironizamos o desmonte das pol\u00edticas ambientais do governo atual mostrando os agentes e os discursos que buscam desvirtuar fatos reais e desqualificar a ci\u00eancia.<\/p>\n<p>No nosso bloco, trouxemos os <strong>\u201cC\u00e9ticos do Clima\u201d<\/strong>, composto pelas figuras do ruralista, do terraplanista, do cientista maluco, do \u201csinistro\u201d Salles e do presidente Jair Bolsonaro. \u201cDiscursos que desacreditam o trabalho de institutos respons\u00e1veis, como o INPE (Instituto Nacional de pesquisas Espaciais), a gravidade da crise clim\u00e1tica, al\u00e9m do descaso com comunidades e popula\u00e7\u00f5es ind\u00edgenas que habitam os diversos biomas brasileiros n\u00e3o devem ser tolerados em um pa\u00eds democr\u00e1tico\u201d, diz Fabiana Alves, da campanha de Clima do Greenpeace.<\/p>\n<p>Assim como os jovens, n\u00f3s tamb\u00e9m deixamos nosso recado carregando uma faixa com os seguintes dizeres: <strong>\u201cSem Amaz\u00f4nia, sem Clima\u201d<\/strong>. E mais para tr\u00e1s, nossos ativistas carregavam um banner de 50 metros que gritava ao mundo: SOS Clima. Todo esse ativismo ao som do maracatu, batida brasileira que embalou nosso protesto pac\u00edfico na noite de ontem.<\/p>\n<div data-render=\"planet4-blocks\/gallery\" data-attributes=\"{&quot;attributes&quot;:{&quot;multiple_image&quot;:&quot;11466,11467&quot;,&quot;gallery_block_focus_points&quot;:&quot;{\\&quot;11466\\&quot;:\\&quot;50% 50%\\&quot;,\\&quot;11467\\&quot;:\\&quot;50% 50%\\&quot;}&quot;,&quot;image_data&quot;:[{&quot;url&quot;:&quot;https:\\\/\\\/www.greenpeace.org\\\/static\\\/planet4-brasil-stateless\\\/2019\\\/09\\\/20190920_BARBARA-VEIGA_GREENPEACE_GREVE-GERAL-PELO-CLIMA_2473.jpg&quot;,&quot;focalPoint&quot;:{&quot;x&quot;:0.5,&quot;y&quot;:0.5},&quot;id&quot;:&quot;11467&quot;}],&quot;gallery_block_style&quot;:0,&quot;gallery_block_title&quot;:&quot;&quot;,&quot;gallery_block_description&quot;:&quot;&quot;,&quot;images&quot;:[{&quot;image_src&quot;:&quot;https:\\\/\\\/www.greenpeace.org\\\/static\\\/planet4-brasil-stateless\\\/2019\\\/09\\\/20190920_BARBARA-VEIGA_GREENPEACE_GREVE-GERAL-PELO-CLIMA_2456.jpg&quot;,&quot;image_srcset&quot;:&quot;https:\\\/\\\/www.greenpeace.org\\\/static\\\/planet4-brasil-stateless\\\/2019\\\/09\\\/20190920_BARBARA-VEIGA_GREENPEACE_GREVE-GERAL-PELO-CLIMA_2456.jpg 4200w, https:\\\/\\\/www.greenpeace.org\\\/static\\\/planet4-brasil-stateless\\\/2019\\\/09\\\/20190920_BARBARA-VEIGA_GREENPEACE_GREVE-GERAL-PELO-CLIMA_2456-300x200.jpg 300w, https:\\\/\\\/www.greenpeace.org\\\/static\\\/planet4-brasil-stateless\\\/2019\\\/09\\\/20190920_BARBARA-VEIGA_GREENPEACE_GREVE-GERAL-PELO-CLIMA_2456-768x512.jpg 768w, https:\\\/\\\/www.greenpeace.org\\\/static\\\/planet4-brasil-stateless\\\/2019\\\/09\\\/20190920_BARBARA-VEIGA_GREENPEACE_GREVE-GERAL-PELO-CLIMA_2456-1024x683.jpg 1024w, https:\\\/\\\/www.greenpeace.org\\\/static\\\/planet4-brasil-stateless\\\/2019\\\/09\\\/20190920_BARBARA-VEIGA_GREENPEACE_GREVE-GERAL-PELO-CLIMA_2456-2048x1366.jpg 2048w, https:\\\/\\\/www.greenpeace.org\\\/static\\\/planet4-brasil-stateless\\\/2019\\\/09\\\/20190920_BARBARA-VEIGA_GREENPEACE_GREVE-GERAL-PELO-CLIMA_2456-510x340.jpg 510w&quot;,&quot;image_sizes&quot;:false,&quot;alt_text&quot;:&quot;&quot;,&quot;caption&quot;:&quot;O bloco dos \\&quot;C\\u00e9ticos do Clima\\&quot;, do Greenpeace&quot;,&quot;focus_image&quot;:&quot;50% 50%&quot;,&quot;credits&quot;:&quot;\\u00a9 Barbara Veiga \\\/ Greenpeace&quot;},{&quot;image_src&quot;:&quot;https:\\\/\\\/www.greenpeace.org\\\/static\\\/planet4-brasil-stateless\\\/2019\\\/09\\\/20190920_BARBARA-VEIGA_GREENPEACE_GREVE-GERAL-PELO-CLIMA_2473.jpg&quot;,&quot;image_srcset&quot;:&quot;https:\\\/\\\/www.greenpeace.org\\\/static\\\/planet4-brasil-stateless\\\/2019\\\/09\\\/20190920_BARBARA-VEIGA_GREENPEACE_GREVE-GERAL-PELO-CLIMA_2473.jpg 1867w, https:\\\/\\\/www.greenpeace.org\\\/static\\\/planet4-brasil-stateless\\\/2019\\\/09\\\/20190920_BARBARA-VEIGA_GREENPEACE_GREVE-GERAL-PELO-CLIMA_2473-200x300.jpg 200w, https:\\\/\\\/www.greenpeace.org\\\/static\\\/planet4-brasil-stateless\\\/2019\\\/09\\\/20190920_BARBARA-VEIGA_GREENPEACE_GREVE-GERAL-PELO-CLIMA_2473-768x1152.jpg 768w, https:\\\/\\\/www.greenpeace.org\\\/static\\\/planet4-brasil-stateless\\\/2019\\\/09\\\/20190920_BARBARA-VEIGA_GREENPEACE_GREVE-GERAL-PELO-CLIMA_2473-683x1024.jpg 683w, https:\\\/\\\/www.greenpeace.org\\\/static\\\/planet4-brasil-stateless\\\/2019\\\/09\\\/20190920_BARBARA-VEIGA_GREENPEACE_GREVE-GERAL-PELO-CLIMA_2473-911x1366.jpg 911w, https:\\\/\\\/www.greenpeace.org\\\/static\\\/planet4-brasil-stateless\\\/2019\\\/09\\\/20190920_BARBARA-VEIGA_GREENPEACE_GREVE-GERAL-PELO-CLIMA_2473-227x340.jpg 227w&quot;,&quot;image_sizes&quot;:false,&quot;alt_text&quot;:&quot;&quot;,&quot;caption&quot;:&quot;O sinistro do meio ambiente, no bloco dos \\&quot;C\\u00e9ticos do Clima\\&quot;&quot;,&quot;focus_image&quot;:&quot;50% 50%&quot;,&quot;credits&quot;:&quot;\\u00a9 Barbara Veiga \\\/ Greenpeace&quot;}]}}\"><\/div><p>Em muitas das manifesta\u00e7\u00f5es, as vozes das crian\u00e7as e dos jovens protagonizaram o lugar de fala. Em S\u00e3o Paulo, em um palco com microfone aberto, as primeiras a discursar foram as crian\u00e7as.<\/p>\n<p>\u201c<strong>N\u00e3o existe planeta B.<\/strong> Se a gente destruir este, quer dizer, se <strong>voc\u00eas<\/strong> destru\u00edrem mais este planeta, n\u00e3o vai ter outro pra gente viver. Por isso, a gente pede para voc\u00eas ajudarem a consertar o que j\u00e1 foi estragado no nosso planeta\u201d, disse Cora Mirandez, 10 anos, uma das crian\u00e7as que subiu ao palco ontem em S\u00e3o Paulo, durante a concentra\u00e7\u00e3o no Masp \u2013 Museu de Arte de S\u00e3o Paulo.<\/p>\n<div data-render=\"planet4-blocks\/gallery\" data-attributes=\"{&quot;attributes&quot;:{&quot;multiple_image&quot;:&quot;11452,11453,11455,11456,11457,11459&quot;,&quot;gallery_block_focus_points&quot;:&quot;{\\&quot;11452\\&quot;:\\&quot;50% 50%\\&quot;,\\&quot;11453\\&quot;:\\&quot;50% 50%\\&quot;,\\&quot;11455\\&quot;:\\&quot;50% 50%\\&quot;,\\&quot;11456\\&quot;:\\&quot;50% 50%\\&quot;,\\&quot;11457\\&quot;:\\&quot;50% 50%\\&quot;,\\&quot;11459\\&quot;:\\&quot;50% 50%\\&quot;}&quot;,&quot;image_data&quot;:[{&quot;url&quot;:&quot;https:\\\/\\\/www.greenpeace.org\\\/static\\\/planet4-brasil-stateless\\\/2019\\\/09\\\/20190920_BARBARA-VEIGA_GREENPEACE_GREVE-GERAL-PELO-CLIMA_2416.jpg&quot;,&quot;focalPoint&quot;:{&quot;x&quot;:0.5,&quot;y&quot;:0.5},&quot;id&quot;:&quot;11459&quot;}],&quot;gallery_block_style&quot;:0,&quot;gallery_block_title&quot;:&quot;&quot;,&quot;gallery_block_description&quot;:&quot;&quot;,&quot;images&quot;:[{&quot;image_src&quot;:&quot;https:\\\/\\\/www.greenpeace.org\\\/static\\\/planet4-brasil-stateless\\\/2019\\\/09\\\/20190920_BARBARA-VEIGA_GREENPEACE_GREVE-GERAL-PELO-CLIMA_2693.jpg&quot;,&quot;image_srcset&quot;:&quot;https:\\\/\\\/www.greenpeace.org\\\/static\\\/planet4-brasil-stateless\\\/2019\\\/09\\\/20190920_BARBARA-VEIGA_GREENPEACE_GREVE-GERAL-PELO-CLIMA_2693.jpg 4200w, https:\\\/\\\/www.greenpeace.org\\\/static\\\/planet4-brasil-stateless\\\/2019\\\/09\\\/20190920_BARBARA-VEIGA_GREENPEACE_GREVE-GERAL-PELO-CLIMA_2693-300x200.jpg 300w, https:\\\/\\\/www.greenpeace.org\\\/static\\\/planet4-brasil-stateless\\\/2019\\\/09\\\/20190920_BARBARA-VEIGA_GREENPEACE_GREVE-GERAL-PELO-CLIMA_2693-768x512.jpg 768w, https:\\\/\\\/www.greenpeace.org\\\/static\\\/planet4-brasil-stateless\\\/2019\\\/09\\\/20190920_BARBARA-VEIGA_GREENPEACE_GREVE-GERAL-PELO-CLIMA_2693-1024x683.jpg 1024w, https:\\\/\\\/www.greenpeace.org\\\/static\\\/planet4-brasil-stateless\\\/2019\\\/09\\\/20190920_BARBARA-VEIGA_GREENPEACE_GREVE-GERAL-PELO-CLIMA_2693-2048x1366.jpg 2048w, https:\\\/\\\/www.greenpeace.org\\\/static\\\/planet4-brasil-stateless\\\/2019\\\/09\\\/20190920_BARBARA-VEIGA_GREENPEACE_GREVE-GERAL-PELO-CLIMA_2693-510x340.jpg 510w&quot;,&quot;image_sizes&quot;:false,&quot;alt_text&quot;:&quot;&quot;,&quot;caption&quot;:&quot;Crian\\u00e7as e jovens levam a faixa que abre o ato: Greve Global pelo Clima, em S\\u00e3o Paulo&quot;,&quot;focus_image&quot;:&quot;50% 50%&quot;,&quot;credits&quot;:&quot;\\u00a9 Barbara Veiga \\\/ Greenpeace&quot;},{&quot;image_src&quot;:&quot;https:\\\/\\\/www.greenpeace.org\\\/static\\\/planet4-brasil-stateless\\\/2019\\\/09\\\/20190920_BARBARA-VEIGA_GREENPEACE_GREVE-GERAL-PELO-CLIMA_2502.jpg&quot;,&quot;image_srcset&quot;:false,&quot;image_sizes&quot;:false,&quot;alt_text&quot;:&quot;&quot;,&quot;caption&quot;:&quot;Jovens com cartazes pedem: \\&quot;N\\u00e3o existe planeta B. Go Vegan\\&quot;&quot;,&quot;focus_image&quot;:&quot;50% 50%&quot;,&quot;credits&quot;:&quot;\\u00a9 Barbara Veiga \\\/ Greenpeace&quot;},{&quot;image_src&quot;:&quot;https:\\\/\\\/www.greenpeace.org\\\/static\\\/planet4-brasil-stateless\\\/2019\\\/09\\\/20190920_BARBARA-VEIGA_GREENPEACE_GREVE-GERAL-PELO-CLIMA_2327.jpg&quot;,&quot;image_srcset&quot;:&quot;https:\\\/\\\/www.greenpeace.org\\\/static\\\/planet4-brasil-stateless\\\/2019\\\/09\\\/20190920_BARBARA-VEIGA_GREENPEACE_GREVE-GERAL-PELO-CLIMA_2327.jpg 4200w, https:\\\/\\\/www.greenpeace.org\\\/static\\\/planet4-brasil-stateless\\\/2019\\\/09\\\/20190920_BARBARA-VEIGA_GREENPEACE_GREVE-GERAL-PELO-CLIMA_2327-300x200.jpg 300w, https:\\\/\\\/www.greenpeace.org\\\/static\\\/planet4-brasil-stateless\\\/2019\\\/09\\\/20190920_BARBARA-VEIGA_GREENPEACE_GREVE-GERAL-PELO-CLIMA_2327-768x512.jpg 768w, https:\\\/\\\/www.greenpeace.org\\\/static\\\/planet4-brasil-stateless\\\/2019\\\/09\\\/20190920_BARBARA-VEIGA_GREENPEACE_GREVE-GERAL-PELO-CLIMA_2327-1024x683.jpg 1024w, https:\\\/\\\/www.greenpeace.org\\\/static\\\/planet4-brasil-stateless\\\/2019\\\/09\\\/20190920_BARBARA-VEIGA_GREENPEACE_GREVE-GERAL-PELO-CLIMA_2327-2048x1366.jpg 2048w, https:\\\/\\\/www.greenpeace.org\\\/static\\\/planet4-brasil-stateless\\\/2019\\\/09\\\/20190920_BARBARA-VEIGA_GREENPEACE_GREVE-GERAL-PELO-CLIMA_2327-510x340.jpg 510w&quot;,&quot;image_sizes&quot;:false,&quot;alt_text&quot;:&quot;&quot;,&quot;caption&quot;:&quot;Fam\\u00edlias pelo Clima na mobiliza\\u00e7\\u00e3o em S\\u00e3o Paulo&quot;,&quot;focus_image&quot;:&quot;50% 50%&quot;,&quot;credits&quot;:&quot;\\u00a9 Barbara Veiga \\\/ Greenpeace&quot;},{&quot;image_src&quot;:&quot;https:\\\/\\\/www.greenpeace.org\\\/static\\\/planet4-brasil-stateless\\\/2019\\\/09\\\/20190920_BARBARA-VEIGA_GREENPEACE_GREVE-GERAL-PELO-CLIMA_2375.jpg&quot;,&quot;image_srcset&quot;:&quot;https:\\\/\\\/www.greenpeace.org\\\/static\\\/planet4-brasil-stateless\\\/2019\\\/09\\\/20190920_BARBARA-VEIGA_GREENPEACE_GREVE-GERAL-PELO-CLIMA_2375.jpg 1867w, https:\\\/\\\/www.greenpeace.org\\\/static\\\/planet4-brasil-stateless\\\/2019\\\/09\\\/20190920_BARBARA-VEIGA_GREENPEACE_GREVE-GERAL-PELO-CLIMA_2375-200x300.jpg 200w, https:\\\/\\\/www.greenpeace.org\\\/static\\\/planet4-brasil-stateless\\\/2019\\\/09\\\/20190920_BARBARA-VEIGA_GREENPEACE_GREVE-GERAL-PELO-CLIMA_2375-768x1152.jpg 768w, https:\\\/\\\/www.greenpeace.org\\\/static\\\/planet4-brasil-stateless\\\/2019\\\/09\\\/20190920_BARBARA-VEIGA_GREENPEACE_GREVE-GERAL-PELO-CLIMA_2375-683x1024.jpg 683w, https:\\\/\\\/www.greenpeace.org\\\/static\\\/planet4-brasil-stateless\\\/2019\\\/09\\\/20190920_BARBARA-VEIGA_GREENPEACE_GREVE-GERAL-PELO-CLIMA_2375-911x1366.jpg 911w, https:\\\/\\\/www.greenpeace.org\\\/static\\\/planet4-brasil-stateless\\\/2019\\\/09\\\/20190920_BARBARA-VEIGA_GREENPEACE_GREVE-GERAL-PELO-CLIMA_2375-227x340.jpg 227w&quot;,&quot;image_sizes&quot;:false,&quot;alt_text&quot;:&quot;&quot;,&quot;caption&quot;:&quot;Gera\\u00e7\\u00f5es unidas na Greve Global pelo Clima, em S\\u00e3o Paulo&quot;,&quot;focus_image&quot;:&quot;50% 50%&quot;,&quot;credits&quot;:&quot;\\u00a9 Barbara Veiga \\\/ Greenpeace&quot;},{&quot;image_src&quot;:&quot;https:\\\/\\\/www.greenpeace.org\\\/static\\\/planet4-brasil-stateless\\\/2019\\\/09\\\/20190920_BARBARA-VEIGA_GREENPEACE_GREVE-GERAL-PELO-CLIMA_2281.jpg&quot;,&quot;image_srcset&quot;:&quot;https:\\\/\\\/www.greenpeace.org\\\/static\\\/planet4-brasil-stateless\\\/2019\\\/09\\\/20190920_BARBARA-VEIGA_GREENPEACE_GREVE-GERAL-PELO-CLIMA_2281.jpg 4200w, https:\\\/\\\/www.greenpeace.org\\\/static\\\/planet4-brasil-stateless\\\/2019\\\/09\\\/20190920_BARBARA-VEIGA_GREENPEACE_GREVE-GERAL-PELO-CLIMA_2281-300x200.jpg 300w, https:\\\/\\\/www.greenpeace.org\\\/static\\\/planet4-brasil-stateless\\\/2019\\\/09\\\/20190920_BARBARA-VEIGA_GREENPEACE_GREVE-GERAL-PELO-CLIMA_2281-768x512.jpg 768w, https:\\\/\\\/www.greenpeace.org\\\/static\\\/planet4-brasil-stateless\\\/2019\\\/09\\\/20190920_BARBARA-VEIGA_GREENPEACE_GREVE-GERAL-PELO-CLIMA_2281-1024x683.jpg 1024w, https:\\\/\\\/www.greenpeace.org\\\/static\\\/planet4-brasil-stateless\\\/2019\\\/09\\\/20190920_BARBARA-VEIGA_GREENPEACE_GREVE-GERAL-PELO-CLIMA_2281-2048x1366.jpg 2048w, https:\\\/\\\/www.greenpeace.org\\\/static\\\/planet4-brasil-stateless\\\/2019\\\/09\\\/20190920_BARBARA-VEIGA_GREENPEACE_GREVE-GERAL-PELO-CLIMA_2281-510x340.jpg 510w&quot;,&quot;image_sizes&quot;:false,&quot;alt_text&quot;:&quot;&quot;,&quot;caption&quot;:&quot;A participa\\u00e7\\u00e3o fundamental do Movimento Nacional dos Catadores na Greve Global pelo Clima, em S\\u00e3o Paulo&quot;,&quot;focus_image&quot;:&quot;50% 50%&quot;,&quot;credits&quot;:&quot;\\u00a9 Barbara Veiga&quot;},{&quot;image_src&quot;:&quot;https:\\\/\\\/www.greenpeace.org\\\/static\\\/planet4-brasil-stateless\\\/2019\\\/09\\\/20190920_BARBARA-VEIGA_GREENPEACE_GREVE-GERAL-PELO-CLIMA_2416.jpg&quot;,&quot;image_srcset&quot;:&quot;https:\\\/\\\/www.greenpeace.org\\\/static\\\/planet4-brasil-stateless\\\/2019\\\/09\\\/20190920_BARBARA-VEIGA_GREENPEACE_GREVE-GERAL-PELO-CLIMA_2416.jpg 4200w, https:\\\/\\\/www.greenpeace.org\\\/static\\\/planet4-brasil-stateless\\\/2019\\\/09\\\/20190920_BARBARA-VEIGA_GREENPEACE_GREVE-GERAL-PELO-CLIMA_2416-300x200.jpg 300w, https:\\\/\\\/www.greenpeace.org\\\/static\\\/planet4-brasil-stateless\\\/2019\\\/09\\\/20190920_BARBARA-VEIGA_GREENPEACE_GREVE-GERAL-PELO-CLIMA_2416-768x512.jpg 768w, https:\\\/\\\/www.greenpeace.org\\\/static\\\/planet4-brasil-stateless\\\/2019\\\/09\\\/20190920_BARBARA-VEIGA_GREENPEACE_GREVE-GERAL-PELO-CLIMA_2416-1024x683.jpg 1024w, https:\\\/\\\/www.greenpeace.org\\\/static\\\/planet4-brasil-stateless\\\/2019\\\/09\\\/20190920_BARBARA-VEIGA_GREENPEACE_GREVE-GERAL-PELO-CLIMA_2416-2048x1366.jpg 2048w, https:\\\/\\\/www.greenpeace.org\\\/static\\\/planet4-brasil-stateless\\\/2019\\\/09\\\/20190920_BARBARA-VEIGA_GREENPEACE_GREVE-GERAL-PELO-CLIMA_2416-510x340.jpg 510w&quot;,&quot;image_sizes&quot;:false,&quot;alt_text&quot;:&quot;&quot;,&quot;caption&quot;:&quot;O momento em que as crian\\u00e7as assumiram o microfone para dar seu recado&quot;,&quot;focus_image&quot;:&quot;50% 50%&quot;,&quot;credits&quot;:&quot;\\u00a9 Barbara Veiga \\\/ Greenpeace&quot;}]}}\"><\/div><p>Por todos os cantos do mundo, n\u00e3o foi diferente. <strong>As vozes dos jovens e das crian\u00e7as fizeram eco na maior mobiliza\u00e7\u00e3o pelo clima que o mundo j\u00e1 viu.<\/strong> Em todos os continentes, o pedido do movimento <a href=\"https:\/\/www.instagram.com\/fridaysforfuture\/\" target=\"_blank\" rel=\"noopener noreferrer\">Fridays For Future<\/a> foi replicado: justi\u00e7a clim\u00e1tica, fim do uso de combust\u00edveis f\u00f3sseis e a puni\u00e7\u00e3o dos maiores poluidores do mundo.<\/p>\n<p>Nos Estados Unidos, foram feitos protestos em mais de 500 cidades. O pa\u00eds recebeu a jovem ativista sueca Greta Thunberg, que inspirou o movimento mundial da juventude a se articular pelo Clima. Diante de uma multid\u00e3o, a pequena gigante de 16 anos deixou um recado: \u201cO mundo est\u00e1 de olho nos governantes. Eles ainda t\u00eam a chance de provar que est\u00e3o unidos pela ci\u00eancia e que est\u00e3o nos ouvindo\u201d. Em Nova York, mais de 1 milh\u00e3o de estudantes foram liberados pelas escolas para participar das mobiliza\u00e7\u00f5es.<\/p>\n<div data-render=\"planet4-blocks\/gallery\" data-attributes=\"{&quot;attributes&quot;:{&quot;multiple_image&quot;:&quot;11463,11462,11461,11460&quot;,&quot;gallery_block_focus_points&quot;:&quot;{\\&quot;11460\\&quot;:\\&quot;50% 50%\\&quot;,\\&quot;11461\\&quot;:\\&quot;50% 50%\\&quot;,\\&quot;11462\\&quot;:\\&quot;50% 50%\\&quot;,\\&quot;11463\\&quot;:\\&quot;50% 50%\\&quot;}&quot;,&quot;image_data&quot;:[{&quot;url&quot;:&quot;https:\\\/\\\/www.greenpeace.org\\\/static\\\/planet4-brasil-stateless\\\/2019\\\/09\\\/c7b79abd-gp0sttxah.jpg&quot;,&quot;focalPoint&quot;:{&quot;x&quot;:0.5,&quot;y&quot;:0.5},&quot;id&quot;:&quot;11463&quot;}],&quot;gallery_block_style&quot;:0,&quot;gallery_block_title&quot;:&quot;&quot;,&quot;gallery_block_description&quot;:&quot;&quot;,&quot;images&quot;:[{&quot;image_src&quot;:&quot;https:\\\/\\\/www.greenpeace.org\\\/static\\\/planet4-brasil-stateless\\\/2019\\\/09\\\/c7b79abd-gp0sttxah.jpg&quot;,&quot;image_srcset&quot;:&quot;https:\\\/\\\/www.greenpeace.org\\\/static\\\/planet4-brasil-stateless\\\/2019\\\/09\\\/c7b79abd-gp0sttxah.jpg 1200w, https:\\\/\\\/www.greenpeace.org\\\/static\\\/planet4-brasil-stateless\\\/2019\\\/09\\\/c7b79abd-gp0sttxah-300x200.jpg 300w, https:\\\/\\\/www.greenpeace.org\\\/static\\\/planet4-brasil-stateless\\\/2019\\\/09\\\/c7b79abd-gp0sttxah-768x512.jpg 768w, https:\\\/\\\/www.greenpeace.org\\\/static\\\/planet4-brasil-stateless\\\/2019\\\/09\\\/c7b79abd-gp0sttxah-1024x683.jpg 1024w, https:\\\/\\\/www.greenpeace.org\\\/static\\\/planet4-brasil-stateless\\\/2019\\\/09\\\/c7b79abd-gp0sttxah-510x340.jpg 510w&quot;,&quot;image_sizes&quot;:false,&quot;alt_text&quot;:&quot;Climate Strike in Bangkok. \\u00a9 Tadchakorn  Kitchaiphon \\\/ Greenpeace&quot;,&quot;caption&quot;:&quot;Centenas de jovens na Greve Global pelo Clima, 20\\\/09, em Bangkok, na Tail\\u00e2ndia&quot;,&quot;focus_image&quot;:&quot;50% 50%&quot;,&quot;credits&quot;:&quot;\\u00a9 Tadchakorn  Kitchaiphon \\\/ Greenpeace&quot;},{&quot;image_src&quot;:&quot;https:\\\/\\\/www.greenpeace.org\\\/static\\\/planet4-brasil-stateless\\\/2019\\\/09\\\/cbb46b25-gp0sttxlh.jpg&quot;,&quot;image_srcset&quot;:&quot;https:\\\/\\\/www.greenpeace.org\\\/static\\\/planet4-brasil-stateless\\\/2019\\\/09\\\/cbb46b25-gp0sttxlh.jpg 1200w, https:\\\/\\\/www.greenpeace.org\\\/static\\\/planet4-brasil-stateless\\\/2019\\\/09\\\/cbb46b25-gp0sttxlh-300x200.jpg 300w, https:\\\/\\\/www.greenpeace.org\\\/static\\\/planet4-brasil-stateless\\\/2019\\\/09\\\/cbb46b25-gp0sttxlh-768x512.jpg 768w, https:\\\/\\\/www.greenpeace.org\\\/static\\\/planet4-brasil-stateless\\\/2019\\\/09\\\/cbb46b25-gp0sttxlh-1024x683.jpg 1024w, https:\\\/\\\/www.greenpeace.org\\\/static\\\/planet4-brasil-stateless\\\/2019\\\/09\\\/cbb46b25-gp0sttxlh-510x340.jpg 510w&quot;,&quot;image_sizes&quot;:false,&quot;alt_text&quot;:&quot;DC Youth-led Global Climate Strike. \\u00a9 Tim Aubry \\\/ Greenpeace&quot;,&quot;caption&quot;:&quot;A Greve Global pelo Clima em Washington, DC, Estados Unidos &quot;,&quot;focus_image&quot;:&quot;50% 50%&quot;,&quot;credits&quot;:&quot;\\u00a9 Tim Aubry \\\/ Greenpeace&quot;},{&quot;image_src&quot;:&quot;https:\\\/\\\/www.greenpeace.org\\\/static\\\/planet4-brasil-stateless\\\/2019\\\/09\\\/2a728c20-gp0sttx3k.jpg&quot;,&quot;image_srcset&quot;:&quot;https:\\\/\\\/www.greenpeace.org\\\/static\\\/planet4-brasil-stateless\\\/2019\\\/09\\\/2a728c20-gp0sttx3k.jpg 1200w, https:\\\/\\\/www.greenpeace.org\\\/static\\\/planet4-brasil-stateless\\\/2019\\\/09\\\/2a728c20-gp0sttx3k-300x200.jpg 300w, https:\\\/\\\/www.greenpeace.org\\\/static\\\/planet4-brasil-stateless\\\/2019\\\/09\\\/2a728c20-gp0sttx3k-768x512.jpg 768w, https:\\\/\\\/www.greenpeace.org\\\/static\\\/planet4-brasil-stateless\\\/2019\\\/09\\\/2a728c20-gp0sttx3k-1024x683.jpg 1024w, https:\\\/\\\/www.greenpeace.org\\\/static\\\/planet4-brasil-stateless\\\/2019\\\/09\\\/2a728c20-gp0sttx3k-510x340.jpg 510w&quot;,&quot;image_sizes&quot;:false,&quot;alt_text&quot;:&quot;The Sydney Climate Strikes march. \\u00a9 Marcus Coblyn \\\/ Greenpeace&quot;,&quot;caption&quot;:&quot;Em Sydney, na Austr\\u00e1lia, 300 mil pessoas foram \\u00e0s ruas na Greve Global pelo Clima\\n&quot;,&quot;focus_image&quot;:&quot;50% 50%&quot;,&quot;credits&quot;:&quot;\\u00a9 Marcus Coblyn \\\/ Greenpeace&quot;},{&quot;image_src&quot;:&quot;https:\\\/\\\/www.greenpeace.org\\\/static\\\/planet4-brasil-stateless\\\/2019\\\/09\\\/90ac634c-gp0stonyb.jpg&quot;,&quot;image_srcset&quot;:&quot;https:\\\/\\\/www.greenpeace.org\\\/static\\\/planet4-brasil-stateless\\\/2019\\\/09\\\/90ac634c-gp0stonyb.jpg 1200w, https:\\\/\\\/www.greenpeace.org\\\/static\\\/planet4-brasil-stateless\\\/2019\\\/09\\\/90ac634c-gp0stonyb-300x184.jpg 300w, https:\\\/\\\/www.greenpeace.org\\\/static\\\/planet4-brasil-stateless\\\/2019\\\/09\\\/90ac634c-gp0stonyb-768x470.jpg 768w, https:\\\/\\\/www.greenpeace.org\\\/static\\\/planet4-brasil-stateless\\\/2019\\\/09\\\/90ac634c-gp0stonyb-1024x626.jpg 1024w, https:\\\/\\\/www.greenpeace.org\\\/static\\\/planet4-brasil-stateless\\\/2019\\\/09\\\/90ac634c-gp0stonyb-510x312.jpg 510w&quot;,&quot;image_sizes&quot;:false,&quot;alt_text&quot;:&quot;People&#039;s Climate March in New York City. \\u00a9 Greenpeace \\\/ Michael Nagle&quot;,&quot;caption&quot;:&quot;Greve Global pelo Clima em Nova York&quot;,&quot;focus_image&quot;:&quot;50% 50%&quot;,&quot;credits&quot;:&quot;\\u00a9 Greenpeace \\\/ Michael Nagle&quot;}]}}\"><\/div><div style=\"padding: 2rem 2.5rem; background: #0085CA; color: #fff;\">\n<h3 style=\"font-size: 1.6rem; font-weight: bold;\">C\u00fapula de A\u00e7\u00e3o Clim\u00e1tica da ONU<\/h3>\n<p>A <a href=\"https:\/\/www.greenpeace.org\/brasil\/blog\/greve-global-pelo-clima-em-20-de-setembro-a-juventude-chama-as-ruas\/\" style=\"color:#BCEFFF;\"><strong>Greve Global pelo Clima<\/strong><\/a> \u00e9 um grito aos governantes de todo o mundo, que estar\u00e3o reunidos em Nova York para a C\u00fapula da A\u00e7\u00e3o Clim\u00e1tica. A C\u00fapula foi uma idealiza\u00e7\u00e3o do secret\u00e1rio-geral da ONU (Organiza\u00e7\u00e3o das Na\u00e7\u00f5es Unidas), Ant\u00f3nio Guterrez, que compreende que a crise clim\u00e1tica deve ser agenda priorit\u00e1ria dos pa\u00edses do mundo, j\u00e1 que este ano \u00e9 a \u00faltima chance dos governantes atualizarem suas NDCs (contribui\u00e7\u00f5es nacionais para diminuir as emiss\u00f5es de gases de efeito estufa) antes que o Acordo de Paris entre em vigor, em 2020.<\/p>\n<p>A dif\u00edcil negocia\u00e7\u00e3o entre os pa\u00edses se reflete na fala clara de milhares de crian\u00e7as e jovens que foram \u00e0s ruas para pedir que governos e empresas se tornem respons\u00e1veis e mudem suas escolhas de modo a acabar com os combust\u00edveis f\u00f3sseis, e conter o fim das florestas e da biodiversidade do mundo.<\/p>\n<p>No Brasil, milhares pediram pelo clima e pela Amaz\u00f4nia em nome das futuras gera\u00e7\u00f5es e daqueles que s\u00e3o os mais atingidos pelas cat\u00e1strofes clim\u00e1ticas e que menos contribuem por elas &#8211; os mais pobres e as comunidades e popula\u00e7\u00f5es marginalizadas; mostrando a import\u00e2ncia da pauta em um pa\u00eds desigual, em que a atitude de grandes empresas e governos atinge a todos, com consequ\u00eancia diferentes para cada um.<\/p>\n<p>Bolsonaro ir\u00e1 discursar na abertura da Assembleia Geral da ONU, ap\u00f3s a C\u00fapula. A atitude do governo federal em colocar em segundo plano a crise do clima vai na contram\u00e3o do mundo e do que as pessoas exigem nas ruas.\n<\/p>\n<\/div>\n<div class=\"EmptyMessage\">Block content is empty. Check the block&#8217;s settings or remove it.<\/div>","protected":false},"excerpt":{"rendered":"<p>Em S\u00e3o Paulo, nos unimos aos jovens, pedimos a prote\u00e7\u00e3o pela Amaz\u00f4nia e ironizamos os \u201cC\u00e9ticos do Clima\u201d, representados por aqueles que amea\u00e7am o agravamento da crise clim\u00e1tica Ontem, junto&hellip;<\/p>\n","protected":false},"author":67,"featured_media":11449,"comment_status":"open","ping_status":"closed","sticky":false,"template":"","format":"standard","meta":{"ep_exclude_from_search":false,"p4_og_title":"","p4_og_description":"","p4_og_image":"","p4_og_image_id":"","p4_seo_canonical_url":"","p4_campaign_name":"not set","p4_local_project":"","p4_basket_name":"not set","p4_department":"","footnotes":""},"categories":[4],"tags":[6,23],"p4-page-type":[16],"class_list":["post-11448","post","type-post","status-publish","format-standard","has-post-thumbnail","hentry","category-ativismo","tag-clima","tag-mobilizacao","p4-page-type-blog"],"_links":{"self":[{"href":"https:\/\/www.greenpeace.org\/brasil\/wp-json\/wp\/v2\/posts\/11448","targetHints":{"allow":["GET"]}}],"collection":[{"href":"https:\/\/www.greenpeace.org\/brasil\/wp-json\/wp\/v2\/posts"}],"about":[{"href":"https:\/\/www.greenpeace.org\/brasil\/wp-json\/wp\/v2\/types\/post"}],"author":[{"embeddable":true,"href":"https:\/\/www.greenpeace.org\/brasil\/wp-json\/wp\/v2\/users\/67"}],"replies":[{"embeddable":true,"href":"https:\/\/www.greenpeace.org\/brasil\/wp-json\/wp\/v2\/comments?post=11448"}],"version-history":[{"count":20,"href":"https:\/\/www.greenpeace.org\/brasil\/wp-json\/wp\/v2\/posts\/11448\/revisions"}],"predecessor-version":[{"id":58746,"href":"https:\/\/www.greenpeace.org\/brasil\/wp-json\/wp\/v2\/posts\/11448\/revisions\/58746"}],"wp:featuredmedia":[{"embeddable":true,"href":"https:\/\/www.greenpeace.org\/brasil\/wp-json\/wp\/v2\/media\/11449"}],"wp:attachment":[{"href":"https:\/\/www.greenpeace.org\/brasil\/wp-json\/wp\/v2\/media?parent=11448"}],"wp:term":[{"taxonomy":"category","embeddable":true,"href":"https:\/\/www.greenpeace.org\/brasil\/wp-json\/wp\/v2\/categories?post=11448"},{"taxonomy":"post_tag","embeddable":true,"href":"https:\/\/www.greenpeace.org\/brasil\/wp-json\/wp\/v2\/tags?post=11448"},{"taxonomy":"p4-page-type","embeddable":true,"href":"https:\/\/www.greenpeace.org\/brasil\/wp-json\/wp\/v2\/p4-page-type?post=11448"}],"curies":[{"name":"wp","href":"https:\/\/api.w.org\/{rel}","templated":true}]}}