{"id":1151,"date":"2012-12-20T11:49:00","date_gmt":"2012-12-20T11:49:00","guid":{"rendered":"https:\/\/www.greenpeace.org\/brasil\/blog\/desmatamento-e-trabalho-escravo\/"},"modified":"2025-07-02T04:37:51","modified_gmt":"2025-07-02T07:37:51","slug":"desmatamento-e-trabalho-escravo","status":"publish","type":"post","link":"https:\/\/www.greenpeace.org\/brasil\/blog\/desmatamento-e-trabalho-escravo\/","title":{"rendered":"Desmatamento e trabalho escravo"},"content":{"rendered":"<div class=\"post-content\">\n<div class=\"events-box big-box left\">\n<h4 class=\"frame\"><em>Dentre as atividades que mais fazem uso de m\u00e3o de obra escrava, despontam na lista a produ\u00e7\u00e3o de carv\u00e3o vegetal e a pecu\u00e1ria \u2013 dois setores que insistem em atrelar sua produ\u00e7\u00e3o \u00e0 devasta\u00e7\u00e3o das florestas<\/em><a class=\"open-img EnlargeImage\" title=\"\" href=\"https:\/\/www.greenpeace.org\/static\/planet4-brasil-stateless\/2018\/07\/GP03TXD.jpg\"><br \/>\n<\/a><\/h4>\n<div class=\"frame\">\n<div style=\"width: 610px\" class=\"wp-caption alignnone\"><a class=\"open-img EnlargeImage\" href=\"https:\/\/www.greenpeace.org\/static\/planet4-brasil-stateless\/2018\/07\/GP03TXD.jpg\"><img loading=\"lazy\" decoding=\"async\" id=\"ctl00_cphContentArea_epiEntryContent_ctl00_ctl02_Image1\" class=\"Thumbnail\" style=\"border-width: 0px;\" src=\"https:\/\/www.greenpeace.org\/static\/planet4-brasil-stateless\/2018\/07\/GP03TXD.jpg\" alt=\"\" width=\"600\" height=\"400\" \/><\/a><p class=\"wp-caption-text\">Em 2012, triplicou o n\u00famero de casos de trabalho escravo no desmatamento. Foto: \u00a9 Greenpeace\/Daniel Beltra<\/p><\/div>\n<p>As chagas que chegam na esteira do desmatamento continuam bem abertas. Prova disso s\u00e3o os dados de trabalho escravo em 2012, que a Comiss\u00e3o Pastoral da Terra (CPT) <a href=\"http:\/\/www.cptnacional.org.br\/index.php\/noticias\/49-trabalho-escravo\/1377-campanha-da-cpt-de-combate-ao-trabalho-escravo-divulga-dados-parciais-de-2012\" target=\"_blank\" rel=\"noopener noreferrer\">acaba de divulgar<\/a>. Segundo o relat\u00f3rio, este ano triplicou o n\u00famero de pessoas escravizadas no desmatamento. Foram 345 trabalhadores descobertos, contra 109 do ano anterior.<\/p>\n<\/div>\n<\/div>\n<p>N\u00e3o por acaso, a Amaz\u00f4nia \u00e9 a regi\u00e3o que concentra os maiores \u00edndices, respondendo por cerca de 62% dos casos registrados. Na regi\u00e3o, quase dois mil trabalhadores foram encontrados em condi\u00e7\u00f5es an\u00e1logas \u00e0 escravid\u00e3o. Longe de ser coincid\u00eancia, \u00e9 ali a fronteira por onde os tratores mais avan\u00e7aram nas \u00faltimas d\u00e9cadas.<\/p>\n<p>Dentre as atividades que mais fazem uso de m\u00e3o de obra escrava, despontam na lista a produ\u00e7\u00e3o de carv\u00e3o vegetal e a pecu\u00e1ria \u2013 dois setores que insistem em atrelar sua produ\u00e7\u00e3o \u00e0 devasta\u00e7\u00e3o das florestas.<\/p>\n<p>Se olharmos os n\u00fameros que v\u00e3o de 2003 a 2012, o cen\u00e1rio \u00e9 ainda mais perturbador: foram 3476 trabalhadores em condi\u00e7\u00f5es an\u00e1logas \u00e0 escravid\u00e3o praticando o desmatamento nesse per\u00edodo. No setor da pecu\u00e1ria &#8211; que geralmente chega ap\u00f3s as derrubadas &#8211; foram quase 23 mil. E os \u00edndices podem ser ainda maiores, j\u00e1 que nem todos os casos s\u00e3o descobertos e registrados.<\/p>\n<p>\u00c9 para dar um ponto final a esse processo degradante que o Greenpeace se uniu a milhares de brasileiros e a movimentos sociais, ind\u00edgenas e ambientais para levar ao Congresso uma lei de iniciativa popular do desmatamento zero. O fim da destrui\u00e7\u00e3o das nossas matas \u00e9 um passo fundamental para uma mudan\u00e7a de mentalidade nos processos produtivos brasileiros.<\/p>\n<p><a href=\"http:\/\/www.ligadasflorestas.com.br\/\">Assine, compartilhe<\/a> e junte-se a n\u00f3s nessa caminhada por um Brasil mais verde, limpo e justo.<\/p>\n<p><em><a href=\"http:\/\/www.ligadasflorestas.org.br\/?utm_source=blog&amp;utm_medium=button&amp;utm_campaign=DZ\" target=\"_blank\" rel=\"noopener noreferrer\"><img loading=\"lazy\" decoding=\"async\" style=\"display: block; margin-left: auto; margin-right: auto;\" src=\"https:\/\/www.greenpeace.org\/static\/planet4-brasil-stateless\/2018\/07\/botao-peticao.gif\" alt=\"Assine a peti\u00e7\u00e3o.\" width=\"350\" height=\"93\" \/><\/a><br \/>\n<\/em><\/p>\n<\/div>\n","protected":false},"excerpt":{"rendered":"<p>Dentre as atividades que mais fazem uso de m\u00e3o de obra escrava, despontam na lista a produ\u00e7\u00e3o de carv\u00e3o vegetal e a pecu\u00e1ria \u2013 dois setores que insistem em atrelar sua produ\u00e7\u00e3o \u00e0 devasta\u00e7\u00e3o das florestas.<\/p>\n","protected":false},"author":28,"featured_media":1153,"comment_status":"open","ping_status":"open","sticky":false,"template":"","format":"standard","meta":{"ep_exclude_from_search":false,"p4_og_title":"","p4_og_description":"","p4_og_image":"","p4_og_image_id":"","p4_seo_canonical_url":"","p4_campaign_name":"","p4_local_project":"","p4_basket_name":"","p4_department":"","footnotes":""},"categories":[3],"tags":[22],"p4-page-type":[16],"class_list":["post-1151","post","type-post","status-publish","format-standard","has-post-thumbnail","hentry","category-proteja-a-natureza","tag-florestas","p4-page-type-blog"],"_links":{"self":[{"href":"https:\/\/www.greenpeace.org\/brasil\/wp-json\/wp\/v2\/posts\/1151","targetHints":{"allow":["GET"]}}],"collection":[{"href":"https:\/\/www.greenpeace.org\/brasil\/wp-json\/wp\/v2\/posts"}],"about":[{"href":"https:\/\/www.greenpeace.org\/brasil\/wp-json\/wp\/v2\/types\/post"}],"author":[{"embeddable":true,"href":"https:\/\/www.greenpeace.org\/brasil\/wp-json\/wp\/v2\/users\/28"}],"replies":[{"embeddable":true,"href":"https:\/\/www.greenpeace.org\/brasil\/wp-json\/wp\/v2\/comments?post=1151"}],"version-history":[{"count":7,"href":"https:\/\/www.greenpeace.org\/brasil\/wp-json\/wp\/v2\/posts\/1151\/revisions"}],"predecessor-version":[{"id":58808,"href":"https:\/\/www.greenpeace.org\/brasil\/wp-json\/wp\/v2\/posts\/1151\/revisions\/58808"}],"wp:featuredmedia":[{"embeddable":true,"href":"https:\/\/www.greenpeace.org\/brasil\/wp-json\/wp\/v2\/media\/1153"}],"wp:attachment":[{"href":"https:\/\/www.greenpeace.org\/brasil\/wp-json\/wp\/v2\/media?parent=1151"}],"wp:term":[{"taxonomy":"category","embeddable":true,"href":"https:\/\/www.greenpeace.org\/brasil\/wp-json\/wp\/v2\/categories?post=1151"},{"taxonomy":"post_tag","embeddable":true,"href":"https:\/\/www.greenpeace.org\/brasil\/wp-json\/wp\/v2\/tags?post=1151"},{"taxonomy":"p4-page-type","embeddable":true,"href":"https:\/\/www.greenpeace.org\/brasil\/wp-json\/wp\/v2\/p4-page-type?post=1151"}],"curies":[{"name":"wp","href":"https:\/\/api.w.org\/{rel}","templated":true}]}}