{"id":11550,"date":"2019-09-23T15:12:32","date_gmt":"2019-09-23T18:12:32","guid":{"rendered":"https:\/\/www.greenpeace.org\/brasil\/?p=11550"},"modified":"2025-07-02T04:34:47","modified_gmt":"2025-07-02T07:34:47","slug":"inedito-primeiro-mergulho-humano-foi-realizado-nos-corais-da-amazonia","status":"publish","type":"post","link":"https:\/\/www.greenpeace.org\/brasil\/blog\/inedito-primeiro-mergulho-humano-foi-realizado-nos-corais-da-amazonia\/","title":{"rendered":"In\u00e9dito! Primeiro mergulho humano foi realizado nos Corais da Amaz\u00f4nia"},"content":{"rendered":"<h4><span style=\"font-weight: 400;\">O navio Esperanza est\u00e1 de volta aos Corais da Amaz\u00f4nia na Guiana Francesa. Seis mergulhadores realizaram um feito in\u00e9dito ao mergulhar no sistema recifal<\/span><\/h4>\n<div id=\"attachment_11552\" style=\"width: 1210px\" class=\"wp-caption alignnone\"><img loading=\"lazy\" decoding=\"async\" aria-describedby=\"caption-attachment-11552\" class=\"size-full wp-image-11552\" src=\"https:\/\/www.greenpeace.org\/static\/planet4-brasil-stateless\/2019\/09\/93f1853f-gp0sttw48.jpg\" alt=\"Deep Divers in the Amazon Reef. \u00a9 Pierre Baelen \/ Greenpeace\" width=\"1200\" height=\"800\" srcset=\"https:\/\/www.greenpeace.org\/static\/planet4-brasil-stateless\/2019\/09\/93f1853f-gp0sttw48.jpg 1200w, https:\/\/www.greenpeace.org\/static\/planet4-brasil-stateless\/2019\/09\/93f1853f-gp0sttw48-300x200.jpg 300w, https:\/\/www.greenpeace.org\/static\/planet4-brasil-stateless\/2019\/09\/93f1853f-gp0sttw48-768x512.jpg 768w, https:\/\/www.greenpeace.org\/static\/planet4-brasil-stateless\/2019\/09\/93f1853f-gp0sttw48-1024x683.jpg 1024w, https:\/\/www.greenpeace.org\/static\/planet4-brasil-stateless\/2019\/09\/93f1853f-gp0sttw48-510x340.jpg 510w\" sizes=\"auto, (max-width: 1200px) 100vw, 1200px\" \/><p id=\"caption-attachment-11552\" class=\"wp-caption-text\">Mergulhadores, especializados em grandes profundidades, come\u00e7ando a descida rumo aos Corais da Amaz\u00f4nia.<\/p><\/div>\n<p><span style=\"font-weight: 400;\">Na bacia da foz do rio Amazonas vive <a href=\"https:\/\/www.greenpeace.org\/brasil\/blog\/estamos-de-volta-aos-corais-da-amazonia\/\" target=\"_blank\" rel=\"noopener noreferrer\">um sistema recifal que se espalha entre a costa litor\u00e2nea do Brasil e da Guiana Francesa<\/a> e que surpreendeu o mundo ao ser revelado, em 2016. Parecia ser imposs\u00edvel que recifes pudessem existir sob \u00e1guas profundas e com pouca luminosidade. Mas era realidade: os Corais da Amaz\u00f4nia estavam l\u00e1 e ganharam o apoio de mais de 2 milh\u00f5es de pessoas de diversos pa\u00edses que pediram pela sua prote\u00e7\u00e3o.<\/span><\/p>\n<p><span style=\"font-weight: 400;\">Agora, <strong>seis profissionais de mergulho realizaram uma fa\u00e7anha que parecia tamb\u00e9m imposs\u00edvel: mergulhar nos Corais da Amaz\u00f4nia, a 100 metros de profundidade,<\/strong> para registr\u00e1-los com imagens em alta resolu\u00e7\u00e3o e coletar amostras biol\u00f3gicas para saber mais sobre esse ecossistema rec\u00e9m-revelado e j\u00e1 t\u00e3o amea\u00e7ado por empresas, como a brit\u00e2nica BP, que querem explorar petr\u00f3leo nessa regi\u00e3o.<\/span><\/p>\n<div id=\"attachment_11554\" style=\"width: 1210px\" class=\"wp-caption alignnone\"><img loading=\"lazy\" decoding=\"async\" aria-describedby=\"caption-attachment-11554\" class=\"size-full wp-image-11554\" src=\"https:\/\/www.greenpeace.org\/static\/planet4-brasil-stateless\/2019\/09\/bed4b5c5-gp0sttwc1.jpg\" alt=\"First HD Photo of Corals in the Amazon Reef. \u00a9 Alexis Rosenfeld\" width=\"1200\" height=\"801\" srcset=\"https:\/\/www.greenpeace.org\/static\/planet4-brasil-stateless\/2019\/09\/bed4b5c5-gp0sttwc1.jpg 1200w, https:\/\/www.greenpeace.org\/static\/planet4-brasil-stateless\/2019\/09\/bed4b5c5-gp0sttwc1-300x200.jpg 300w, https:\/\/www.greenpeace.org\/static\/planet4-brasil-stateless\/2019\/09\/bed4b5c5-gp0sttwc1-768x513.jpg 768w, https:\/\/www.greenpeace.org\/static\/planet4-brasil-stateless\/2019\/09\/bed4b5c5-gp0sttwc1-1024x684.jpg 1024w, https:\/\/www.greenpeace.org\/static\/planet4-brasil-stateless\/2019\/09\/bed4b5c5-gp0sttwc1-510x340.jpg 510w\" sizes=\"auto, (max-width: 1200px) 100vw, 1200px\" \/><p id=\"caption-attachment-11554\" class=\"wp-caption-text\">Primeira imagem em alta resolu\u00e7\u00e3o dos Corais da Amaz\u00f4nia, tirada a 100 metros de profundidade na expedi\u00e7\u00e3o deste ano na regi\u00e3o da Guiana Francesa.<\/p><\/div>\n<p><span style=\"font-weight: 400;\">\u201cEsses mergulhos s\u00e3o particularmente desafiadores: a \u00e1gua \u00e9 carregada de sedimentos do rio Amazonas, as correntes s\u00e3o muito fortes e n\u00e3o t\u00ednhamos visibilidade quando come\u00e7amos a descer. Mas valeu totalmente a pena quando as luzes revelaram os Corais da Amaz\u00f4nia. \u00c9 um para\u00edso de vida, um tesouro da biodiversidade <\/span><span style=\"font-weight: 400;\">explorado<\/span><span style=\"font-weight: 400;\"> pela primeira vez pelos humanos e seus mist\u00e9rios est\u00e3o apenas come\u00e7ando a ser revelados\u201d, disse o mergulhador e fot\u00f3grafo Alexis Rosenfeld.<\/span><span style=\"font-weight: 400;\">\u00a0<\/span><\/p>\n<p><span style=\"font-weight: 400;\">Explorar uma regi\u00e3o como essas, como querem a petroleira BP e o governo brasileiro, al\u00e9m de amea\u00e7ar riquezas que ainda n\u00e3o foram completamente conhecidas e estudadas pela ci\u00eancia, \u00e9 um enorme problema para o clima global. Uma nova an\u00e1lise realizada pelo Greenpeace mostrou que <strong>queimar reservas de petr\u00f3leo na regi\u00e3o seria o equivalente a oito anos de desmatamento na Amaz\u00f4nia,<\/strong> considerando o desmatamento de 2016. Segundo estimativas da Ag\u00eancia Nacional do Petr\u00f3leo, G\u00e1s Natural e Biocombust\u00edveis (ANP), o fundo do mar das proximidades dos Corais da Amaz\u00f4nia no Brasil cont\u00e9m 14 bilh\u00f5es de barris de petr\u00f3leo, equivalente a 5,2 Gt de CO2. Confira o infogr\u00e1fico abaixo.<\/span><\/p>\n<lite-youtube style=\"background-image: url('https:\/\/i.ytimg.com\/vi\/X5AaI7SIVO8\/hqdefault.jpg');\" videoid=\"X5AaI7SIVO8\" params=\"rel=0\"><\/lite-youtube>\n<p><b>\u00a0<\/b><span style=\"font-weight: 400;\"><strong>\u201cN\u00f3s estamos em uma emerg\u00eancia clim\u00e1tica e n\u00e3o podemos nos dar ao luxo de perfurar e queimar mais petr\u00f3leo\u201d<\/strong>, diz Thiago Almeida, porta-voz da campanha Corais da Amaz\u00f4nia. \u201cOceanos saud\u00e1veis s\u00e3o essenciais no combate \u00e0 crise clim\u00e1tica e a perfura\u00e7\u00e3o de petr\u00f3leo pode ser devastadora para os oceanos, para o clima e para toda a humanidade\u201d.<\/span><\/p>\n<p><span style=\"font-weight: 400;\"><a href=\"https:\/\/www.greenpeace.org\/brasil\/blog\/por-que-devemos-proteger-30-dos-oceanos\/\" target=\"_blank\" rel=\"noopener noreferrer\">Precisamos proteger pelo menos 30% dos oceanos,<\/a> das \u00e1reas costeiras at\u00e9 o alto mar para salvar o clima e combater a perda de biodiversidade. Governos precisam agir com urg\u00eancia para criar um forte Tratado Global dos Oceanos em 2020. <\/span><a href=\"https:\/\/www.greenpeace.org.br\/proteja-os-oceanos?_ga=2.32075069.2069273237.1568641929-1238077057.1529346230\" target=\"_blank\" rel=\"noopener noreferrer\"><span style=\"font-weight: 400;\">Assine a peti\u00e7\u00e3o<\/span><\/a><\/p>\n<p>&nbsp;<\/p>\n","protected":false},"excerpt":{"rendered":"<p>O navio Esperanza est\u00e1 de volta aos Corais da Amaz\u00f4nia na Guiana Francesa. Seis mergulhadores realizaram um feito in\u00e9dito ao mergulhar no sistema recifal<\/p>\n","protected":false},"author":25,"featured_media":11552,"comment_status":"open","ping_status":"closed","sticky":false,"template":"","format":"standard","meta":{"ep_exclude_from_search":false,"p4_og_title":"","p4_og_description":"","p4_og_image":"","p4_og_image_id":"","p4_seo_canonical_url":"","p4_campaign_name":"not set","p4_local_project":"","p4_basket_name":"not set","p4_department":"","footnotes":""},"categories":[64,3],"tags":[27],"p4-page-type":[16],"class_list":["post-11550","post","type-post","status-publish","format-standard","has-post-thumbnail","hentry","category-oceanos","category-proteja-a-natureza","tag-oceanos","p4-page-type-blog"],"_links":{"self":[{"href":"https:\/\/www.greenpeace.org\/brasil\/wp-json\/wp\/v2\/posts\/11550","targetHints":{"allow":["GET"]}}],"collection":[{"href":"https:\/\/www.greenpeace.org\/brasil\/wp-json\/wp\/v2\/posts"}],"about":[{"href":"https:\/\/www.greenpeace.org\/brasil\/wp-json\/wp\/v2\/types\/post"}],"author":[{"embeddable":true,"href":"https:\/\/www.greenpeace.org\/brasil\/wp-json\/wp\/v2\/users\/25"}],"replies":[{"embeddable":true,"href":"https:\/\/www.greenpeace.org\/brasil\/wp-json\/wp\/v2\/comments?post=11550"}],"version-history":[{"count":9,"href":"https:\/\/www.greenpeace.org\/brasil\/wp-json\/wp\/v2\/posts\/11550\/revisions"}],"predecessor-version":[{"id":58745,"href":"https:\/\/www.greenpeace.org\/brasil\/wp-json\/wp\/v2\/posts\/11550\/revisions\/58745"}],"wp:featuredmedia":[{"embeddable":true,"href":"https:\/\/www.greenpeace.org\/brasil\/wp-json\/wp\/v2\/media\/11552"}],"wp:attachment":[{"href":"https:\/\/www.greenpeace.org\/brasil\/wp-json\/wp\/v2\/media?parent=11550"}],"wp:term":[{"taxonomy":"category","embeddable":true,"href":"https:\/\/www.greenpeace.org\/brasil\/wp-json\/wp\/v2\/categories?post=11550"},{"taxonomy":"post_tag","embeddable":true,"href":"https:\/\/www.greenpeace.org\/brasil\/wp-json\/wp\/v2\/tags?post=11550"},{"taxonomy":"p4-page-type","embeddable":true,"href":"https:\/\/www.greenpeace.org\/brasil\/wp-json\/wp\/v2\/p4-page-type?post=11550"}],"curies":[{"name":"wp","href":"https:\/\/api.w.org\/{rel}","templated":true}]}}