{"id":11653,"date":"2019-09-26T10:32:44","date_gmt":"2019-09-26T13:32:44","guid":{"rendered":"https:\/\/www.greenpeace.org\/brasil\/?p=11653"},"modified":"2019-11-06T05:19:17","modified_gmt":"2019-11-06T08:19:17","slug":"greenpeace-protesta-contra-tour-da-mentira-de-ricardo-salles-na-europa","status":"publish","type":"post","link":"https:\/\/www.greenpeace.org\/brasil\/blog\/greenpeace-protesta-contra-tour-da-mentira-de-ricardo-salles-na-europa\/","title":{"rendered":"Greenpeace protesta contra \u201ctour da mentira\u201d de Ricardo Salles na Europa"},"content":{"rendered":"<h4>Ministro do Meio Ambiente participa de encontro com investidores franceses para \u201climpar a barra\u201d do Brasil no exterior, mas continua sem apresentar planos de prote\u00e7\u00e3o para a Amaz\u00f4nia<\/h4>\n<p>Ativistas do Greenpeace recepcionaram o ministro do Meio Ambiente, Ricardo Salles, nesta quinta-feira (26) em frente \u00e0 resid\u00eancia do embaixador brasileiro em Paris, na primeira parada de sua turn\u00ea europeia na defesa da imagem do governo. No momento da atividade, o ministro participava de uma reuni\u00e3o com empresas e investidores franceses.<\/p>\n<p>Os ativistas exibiram uma faixa apontando para a responsabilidade do governo brasileiro sobre o aumento do desmatamento na Amaz\u00f4nia com a mensagem \u201cBolsonaro &#8211; Amazon-Killer&#8221; (<i>Bolsonaro &#8211; assassino da Amaz\u00f4nia<\/i>). Os ativistas tamb\u00e9m tocaram uma centena de alarmes no p\u00e1tio da resid\u00eancia para lembrar o ministro que a falta de a\u00e7\u00e3o do Brasil n\u00e3o passar\u00e1 despercebida. N\u00e3o houve bloqueio das entradas do pr\u00e9dio e nem impedimento da entrada ou sa\u00edda de pessoas e ve\u00edculos. A pol\u00edcia foi acionada e acompanhou o protesto \u00e0 dist\u00e2ncia, visto que n\u00e3o houve qualquer tipo de amea\u00e7a ou agress\u00e3o aos presentes na reuni\u00e3o.<\/p>\n<div id=\"attachment_11654\" style=\"width: 2510px\" class=\"wp-caption aligncenter\"><img loading=\"lazy\" decoding=\"async\" aria-describedby=\"caption-attachment-11654\" class=\"size-full wp-image-11654\" src=\"https:\/\/www.greenpeace.org\/static\/planet4-brasil-stateless\/2019\/09\/d9f674cb-26092019-_a4h3386.jpg\" alt=\"\" width=\"2500\" height=\"1667\" srcset=\"https:\/\/www.greenpeace.org\/static\/planet4-brasil-stateless\/2019\/09\/d9f674cb-26092019-_a4h3386.jpg 2500w, https:\/\/www.greenpeace.org\/static\/planet4-brasil-stateless\/2019\/09\/d9f674cb-26092019-_a4h3386-300x200.jpg 300w, https:\/\/www.greenpeace.org\/static\/planet4-brasil-stateless\/2019\/09\/d9f674cb-26092019-_a4h3386-768x512.jpg 768w, https:\/\/www.greenpeace.org\/static\/planet4-brasil-stateless\/2019\/09\/d9f674cb-26092019-_a4h3386-1024x683.jpg 1024w, https:\/\/www.greenpeace.org\/static\/planet4-brasil-stateless\/2019\/09\/d9f674cb-26092019-_a4h3386-2048x1366.jpg 2048w, https:\/\/www.greenpeace.org\/static\/planet4-brasil-stateless\/2019\/09\/d9f674cb-26092019-_a4h3386-510x340.jpg 510w\" sizes=\"auto, (max-width: 2500px) 100vw, 2500px\" \/><p id=\"caption-attachment-11654\" class=\"wp-caption-text\">Ativistas realizam protesto durante visita de Ricardo Salles na Fran\u00e7a.<\/p><\/div>\n<p>\u201cO governo brasileiro est\u00e1 empenhado em realizar uma campanha publicit\u00e1ria para apresentar l\u00e1 fora um Brasil que n\u00e3o existe. Em nove meses de governo, assistimos perplexos ao dr\u00e1stico aumento de alertas de desmatamento e de queimadas, que j\u00e1 traz preju\u00edzos diplom\u00e1ticos e econ\u00f4micos ao Pa\u00eds\u201d, diz Luiza Lima, da campanha de Pol\u00edticas P\u00fablicas do Greenpeace Brasil.<\/p>\n<p>Salles declarou que sua inten\u00e7\u00e3o \u00e9 usar esta viagem para mitigar os danos que os inc\u00eandios na Amaz\u00f4nia e as <a href=\"https:\/\/www.patriaqueimadabrasil.org\/\">pol\u00edticas anti-ambientais do governo Bolsonaro causaram \u00e0 imagem do Brasil<\/a>. Cerca de 2,5 milh\u00f5es de hectares foram queimados na Amaz\u00f4nia brasileira apenas em agosto, e o n\u00famero de inc\u00eandios quase dobrou desde o in\u00edcio da presid\u00eancia de Bolsonaro, em compara\u00e7\u00e3o com o ano passado, de acordo com <a href=\"http:\/\/queimadas.dgi.inpe.br\/queimadas\/bdqueimadas\">dados do INPE<\/a> (Instituto Nacional de Pesquisas Espaciais).<\/p>\n<div id=\"attachment_11663\" style=\"width: 1034px\" class=\"wp-caption aligncenter\"><img loading=\"lazy\" decoding=\"async\" aria-describedby=\"caption-attachment-11663\" class=\"size-large wp-image-11663\" src=\"https:\/\/www.greenpeace.org\/static\/planet4-brasil-stateless\/2019\/09\/157cacac-a4h3431-1024x683.jpg\" alt=\"\" width=\"1024\" height=\"683\" srcset=\"https:\/\/www.greenpeace.org\/static\/planet4-brasil-stateless\/2019\/09\/157cacac-a4h3431-1024x683.jpg 1024w, https:\/\/www.greenpeace.org\/static\/planet4-brasil-stateless\/2019\/09\/157cacac-a4h3431-300x200.jpg 300w, https:\/\/www.greenpeace.org\/static\/planet4-brasil-stateless\/2019\/09\/157cacac-a4h3431-768x512.jpg 768w, https:\/\/www.greenpeace.org\/static\/planet4-brasil-stateless\/2019\/09\/157cacac-a4h3431-2048x1366.jpg 2048w, https:\/\/www.greenpeace.org\/static\/planet4-brasil-stateless\/2019\/09\/157cacac-a4h3431-510x340.jpg 510w\" sizes=\"auto, (max-width: 1024px) 100vw, 1024px\" \/><p id=\"caption-attachment-11663\" class=\"wp-caption-text\">N\u00e3o houve bloqueio das entradas do pr\u00e9dio e nem impedimento da entrada ou sa\u00edda de pessoas e ve\u00edculos.<\/p><\/div>\n<p>A agenda da viagem de 10 dias do ministro na Europa inclui reuni\u00f5es com imprensa, governos e empresas na Fran\u00e7a, Alemanha e Reino Unido. \u201cAo inv\u00e9s de tentar melhorar a imagem do Brasil com discursos falaciosos, o governo deveria assumir sua responsabilidade em garantir a prote\u00e7\u00e3o do meio ambiente e colocar em pr\u00e1tica medidas concretas para reduzir o desmatamento\u201d, afirma Luiza.<\/p>\n<p>O Greenpeace exige <a href=\"https:\/\/www.greenpeace.org.br\/todos-pela-amazonia\/queimadas?utm_referrer=https%3A%2F%2Fwww.greenpeace.org%2Fbrasil%2Fblog%2Fcampanha-governo-bolsonaro-assembleia-onu%2F\">a\u00e7\u00f5es efetivas no Brasil<\/a> e pede que os pa\u00edses europeus adotem legisla\u00e7\u00f5es que garantam que suas cadeias de suprimentos n\u00e3o estejam ligadas ao desmatamento, \u00e0 destrui\u00e7\u00e3o de ecossistemas ou \u00e0 viola\u00e7\u00f5es de direitos humanos na Amaz\u00f4nia ou em outras regi\u00f5es do mundo. &#8220;Estamos aqui hoje para denunciar a pol\u00edtica do governo brasileiro, mas a Fran\u00e7a tamb\u00e9m \u00e9 c\u00famplice desta pol\u00edtica piroman\u00edaca ao n\u00e3o tomar medidas concretas para proibir a chegada de mat\u00e9rias-primas que contribuem para o desmatamento&#8221;, diz Suzanne Dalle, da campanha de Agricultura do Greenpeace Fran\u00e7a.<\/p>\n<p>Al\u00e9m da turn\u00ea de Salles, o governo Bolsonaro tamb\u00e9m est\u00e1 realizando uma <a href=\"https:\/\/exame.abril.com.br\/brasil\/governo-inicia-campanha-brazil-by-brasil-para-melhorar-imagem-do-pais\/\">campanha publicit\u00e1ria internacional de R$ 40 milh\u00f5es para limpar a imagem do Brasil<\/a> e reafirmar sua soberania no desenvolvimento da regi\u00e3o amaz\u00f4nica. Com este mesmo valor, o governo poderia manter mais de 3.300 bombeiros na Amaz\u00f4nia por seis meses [6]. Al\u00e9m da economia dos cofres p\u00fablicos, se eles fossem honestos, o v\u00eddeo seria bem diferente:<\/p>\n<lite-youtube style=\"background-image: url('https:\/\/i.ytimg.com\/vi\/2ZFfHFTGiEc\/hqdefault.jpg');\" videoid=\"2ZFfHFTGiEc\" params=\"rel=0\"><\/lite-youtube>\n","protected":false},"excerpt":{"rendered":"<p>Ministro do Meio Ambiente participa de encontro com investidores franceses para \u201climpar a barra\u201d do Brasil no exterior, mas continua sem apresentar planos de prote\u00e7\u00e3o para a Amaz\u00f4nia<\/p>\n","protected":false},"author":24,"featured_media":11654,"comment_status":"open","ping_status":"closed","sticky":false,"template":"","format":"standard","meta":{"ep_exclude_from_search":false,"p4_og_title":"","p4_og_description":"","p4_og_image":"","p4_og_image_id":"","p4_seo_canonical_url":"","p4_campaign_name":"not set","p4_local_project":"","p4_basket_name":"not set","p4_department":"","footnotes":""},"categories":[3],"tags":[6,22],"p4-page-type":[16],"class_list":["post-11653","post","type-post","status-publish","format-standard","has-post-thumbnail","hentry","category-proteja-a-natureza","tag-clima","tag-florestas","p4-page-type-blog"],"_links":{"self":[{"href":"https:\/\/www.greenpeace.org\/brasil\/wp-json\/wp\/v2\/posts\/11653","targetHints":{"allow":["GET"]}}],"collection":[{"href":"https:\/\/www.greenpeace.org\/brasil\/wp-json\/wp\/v2\/posts"}],"about":[{"href":"https:\/\/www.greenpeace.org\/brasil\/wp-json\/wp\/v2\/types\/post"}],"author":[{"embeddable":true,"href":"https:\/\/www.greenpeace.org\/brasil\/wp-json\/wp\/v2\/users\/24"}],"replies":[{"embeddable":true,"href":"https:\/\/www.greenpeace.org\/brasil\/wp-json\/wp\/v2\/comments?post=11653"}],"version-history":[{"count":5,"href":"https:\/\/www.greenpeace.org\/brasil\/wp-json\/wp\/v2\/posts\/11653\/revisions"}],"predecessor-version":[{"id":11665,"href":"https:\/\/www.greenpeace.org\/brasil\/wp-json\/wp\/v2\/posts\/11653\/revisions\/11665"}],"wp:featuredmedia":[{"embeddable":true,"href":"https:\/\/www.greenpeace.org\/brasil\/wp-json\/wp\/v2\/media\/11654"}],"wp:attachment":[{"href":"https:\/\/www.greenpeace.org\/brasil\/wp-json\/wp\/v2\/media?parent=11653"}],"wp:term":[{"taxonomy":"category","embeddable":true,"href":"https:\/\/www.greenpeace.org\/brasil\/wp-json\/wp\/v2\/categories?post=11653"},{"taxonomy":"post_tag","embeddable":true,"href":"https:\/\/www.greenpeace.org\/brasil\/wp-json\/wp\/v2\/tags?post=11653"},{"taxonomy":"p4-page-type","embeddable":true,"href":"https:\/\/www.greenpeace.org\/brasil\/wp-json\/wp\/v2\/p4-page-type?post=11653"}],"curies":[{"name":"wp","href":"https:\/\/api.w.org\/{rel}","templated":true}]}}