{"id":11671,"date":"2019-09-27T17:43:06","date_gmt":"2019-09-27T20:43:06","guid":{"rendered":"https:\/\/www.greenpeace.org\/brasil\/?p=11671"},"modified":"2024-04-03T14:34:46","modified_gmt":"2024-04-03T17:34:46","slug":"setembro-o-mes-em-que-o-mundo-foi-as-ruas-pelo-clima","status":"publish","type":"post","link":"https:\/\/www.greenpeace.org\/brasil\/blog\/setembro-o-mes-em-que-o-mundo-foi-as-ruas-pelo-clima\/","title":{"rendered":"Setembro: o m\u00eas em que o mundo foi \u00e0s ruas pelo clima"},"content":{"rendered":"<h4>Hoje, milhares de manifestantes em pelo menos 10 pa\u00edses voltaram a protestar contra as mudan\u00e7as clim\u00e1ticas<\/h4>\n<div id=\"attachment_11688\" style=\"width: 3343px\" class=\"wp-caption alignnone\"><img loading=\"lazy\" decoding=\"async\" aria-describedby=\"caption-attachment-11688\" class=\"wp-image-11688 size-full\" src=\"https:\/\/www.greenpeace.org\/static\/planet4-brasil-stateless\/2019\/09\/48600503-img_4865-1.jpg\" alt=\"\" width=\"3333\" height=\"2500\" srcset=\"https:\/\/www.greenpeace.org\/static\/planet4-brasil-stateless\/2019\/09\/48600503-img_4865-1.jpg 3333w, https:\/\/www.greenpeace.org\/static\/planet4-brasil-stateless\/2019\/09\/48600503-img_4865-1-300x225.jpg 300w, https:\/\/www.greenpeace.org\/static\/planet4-brasil-stateless\/2019\/09\/48600503-img_4865-1-768x576.jpg 768w, https:\/\/www.greenpeace.org\/static\/planet4-brasil-stateless\/2019\/09\/48600503-img_4865-1-1024x768.jpg 1024w, https:\/\/www.greenpeace.org\/static\/planet4-brasil-stateless\/2019\/09\/48600503-img_4865-1-1821x1366.jpg 1821w, https:\/\/www.greenpeace.org\/static\/planet4-brasil-stateless\/2019\/09\/48600503-img_4865-1-453x340.jpg 453w\" sizes=\"auto, (max-width: 3333px) 100vw, 3333px\" \/><p id=\"caption-attachment-11688\" class=\"wp-caption-text\">Jovens do Fridays For Future Brasil (RJ) fazem artivismo em frente a ALERJ, como parte das a\u00e7\u00f5es da Greve Global pelo Clima, 27\/09<\/p><\/div>\n<p>Entre sexta-feira passada e hoje, milh\u00f5es de pessoas foram \u00e0s ruas em pelo menos 150 pa\u00edses. E o Brasil fez parte dessa grande mobiliza\u00e7\u00e3o, a <strong>Greve Global pelo Clima<\/strong>, uma onda de protestos ligada ao movimento &#8220;<strong>Fridays for Future<\/strong>&#8221; (Sextas-feiras pelo futuro).<\/p>\n<p>No dia 20, quando aconteceram as grandes mobiliza\u00e7\u00f5es no pa\u00eds, pelo menos 60 mil pessoas participaram de 70 a\u00e7\u00f5es, em mais de 80 cidades. Ao longo da semana, jovens de v\u00e1rias regi\u00f5es continuaram fazendo atividades para levar a discuss\u00e3o sobre a<strong> emerg\u00eancia clim\u00e1tica<\/strong> para as ruas atrav\u00e9s de atos de artivismo, que re\u00fane ativismo e arte, cine debates, entre outras.<\/p>\n<p><strong>E apesar da propor\u00e7\u00e3o gigantesca que a luta clim\u00e1tica tomou, como os governantes est\u00e3o respondendo a esse chamado da sociedade?<\/strong><\/p>\n<p>Enquanto a Greve Global pelo Clima acontecia, lideran\u00e7as mundiais se reuniam em Nova Iorque na <strong>C\u00fapula do Clima da ONU<\/strong> (Organiza\u00e7\u00e3o das Na\u00e7\u00f5es Unidas), no dia 23 de setembro. Neste dia, o secret\u00e1rio-geral da ONU, Antonio Guterrez, requisitou que lideran\u00e7as discutissem pol\u00edticas e compromissos para conter o aquecimento global; uma resposta \u00e0s exig\u00eancias do Acordo de Paris, que entra em vigor em 2020, compromisso assumido por 195 pa\u00edses para conter o aquecimento global a 2\u00b0C, buscando limit\u00e1-lo a 1,5\u00baC. Mas para isso, os pa\u00edses precisariam ter feito a li\u00e7\u00e3o de casa e ter apresentado propostas reais de redu\u00e7\u00e3o de emiss\u00f5es de gases que intensificam o aquecimento global.<\/p>\n<p>No entanto,<strong> as propostas dos pa\u00edses para o clima est\u00e3o bem longe de serem consideradas suficientes e tamb\u00e9m de atingir as metas exigidas pelo Acordo.<\/strong> \u00c9 preciso mais ambi\u00e7\u00e3o.<\/p>\n<p>Para se ter uma ideia de como o Brasil est\u00e1 nessa hist\u00f3ria, no discurso de\u00a0Jair Bolsonaro na Assembleia Geral da ONU, um dia depois da C\u00fapula do Clima, mesmo com o recado enviado das ruas, o presidente preferiu<a href=\"https:\/\/www.greenpeace.org\/brasil\/blog\/na-onu-bolsonaro-tenta-vender-a-imagem-de-um-brasil-que-nao-existe\/\"> atacar a lideran\u00e7as ind\u00edgenas<\/a> e organiza\u00e7\u00f5es ambientais, sem embasamento na realidade.<\/p>\n<p>Diante disso, \u00e9 importante destacar ainda o fato de que <strong>sua presen\u00e7a j\u00e1 havia sido vetada na C\u00fapula do Clima, assim como a de outros presidentes que t\u00eam atuado de maneira negligente quanto \u00e0s mudan\u00e7as clim\u00e1ticas.<\/strong><\/p>\n\n\t\t<style type=\"text\/css\">\n\t\t\t#gallery-1 {\n\t\t\t\tmargin: auto;\n\t\t\t}\n\t\t\t#gallery-1 .gallery-item {\n\t\t\t\tfloat: left;\n\t\t\t\tmargin-top: 10px;\n\t\t\t\ttext-align: center;\n\t\t\t\twidth: 33%;\n\t\t\t}\n\t\t\t#gallery-1 img {\n\t\t\t\tborder: 2px solid #cfcfcf;\n\t\t\t}\n\t\t\t#gallery-1 .gallery-caption {\n\t\t\t\tmargin-left: 0;\n\t\t\t}\n\t\t\t\/* see gallery_shortcode() in wp-includes\/media.php *\/\n\t\t<\/style>\n\t\t<div id='gallery-1' class='gallery galleryid-11671 gallery-columns-3 gallery-size-thumbnail'><dl class='gallery-item'>\n\t\t\t<dt class='gallery-icon landscape'>\n\t\t\t\t<img loading=\"lazy\" decoding=\"async\" width=\"150\" height=\"150\" src=\"https:\/\/www.greenpeace.org\/static\/planet4-brasil-stateless\/2019\/09\/f512ed20-gp0stu0gt-150x150.jpg\" class=\"attachment-thumbnail size-thumbnail wp-stateless-item\" alt=\"Climate Strike in The Hague, Netherlands, 27 September. \u00a9 Maaike Schauer \/ Greenpeace\" aria-describedby=\"gallery-1-11695\" data-image-size=\"thumbnail\" data-stateless-media-bucket=\"planet4-brasil-stateless\" data-stateless-media-name=\"2019\/09\/f512ed20-gp0stu0gt.jpg\" \/>\n\t\t\t<\/dt>\n\t\t\t\t<dd class='wp-caption-text gallery-caption' id='gallery-1-11695'>\n\t\t\t\tMilhares de pessoas em Den Haag, Holanda, em 27\/09\n\t\t\t\t<\/dd><\/dl><dl class='gallery-item'>\n\t\t\t<dt class='gallery-icon landscape'>\n\t\t\t\t<img loading=\"lazy\" decoding=\"async\" width=\"150\" height=\"150\" src=\"https:\/\/www.greenpeace.org\/static\/planet4-brasil-stateless\/2019\/09\/2d89529f-gp0stu0do-150x150.jpg\" class=\"attachment-thumbnail size-thumbnail wp-stateless-item\" alt=\"Youth Climate Strike in Seoul, S.Korea. \u00a9 Soojung Do \/ Greenpeace\" aria-describedby=\"gallery-1-11696\" data-image-size=\"thumbnail\" data-stateless-media-bucket=\"planet4-brasil-stateless\" data-stateless-media-name=\"2019\/09\/2d89529f-gp0stu0do.jpg\" \/>\n\t\t\t<\/dt>\n\t\t\t\t<dd class='wp-caption-text gallery-caption' id='gallery-1-11696'>\n\t\t\t\tJovens ativistas em Seul, na Coreia do Sul, em 27\/09. A greve mobilizou mais de 1.000 mil cidad\u00e3os.\n\t\t\t\t<\/dd><\/dl><dl class='gallery-item'>\n\t\t\t<dt class='gallery-icon landscape'>\n\t\t\t\t<img loading=\"lazy\" decoding=\"async\" width=\"150\" height=\"150\" src=\"https:\/\/www.greenpeace.org\/static\/planet4-brasil-stateless\/2019\/09\/dae77a99-gp0stu0f2-150x150.jpg\" class=\"attachment-thumbnail size-thumbnail wp-stateless-item\" alt=\"Global Climate Strike in Rome. \u00a9 Greenpeace \/ Massimo Guidi\" aria-describedby=\"gallery-1-11697\" data-image-size=\"thumbnail\" data-stateless-media-bucket=\"planet4-brasil-stateless\" data-stateless-media-name=\"2019\/09\/dae77a99-gp0stu0f2.jpg\" \/>\n\t\t\t<\/dt>\n\t\t\t\t<dd class='wp-caption-text gallery-caption' id='gallery-1-11697'>\n\t\t\t\tJovens na luta pelo clima em Roma, It\u00e1lia, em 27\/09.\n\t\t\t\t<\/dd><\/dl><br style=\"clear: both\" \/><dl class='gallery-item'>\n\t\t\t<dt class='gallery-icon portrait'>\n\t\t\t\t<img loading=\"lazy\" decoding=\"async\" width=\"150\" height=\"150\" src=\"https:\/\/www.greenpeace.org\/static\/planet4-brasil-stateless\/2019\/09\/09fc090f-gp0stu0gl-150x150.jpg\" class=\"attachment-thumbnail size-thumbnail wp-stateless-item\" alt=\"Climate Strike in The Hague, Netherlands, 27 September. \u00a9 Maaike Schauer \/ Greenpeace\" aria-describedby=\"gallery-1-11698\" data-image-size=\"thumbnail\" data-stateless-media-bucket=\"planet4-brasil-stateless\" data-stateless-media-name=\"2019\/09\/09fc090f-gp0stu0gl.jpg\" \/>\n\t\t\t<\/dt>\n\t\t\t\t<dd class='wp-caption-text gallery-caption' id='gallery-1-11698'>\n\t\t\t\tManifesta\u00e7\u00e3o em Den Haag, Holanda, em 27\/09.\n\t\t\t\t<\/dd><\/dl><dl class='gallery-item'>\n\t\t\t<dt class='gallery-icon landscape'>\n\t\t\t\t<img loading=\"lazy\" decoding=\"async\" width=\"150\" height=\"150\" src=\"https:\/\/www.greenpeace.org\/static\/planet4-brasil-stateless\/2019\/09\/388af0cd-gp0stu0fz-150x150.jpg\" class=\"attachment-thumbnail size-thumbnail wp-stateless-item\" alt=\"Climate strike near the Russian Government House. \u00a9 Vladislav Zalevskiy \/ Greenpeace\" aria-describedby=\"gallery-1-11699\" data-image-size=\"thumbnail\" data-stateless-media-bucket=\"planet4-brasil-stateless\" data-stateless-media-name=\"2019\/09\/388af0cd-gp0stu0fz.jpg\" \/>\n\t\t\t<\/dt>\n\t\t\t\t<dd class='wp-caption-text gallery-caption' id='gallery-1-11699'>\n\t\t\t\t&#8220;Ajam agora&#8221;, diz a bandeira humana composta por 85 ativistas russos que protestaram em frente a Casa do Governo, em Moscou.\n\t\t\t\t<\/dd><\/dl><dl class='gallery-item'>\n\t\t\t<dt class='gallery-icon landscape'>\n\t\t\t\t<img loading=\"lazy\" decoding=\"async\" width=\"150\" height=\"150\" src=\"https:\/\/www.greenpeace.org\/static\/planet4-brasil-stateless\/2019\/09\/376e626b-gp0stty17-150x150.jpg\" class=\"attachment-thumbnail size-thumbnail wp-stateless-item\" alt=\"Global Climate Strike in S\u00e3o Paulo, Brazil. \u00a9 Barbara Veiga \/ Greenpeace\" aria-describedby=\"gallery-1-11700\" data-image-size=\"thumbnail\" data-stateless-media-bucket=\"planet4-brasil-stateless\" data-stateless-media-name=\"2019\/09\/376e626b-gp0stty17.jpg\" \/>\n\t\t\t<\/dt>\n\t\t\t\t<dd class='wp-caption-text gallery-caption' id='gallery-1-11700'>\n\t\t\t\tJovens na Greve Global pelo Clima em S\u00e3o Paulo, em 20\/09.\n\t\t\t\t<\/dd><\/dl><br style=\"clear: both\" \/>\n\t\t<\/div>\n\n<p><strong>Enquanto os governantes n\u00e3o agirem, os jovens continuar\u00e3o indo \u00e0s ruas para lutar por justi\u00e7a.<\/strong> A emerg\u00eancia clim\u00e1tica \u00e9 um problema de todos, mas que atinge principalmente aqueles que menos contribuem para elas. Mesmo mudando h\u00e1bitos individuais, \u00e9 necess\u00e1rio que haja press\u00e3o para que a comunidade internacional leve a discuss\u00e3o a s\u00e9rio e traga solu\u00e7\u00f5es.<strong> Governos e empresas precisam migrar para a produ\u00e7\u00e3o de combust\u00edveis renov\u00e1veis e criar empregos que n\u00e3o dependam de viola\u00e7\u00f5es de direitos do trabalhador e daqueles que s\u00e3o indiretamente atingidos pela crise do clima.<\/strong><\/p>\n<p>Nas palavras da ativista pelo clima, Greta Thumberg, que lidera o movimento mundial \u201cFridays For Future\u201d, fica marcado o peso do presente que constru\u00edmos para esses jovens: \u201cComo voc\u00eas se atrevem? Voc\u00eas roubaram meus sonhos e minha inf\u00e2ncia com suas palavras vazias\u201d.<\/p>\n<p><strong>As vozes da rua continuar\u00e3o seus gritos at\u00e9 que governantes fa\u00e7am algo. N\u00e3o ouvir as novas gera\u00e7\u00f5es \u00e9 um ato irrespons\u00e1vel.<\/strong><\/p>\n","protected":false},"excerpt":{"rendered":"<p>Hoje, milhares de manifestantes em pelo menos 10 pa\u00edses voltaram a protestar contra as mudan\u00e7as clim\u00e1ticas Entre sexta-feira passada, 20, e hoje, milh\u00f5es de pessoas foram \u00e0s ruas em pelo&hellip;<\/p>\n","protected":false},"author":67,"featured_media":11688,"comment_status":"open","ping_status":"closed","sticky":false,"template":"","format":"standard","meta":{"ep_exclude_from_search":false,"p4_og_title":"","p4_og_description":"","p4_og_image":"","p4_og_image_id":"","p4_seo_canonical_url":"","p4_campaign_name":"not set","p4_local_project":"","p4_basket_name":"not set","p4_department":"","footnotes":""},"categories":[4,2],"tags":[6],"p4-page-type":[16],"class_list":["post-11671","post","type-post","status-publish","format-standard","has-post-thumbnail","hentry","category-ativismo","category-transforme-a-sociedade","tag-clima","p4-page-type-blog"],"_links":{"self":[{"href":"https:\/\/www.greenpeace.org\/brasil\/wp-json\/wp\/v2\/posts\/11671","targetHints":{"allow":["GET"]}}],"collection":[{"href":"https:\/\/www.greenpeace.org\/brasil\/wp-json\/wp\/v2\/posts"}],"about":[{"href":"https:\/\/www.greenpeace.org\/brasil\/wp-json\/wp\/v2\/types\/post"}],"author":[{"embeddable":true,"href":"https:\/\/www.greenpeace.org\/brasil\/wp-json\/wp\/v2\/users\/67"}],"replies":[{"embeddable":true,"href":"https:\/\/www.greenpeace.org\/brasil\/wp-json\/wp\/v2\/comments?post=11671"}],"version-history":[{"count":15,"href":"https:\/\/www.greenpeace.org\/brasil\/wp-json\/wp\/v2\/posts\/11671\/revisions"}],"predecessor-version":[{"id":52045,"href":"https:\/\/www.greenpeace.org\/brasil\/wp-json\/wp\/v2\/posts\/11671\/revisions\/52045"}],"wp:featuredmedia":[{"embeddable":true,"href":"https:\/\/www.greenpeace.org\/brasil\/wp-json\/wp\/v2\/media\/11688"}],"wp:attachment":[{"href":"https:\/\/www.greenpeace.org\/brasil\/wp-json\/wp\/v2\/media?parent=11671"}],"wp:term":[{"taxonomy":"category","embeddable":true,"href":"https:\/\/www.greenpeace.org\/brasil\/wp-json\/wp\/v2\/categories?post=11671"},{"taxonomy":"post_tag","embeddable":true,"href":"https:\/\/www.greenpeace.org\/brasil\/wp-json\/wp\/v2\/tags?post=11671"},{"taxonomy":"p4-page-type","embeddable":true,"href":"https:\/\/www.greenpeace.org\/brasil\/wp-json\/wp\/v2\/p4-page-type?post=11671"}],"curies":[{"name":"wp","href":"https:\/\/api.w.org\/{rel}","templated":true}]}}