{"id":11733,"date":"2019-09-30T10:20:43","date_gmt":"2019-09-30T13:20:43","guid":{"rendered":"https:\/\/www.greenpeace.org\/brasil\/?p=11733"},"modified":"2022-03-04T10:07:51","modified_gmt":"2022-03-04T13:07:51","slug":"apos-paris-salles-e-recebido-com-protestos-em-berlim","status":"publish","type":"post","link":"https:\/\/www.greenpeace.org\/brasil\/blog\/apos-paris-salles-e-recebido-com-protestos-em-berlim\/","title":{"rendered":"Ap\u00f3s Paris, Salles \u00e9 recebido com protestos em Berlim"},"content":{"rendered":"<h4>Ativistas fizeram manifesta\u00e7\u00e3o pac\u00edfica exigindo prote\u00e7\u00e3o \u00e0s florestas enquanto o ministro tentava se reunir com empres\u00e1rios alem\u00e3es; encontro foi cancelado<\/h4>\n<p><em>Atualizado em 01\/10\/2019.<\/em><\/p>\n<p>Nesta segunda-feira (30), ativistas do Greenpeace protestaram em frente \u00e0 Confedera\u00e7\u00e3o Alem\u00e3 das C\u00e2maras de Ind\u00fastria e Com\u00e9rcio em Berlim, onde o ministro do Meio Ambiente, Ricardo Salles, se reuniria com representantes de empresas alem\u00e3s. Ap\u00f3s o protesto, o encontro foi cancelado.<\/p>\n<p>Cerca de 50 ativistas montaram um cord\u00e3o de isolamento e instalaram um tronco de madeira da Amaz\u00f4nia carbonizado em frente ao edif\u00edcio para impedir a entrada de Salles. No local abriram\u00a0 faixas criticando a destrui\u00e7\u00e3o da Amaz\u00f4nia e exigindo o fim de \u201cneg\u00f3cios com criminosos clim\u00e1ticos&#8221;.<\/p>\n<div id=\"attachment_11734\" style=\"width: 1034px\" class=\"wp-caption aligncenter\"><img loading=\"lazy\" decoding=\"async\" aria-describedby=\"caption-attachment-11734\" class=\"size-large wp-image-11734\" src=\"https:\/\/www.greenpeace.org\/static\/planet4-brasil-stateless\/2019\/09\/f0453593-gp0stu0va_pressmedia-1024x683.jpg\" alt=\"\" width=\"1024\" height=\"683\" srcset=\"https:\/\/www.greenpeace.org\/static\/planet4-brasil-stateless\/2019\/09\/f0453593-gp0stu0va_pressmedia-1024x683.jpg 1024w, https:\/\/www.greenpeace.org\/static\/planet4-brasil-stateless\/2019\/09\/f0453593-gp0stu0va_pressmedia-300x200.jpg 300w, https:\/\/www.greenpeace.org\/static\/planet4-brasil-stateless\/2019\/09\/f0453593-gp0stu0va_pressmedia-768x512.jpg 768w, https:\/\/www.greenpeace.org\/static\/planet4-brasil-stateless\/2019\/09\/f0453593-gp0stu0va_pressmedia-2048x1366.jpg 2048w, https:\/\/www.greenpeace.org\/static\/planet4-brasil-stateless\/2019\/09\/f0453593-gp0stu0va_pressmedia-510x340.jpg 510w\" sizes=\"auto, (max-width: 1024px) 100vw, 1024px\" \/><p id=\"caption-attachment-11734\" class=\"wp-caption-text\">Ativistas protestam\u00a0em frente \u00e0 Confedera\u00e7\u00e3o Alem\u00e3 das C\u00e2maras de Ind\u00fastria e Com\u00e9rcio em Berlim.<\/p><\/div>\n<p>Em sua visita \u00e0 Alemanha, Salles tenta limpar a imagem do Brasil para retomar e promover acordos comerciais com um dos pa\u00edses que mais investem por aqui. \u201cAmbas ind\u00fastrias est\u00e3o destruindo o meio ambiente e o clima. No Brasil, a floresta est\u00e1 queimando para dar lugar ao gado e, na Alemanha, uma ind\u00fastria automobil\u00edstica ultrapassada est\u00e1 procurando novos mercados para seus produtos emissores de CO2&#8243;, diz J\u00fcrgen Knirsch, especialista em com\u00e9rcio do Greenpeace Alemanha.<\/p>\n<p>O Greenpeace exige que corpora\u00e7\u00f5es e governos europeus adotem medidas para garantir que suas cadeias de suprimentos n\u00e3o estejam ligadas ao desmatamento, \u00e0 destrui\u00e7\u00e3o de ecossistemas ou a viola\u00e7\u00f5es de direitos humanos. Para ajudar a barrar a crise clim\u00e1tica que j\u00e1 vivenciamos, \u00e9 fundamental que se ponha um fim \u00e0 cumplicidade europeia com o desmatamento da Amaz\u00f4nia.<\/p>\n<p>Nesta ter\u00e7a-feira (1), os ativistas em Berlim fizeram mais dois protestos. O primeiro foi nas imedia\u00e7\u00f5es do edif\u00edcio do Minist\u00e9rio para Coopera\u00e7\u00e3o e Desenvolvimento. Salles, que esteve no local para participar de uma reuni\u00e3o, precisou encarar os ativistas antes de entrar no pr\u00e9dio (mas preferiu esconder o rosto ao passar pelo grupo).<\/p>\n<p>Em seguida, os ativistas atracaram o navio Beluga, do Greenpeace, no rio Spree, perto da embaixada brasileira em Berlim, e se posicionaram em frente ao pr\u00e9dio com uma escultura de um globo terrestre pegando fogo. Salles estava ali em um jantar de neg\u00f3cios e foi recebido com uma mensagem clara, em portugu\u00eas: \u201cEmerg\u00eancia clim\u00e1tica &#8211; Pare a destrui\u00e7\u00e3o da Amaz\u00f4nia!\u201d<\/p>\n<p>\u201cEm sua viagem pela Europa, Salles tem investido seu tempo em tentar convencer investidores, governo e imprensa que a crise na Amaz\u00f4nia est\u00e1 sob controle, enquanto deveria estar implementando medidas concretas para retomar o combate ao crime ambiental e ao desmatamento\u201d, afirma Luiza Lima, da campanha de Pol\u00edticas P\u00fablicas do Greenpeace Brasil. O ministro j\u00e1 esteve na Fran\u00e7a, onde tamb\u00e9m foi recebido<a href=\"https:\/\/www.greenpeace.org\/brasil\/blog\/greenpeace-protesta-contra-tour-da-mentira-de-ricardo-salles-na-europa\/\"> com protestos<\/a>. Ap\u00f3s a Alemanha, segue viagem para a Inglaterra.<\/p>\n","protected":false},"excerpt":{"rendered":"<p>Ativistas fizeram manifesta\u00e7\u00e3o pac\u00edfica exigindo prote\u00e7\u00e3o \u00e0s florestas enquanto o ministro tentava se reunir com empres\u00e1rios alem\u00e3es; encontro foi cancelado<\/p>\n","protected":false},"author":28,"featured_media":11800,"comment_status":"open","ping_status":"closed","sticky":false,"template":"","format":"standard","meta":{"ep_exclude_from_search":false,"p4_og_title":"","p4_og_description":"","p4_og_image":"","p4_og_image_id":"","p4_seo_canonical_url":"","p4_campaign_name":"not set","p4_local_project":"","p4_basket_name":"not set","p4_department":"","footnotes":""},"categories":[4],"tags":[8,22],"p4-page-type":[16],"class_list":["post-11733","post","type-post","status-publish","format-standard","has-post-thumbnail","hentry","category-ativismo","tag-resista","tag-florestas","p4-page-type-blog"],"_links":{"self":[{"href":"https:\/\/www.greenpeace.org\/brasil\/wp-json\/wp\/v2\/posts\/11733","targetHints":{"allow":["GET"]}}],"collection":[{"href":"https:\/\/www.greenpeace.org\/brasil\/wp-json\/wp\/v2\/posts"}],"about":[{"href":"https:\/\/www.greenpeace.org\/brasil\/wp-json\/wp\/v2\/types\/post"}],"author":[{"embeddable":true,"href":"https:\/\/www.greenpeace.org\/brasil\/wp-json\/wp\/v2\/users\/28"}],"replies":[{"embeddable":true,"href":"https:\/\/www.greenpeace.org\/brasil\/wp-json\/wp\/v2\/comments?post=11733"}],"version-history":[{"count":7,"href":"https:\/\/www.greenpeace.org\/brasil\/wp-json\/wp\/v2\/posts\/11733\/revisions"}],"predecessor-version":[{"id":11799,"href":"https:\/\/www.greenpeace.org\/brasil\/wp-json\/wp\/v2\/posts\/11733\/revisions\/11799"}],"wp:featuredmedia":[{"embeddable":true,"href":"https:\/\/www.greenpeace.org\/brasil\/wp-json\/wp\/v2\/media\/11800"}],"wp:attachment":[{"href":"https:\/\/www.greenpeace.org\/brasil\/wp-json\/wp\/v2\/media?parent=11733"}],"wp:term":[{"taxonomy":"category","embeddable":true,"href":"https:\/\/www.greenpeace.org\/brasil\/wp-json\/wp\/v2\/categories?post=11733"},{"taxonomy":"post_tag","embeddable":true,"href":"https:\/\/www.greenpeace.org\/brasil\/wp-json\/wp\/v2\/tags?post=11733"},{"taxonomy":"p4-page-type","embeddable":true,"href":"https:\/\/www.greenpeace.org\/brasil\/wp-json\/wp\/v2\/p4-page-type?post=11733"}],"curies":[{"name":"wp","href":"https:\/\/api.w.org\/{rel}","templated":true}]}}