{"id":1176,"date":"2017-11-15T14:37:00","date_gmt":"2017-11-15T14:37:00","guid":{"rendered":"https:\/\/www.greenpeace.org\/brasil\/blog\/conheca-cinthia-professora-doadora-e-voluntaria\/"},"modified":"2019-11-06T05:20:49","modified_gmt":"2019-11-06T08:20:49","slug":"conheca-cinthia-professora-doadora-e-voluntaria","status":"publish","type":"post","link":"https:\/\/www.greenpeace.org\/brasil\/blog\/conheca-cinthia-professora-doadora-e-voluntaria\/","title":{"rendered":"Conhe\u00e7a Cinthia, professora, doadora e volunt\u00e1ria"},"content":{"rendered":"<div class=\"post-content\">\n<h4><strong><span id=\"docs-internal-guid-bca0466e-6994-df82-0d6f-bc3495eaa4b2\"><em>Doadora do Greenpeace h\u00e1 10 anos, \u00a0Cinthia Bordini, professora da rede p\u00fablica de Porto Alegre, trabalha em tr\u00eas turnos, e tamb\u00e9m doa seu tempo como volunt\u00e1ria<\/em><\/span><\/strong><\/h4>\n<p>A paix\u00e3o e zelo pela natureza iniciaram com os ensinamentos dos pais e av\u00f3s. E quando crian\u00e7a, vendo pela TV os volunt\u00e1rios do Greenpeace em a\u00e7\u00e3o, n\u00e3o tirou aquela cena da cabe\u00e7a.<\/p>\n<p><em>\u201cQueria h\u00e1 muito tempo participar, mas o site era dif\u00edcil de acessar, e eu n\u00e3o trabalhava, n\u00e3o tinha como ajudar. Depois de alcan\u00e7ar a minha independ\u00eancia financeira, encontrei um grupo do Greenpeace na Feira do Livro de minha cidade e l\u00e1 me tornei uma doadora.\u201d<\/em><\/p>\n<p>Professora de alfabetiza\u00e7\u00e3o e educa\u00e7\u00e3o f\u00edsica, Cinthia viu a oportunidade de unir seus conhecimentos para falar tamb\u00e9m sobre ecologia e preserva\u00e7\u00e3o ambiental, e replicando o que aprendeu em casa.<\/p>\n<p><img decoding=\"async\" src=\"https:\/\/www.greenpeace.org\/static\/planet4-brasil-stateless\/2018\/07\/140265_252817.jpg\" alt=\"\" \/><\/p>\n<p>Para Cinthia, n\u00e3o bastava doar! Ela decidiu partir para outro est\u00e1gio e ser uma de nossas volunt\u00e1rias:<\/p>\n<p><em>\u201cSempre admirei o Greenpeace, mas hoje vejo com outros olhos, ser doadora e volunt\u00e1ria \u00e9 excelente. Posso testemunhar onde est\u00e1 sendo investido o dinheiro e a responsabilidade e respeito que o Greenpeace tem com os doadores. Os volunt\u00e1rios s\u00e3o pessoas comprometidas e que honram o investimento que \u00e9 feito!\u201d<\/em><\/p>\n<p>Veja coment\u00e1rios da Cinthia sobre suas experi\u00eancias com o Greenpeace:<\/p>\n<p><em>\u201cTenho muitas hist\u00f3rias para contar, gosto de tudo o que fa\u00e7o dentro do Greenpeace. A hist\u00f3ria mais legal foi a campanha de 2010, quando participamos da COP 15, levando uma mensagem para o ent\u00e3o presidente Lula. Era um banner gigante, composto por mensagens de todos os estados. Foram meses unindo crian\u00e7as de diferentes escolas, palestrando e depois pedindo para as crian\u00e7as escreverem mensagens em defesa da natureza. Ver esse banner costurado e com as crian\u00e7as de Porto Alegre l\u00e1 representadas foi emocionante!\u201d<\/em><\/p>\n<p><em>\u201cMe lembro tamb\u00e9m da campanha do Desmatamento Zero, que foi longa, exigiu muito da gente! T\u00ednhamos uma meta de 1,5 milh\u00e3o de assinaturas, foi uma correria e ao mesmo tempo muito envolvente. Nos unimos a outras ONGs de Porto Alegre e ajudamos o Greenpeace a entregar no Congresso a primeira peti\u00e7\u00e3o popular do Brasil, prevista na Constitui\u00e7\u00e3o Federal, algo realmente hist\u00f3rico.\u201d<\/em><br \/>\n<span id=\"docs-internal-guid-bca0466e-6994-b37b-1e12-2b677fe07ed4\"><\/span><\/p>\n<p><em><span id=\"docs-internal-guid-bca0466e-6994-b37b-1e12-2b677fe07ed4\">\u201cQuando conseguimos uma vit\u00f3ria, mesmo que pequena, parcial ou tempor\u00e1ria nas lutas do Greenpeace \u00e9 altamente reconfortante e nos d\u00e1 \u00e2nimo e faz pensar que: <strong>Sim \u00e9 poss\u00edvel fazer algo pelo planeta! Sim, \u00e9 poss\u00edvel contar com a solidariedade das pessoas! Sim, \u00e9 poss\u00edvel sensibilizar a humanidade para as quest\u00f5es ambientais!\u201d<\/strong><\/span><\/em><\/p>\n<div style=\"width: 610px\" class=\"wp-caption alignnone\"><img loading=\"lazy\" decoding=\"async\" src=\"https:\/\/www.greenpeace.org\/static\/planet4-brasil-stateless\/2018\/07\/140266_252819.jpg\" alt=\"\" width=\"600\" height=\"337\" \/><p class=\"wp-caption-text\">Obrigado pela inspira\u00e7\u00e3o, Cinthia. Somos por todos, Somos Greenpeace.<\/p><\/div>\n<p>Aos leitores que quiserem conhecer e participar do nosso grupo de voluntariado, \u00a0visitem o <a href=\"https:\/\/greenwire.greenpeace.org\/brazil\/pt-br\/\">Greenwire<\/a>.<\/p>\n<h4 dir=\"ltr\" style=\"text-align: center;\">Seja o pr\u00f3ximo doador entrevistado, manifeste seu interesse escrevendo para n\u00f3s: \u00a0doador.br@greenpeace.org<\/h4>\n<\/div>\n","protected":false},"excerpt":{"rendered":"<p>Doadora do Greenpeace h\u00e1 10 anos, Cinthia Bordini, professora da rede p\u00fablica de Porto Alegre, trabalha em tr\u00eas turnos, e tamb\u00e9m doa seu tempo como volunt\u00e1ria.\u00a0<\/p>\n","protected":false},"author":28,"featured_media":1177,"comment_status":"open","ping_status":"open","sticky":false,"template":"","format":"standard","meta":{"ep_exclude_from_search":false,"p4_og_title":"","p4_og_description":"","p4_og_image":"","p4_og_image_id":"","p4_seo_canonical_url":"","p4_campaign_name":"","p4_local_project":"","p4_basket_name":"","p4_department":"","footnotes":""},"categories":[4],"tags":[23],"p4-page-type":[16],"class_list":["post-1176","post","type-post","status-publish","format-standard","has-post-thumbnail","hentry","category-ativismo","tag-mobilizacao","p4-page-type-blog"],"_links":{"self":[{"href":"https:\/\/www.greenpeace.org\/brasil\/wp-json\/wp\/v2\/posts\/1176","targetHints":{"allow":["GET"]}}],"collection":[{"href":"https:\/\/www.greenpeace.org\/brasil\/wp-json\/wp\/v2\/posts"}],"about":[{"href":"https:\/\/www.greenpeace.org\/brasil\/wp-json\/wp\/v2\/types\/post"}],"author":[{"embeddable":true,"href":"https:\/\/www.greenpeace.org\/brasil\/wp-json\/wp\/v2\/users\/28"}],"replies":[{"embeddable":true,"href":"https:\/\/www.greenpeace.org\/brasil\/wp-json\/wp\/v2\/comments?post=1176"}],"version-history":[{"count":4,"href":"https:\/\/www.greenpeace.org\/brasil\/wp-json\/wp\/v2\/posts\/1176\/revisions"}],"predecessor-version":[{"id":2288,"href":"https:\/\/www.greenpeace.org\/brasil\/wp-json\/wp\/v2\/posts\/1176\/revisions\/2288"}],"wp:featuredmedia":[{"embeddable":true,"href":"https:\/\/www.greenpeace.org\/brasil\/wp-json\/wp\/v2\/media\/1177"}],"wp:attachment":[{"href":"https:\/\/www.greenpeace.org\/brasil\/wp-json\/wp\/v2\/media?parent=1176"}],"wp:term":[{"taxonomy":"category","embeddable":true,"href":"https:\/\/www.greenpeace.org\/brasil\/wp-json\/wp\/v2\/categories?post=1176"},{"taxonomy":"post_tag","embeddable":true,"href":"https:\/\/www.greenpeace.org\/brasil\/wp-json\/wp\/v2\/tags?post=1176"},{"taxonomy":"p4-page-type","embeddable":true,"href":"https:\/\/www.greenpeace.org\/brasil\/wp-json\/wp\/v2\/p4-page-type?post=1176"}],"curies":[{"name":"wp","href":"https:\/\/api.w.org\/{rel}","templated":true}]}}