{"id":1182,"date":"2015-09-09T00:00:00","date_gmt":"2015-09-09T00:00:00","guid":{"rendered":"https:\/\/www.greenpeace.org\/brasil\/blog\/conheca-os-vencedores-do-desafio-salve-as-florestas\/"},"modified":"2019-11-06T05:21:22","modified_gmt":"2019-11-06T08:21:22","slug":"conheca-os-vencedores-do-desafio-salve-as-florestas","status":"publish","type":"post","link":"https:\/\/www.greenpeace.org\/brasil\/blog\/conheca-os-vencedores-do-desafio-salve-as-florestas\/","title":{"rendered":"Conhe\u00e7a os vencedores do Desafio Salve as Florestas"},"content":{"rendered":"<h4 class=\"leader\"><em>Com o Desafio, a campanha pelo Desmatamento Zero atingiu sua meta de mobilizar a sociedade brasileira pela preserva\u00e7\u00e3o das florestas<\/em><\/h4>\n<div>\n<p>Em junho deste ano o Greenpeace lan\u00e7ou um grande desafio para a popula\u00e7\u00e3o brasileira: salvar nossas florestas. E apesar da complexidade da miss\u00e3o, mais de 45 mil pessoas atenderam ao chamado e contribu\u00edram, cada um a sua maneira, na luta pelo fim do desmatamento.<\/p>\n<p>Durante o Desafio <a href=\"http:\/\/salveasflorestas.org.br\/\">Salve as Florestas<\/a> foram coletadas 62.679 assinaturas em apoio ao projeto de lei pelo Desmatamento Zero, sendo 16.741 em papel, e tudo isso em apenas seis semanas! Foram mais de 400 participantes extremamente engajados, que levaram a mensagem do Desmatamento Zero para mais e mais pessoas.<\/p>\n<p>Os n\u00fameros, por s\u00ed s\u00f3, j\u00e1 tornam a todos vencedores, pois mostram que o Brasil n\u00e3o ir\u00e1 se calar diante do cont\u00ednuo desrespeito \u00e0s florestas e \u00e0s pessoas e animais que a habitam.<\/p>\n<p>Mas, no Desafio, dez ativistas se destacaram em suas mobiliza\u00e7\u00f5es e a M\u00e1rcia Piovezani, de Cascavel (PR), conquistou o primeiro lugar e ir\u00e1 com um acompanhante \u00e0 Manaus para conhecer de perto o trabalho do Greenpeace na Amaz\u00f4nia. A segunda coloca\u00e7\u00e3o ficou com Rhasna Lima, de Fortaleza, que ir\u00e1 para Bras\u00edlia conosco participar da entrega do projeto no Congresso. Os outros oito primeiros colocados tamb\u00e9m ser\u00e3o premiados, com kits do Desmatamento Zero.<\/p>\n<h4>Conhe\u00e7a os vencedores:<\/h4>\n<p>1\u00b0 &#8211; Marcia Piovezani<\/p>\n<p>2\u00b0 &#8211; Rhasna Lima<\/p>\n<p>3\u00b0 &#8211; Edson Jos\u00e9 Firmino<\/p>\n<p>4\u00b0 &#8211; Endell Menezes<\/p>\n<p>5\u00b0 &#8211; Cinthia Gon\u00e7alves<\/p>\n<p>6\u00b0 &#8211; Milena Ferreira Ramos<\/p>\n<p>7\u00b0 &#8211; Leticia de Oliveira Coimbra<\/p>\n<p>8\u00b0 &#8211; Marcos Josselio Alves da Silva<\/p>\n<p>9\u00b0 &#8211; Maria do C\u00e9u Martins Lopes<\/p>\n<p>10\u00b0 &#8211; Jaqueline Santos Borges<\/p>\n<p>Desde 2012 o Greenpeace mant\u00e9m uma campanha para levar ao Congresso Nacional, com apoio da popula\u00e7\u00e3o, um <a href=\"http:\/\/salveasflorestas.org.br\/\">Projeto de Lei pelo Desmatamento Zero no Brasil<\/a>.\u00a0 Pela proposta, fica proibido o corte de florestas nativas e n\u00e3o ser\u00e3o mais emitidas autoriza\u00e7\u00f5es para novos desmatamentos.<\/p>\n<p>A atual legisla\u00e7\u00e3o brasileira ainda permite o desmatamento. Estima-se que, somente na Amaz\u00f4nia, de 10-20 milh\u00f5es de hectares de floresta ainda podem ser cortados legalmente. Legal ou ilegal, o planeta n\u00e3o suportar\u00e1 mais destrui\u00e7\u00e3o e precisamos dar um basta agora. A ci\u00eancia n\u00e3o cansa de nos alertar e esta pode ser a \u00faltima chance de o Brasil mostrar que est\u00e1 pronto para enfrentar os desafios dos novos tempos, com toda sua for\u00e7a e sabedoria.<\/p>\n<p>Gra\u00e7as a voc\u00eas, ficamos cada vez mais pr\u00f3ximos de acabar com o desmatamento no Brasil, e em breve daremos, juntos, mais um passo importante nesse sentido, com a entrega do projeto de lei no Congresso Nacional. Gra\u00e7as a sua mobiliza\u00e7\u00e3o este\u00a0 movimento cresceu e ficou ainda mais forte.<\/p>\n<p>\u00c9\u00a0 uma luta contra o tempo. Sem floresta n\u00e3o tem \u00e1gua, ar puro e nem qualidade de vida. As florestas em p\u00e9 s\u00e3o nosso passaporte para o futuro. Obrigado aos 1,4 milh\u00f5es de brasileiros que fazem parte desse movimento.<\/p>\n<\/div>\n","protected":false},"excerpt":{"rendered":"<p>Com o Desafio, a campanha pelo Desmatamento Zero atingiu sua meta de mobilizar a sociedade brasileira pela preserva\u00e7\u00e3o das florestas.<\/p>\n","protected":false},"author":28,"featured_media":0,"comment_status":"open","ping_status":"open","sticky":false,"template":"","format":"standard","meta":{"ep_exclude_from_search":false,"p4_og_title":"","p4_og_description":"","p4_og_image":"","p4_og_image_id":"","p4_seo_canonical_url":"","p4_campaign_name":"","p4_local_project":"","p4_basket_name":"","p4_department":"","footnotes":""},"categories":[3],"tags":[22],"p4-page-type":[16],"class_list":["post-1182","post","type-post","status-publish","format-standard","hentry","category-proteja-a-natureza","tag-florestas","p4-page-type-blog"],"_links":{"self":[{"href":"https:\/\/www.greenpeace.org\/brasil\/wp-json\/wp\/v2\/posts\/1182","targetHints":{"allow":["GET"]}}],"collection":[{"href":"https:\/\/www.greenpeace.org\/brasil\/wp-json\/wp\/v2\/posts"}],"about":[{"href":"https:\/\/www.greenpeace.org\/brasil\/wp-json\/wp\/v2\/types\/post"}],"author":[{"embeddable":true,"href":"https:\/\/www.greenpeace.org\/brasil\/wp-json\/wp\/v2\/users\/28"}],"replies":[{"embeddable":true,"href":"https:\/\/www.greenpeace.org\/brasil\/wp-json\/wp\/v2\/comments?post=1182"}],"version-history":[{"count":2,"href":"https:\/\/www.greenpeace.org\/brasil\/wp-json\/wp\/v2\/posts\/1182\/revisions"}],"predecessor-version":[{"id":2694,"href":"https:\/\/www.greenpeace.org\/brasil\/wp-json\/wp\/v2\/posts\/1182\/revisions\/2694"}],"wp:attachment":[{"href":"https:\/\/www.greenpeace.org\/brasil\/wp-json\/wp\/v2\/media?parent=1182"}],"wp:term":[{"taxonomy":"category","embeddable":true,"href":"https:\/\/www.greenpeace.org\/brasil\/wp-json\/wp\/v2\/categories?post=1182"},{"taxonomy":"post_tag","embeddable":true,"href":"https:\/\/www.greenpeace.org\/brasil\/wp-json\/wp\/v2\/tags?post=1182"},{"taxonomy":"p4-page-type","embeddable":true,"href":"https:\/\/www.greenpeace.org\/brasil\/wp-json\/wp\/v2\/p4-page-type?post=1182"}],"curies":[{"name":"wp","href":"https:\/\/api.w.org\/{rel}","templated":true}]}}