{"id":11856,"date":"2019-10-03T16:09:30","date_gmt":"2019-10-03T19:09:30","guid":{"rendered":"https:\/\/www.greenpeace.org\/brasil\/?p=11856"},"modified":"2021-12-01T09:31:43","modified_gmt":"2021-12-01T12:31:43","slug":"governo-bolsonaro-celebra-dia-das-abelhas-liberando-ainda-mais-agrotoxicos","status":"publish","type":"post","link":"https:\/\/www.greenpeace.org\/brasil\/blog\/governo-bolsonaro-celebra-dia-das-abelhas-liberando-ainda-mais-agrotoxicos\/","title":{"rendered":"Governo Bolsonaro celebra Dia das Abelhas liberando ainda mais agrot\u00f3xicos"},"content":{"rendered":"<h4><strong>N\u00famero de subst\u00e2ncias aprovadas em 2019 j\u00e1 passa de 400. Muitos desses produtos s\u00e3o proibidos na Uni\u00e3o Europeia. Chega de veneno!<\/strong><\/h4>\n<p><span style=\"font-weight: 400;\">Hoje \u00e9 o Dia Nacional das Abelhas e o Dia Nacional da Agroecologia, duas datas importantes para quem valoriza uma alimenta\u00e7\u00e3o saud\u00e1vel e sem veneno para todas as pessoas. Parece que o governo Bolsonaro escolheu esse dia a dedo e <\/span><b>liberou mais 57 agrot\u00f3xicos no pa\u00eds<\/b><span style=\"font-weight: 400;\">, mostrando que n\u00e3o est\u00e1 preocupado com a sa\u00fade da popula\u00e7\u00e3o e do meio ambiente.<\/span><b> J\u00e1 s\u00e3o 410 novos agrot\u00f3xicos desde o in\u00edcio de 2019<\/b><span style=\"font-weight: 400;\"> &#8211; n\u00famero que supera o total de quase todos os anos anteriores (a exce\u00e7\u00e3o \u00e9 2018).\u00a0<\/span><\/p>\n<p><span style=\"font-weight: 400;\">O ritmo de aprova\u00e7\u00f5es de agrot\u00f3xicos \u00e9, de longe, o mais acelerado da \u00faltima d\u00e9cada. \u201cJ\u00e1 batemos recordes de anos anteriores inteiros e ainda estamos em outubro. Chegaremos ao fim de dezembro com um triste recorde. Muitos desses produtos s\u00e3o proibidos na Uni\u00e3o Europeia. Por que os europeus s\u00e3o poupados, mas os brasileiros n\u00e3o?\u201d, questiona Iran Magno, da campanha de Agricultura e Alimenta\u00e7\u00e3o do Greenpeace Brasil.\u00a0<\/span><\/p>\n<p><img loading=\"lazy\" decoding=\"async\" class=\"aligncenter wp-image-11866\" src=\"https:\/\/www.greenpeace.org\/static\/planet4-brasil-stateless\/2019\/10\/1ba86d81-governo_veneno_outubro_diaabelhas.png\" alt=\"\" width=\"476\" height=\"476\" srcset=\"https:\/\/www.greenpeace.org\/static\/planet4-brasil-stateless\/2019\/10\/1ba86d81-governo_veneno_outubro_diaabelhas.png 1500w, https:\/\/www.greenpeace.org\/static\/planet4-brasil-stateless\/2019\/10\/1ba86d81-governo_veneno_outubro_diaabelhas-150x150.png 150w, https:\/\/www.greenpeace.org\/static\/planet4-brasil-stateless\/2019\/10\/1ba86d81-governo_veneno_outubro_diaabelhas-300x300.png 300w, https:\/\/www.greenpeace.org\/static\/planet4-brasil-stateless\/2019\/10\/1ba86d81-governo_veneno_outubro_diaabelhas-768x768.png 768w, https:\/\/www.greenpeace.org\/static\/planet4-brasil-stateless\/2019\/10\/1ba86d81-governo_veneno_outubro_diaabelhas-1024x1024.png 1024w, https:\/\/www.greenpeace.org\/static\/planet4-brasil-stateless\/2019\/10\/1ba86d81-governo_veneno_outubro_diaabelhas-1366x1366.png 1366w, https:\/\/www.greenpeace.org\/static\/planet4-brasil-stateless\/2019\/10\/1ba86d81-governo_veneno_outubro_diaabelhas-340x340.png 340w\" sizes=\"auto, (max-width: 476px) 100vw, 476px\" \/><\/p>\n<p><span style=\"font-weight: 400;\">Como se n\u00e3o bastasse a libera\u00e7\u00e3o massiva de subst\u00e2ncias nestes 10 meses, <\/span><b>o governo tamb\u00e9m <\/b><span style=\"font-weight: 400;\">enfraqueceu a prote\u00e7\u00e3o da sa\u00fade de<\/span><b> quem planta e quem come.<\/b><span style=\"font-weight: 400;\"> Ao adotar a <\/span><a href=\"https:\/\/g1.globo.com\/economia\/agronegocios\/noticia\/2019\/07\/24\/entenda-o-que-muda-na-classificacao-dos-agrotoxicos-pela-anvisa.ghtml\" target=\"_blank\" rel=\"noopener noreferrer\"><span style=\"font-weight: 400;\">nova classifica\u00e7\u00e3o da Ag\u00eancia de Vigil\u00e2ncia Sanit\u00e1ria (Anvisa)<\/span><\/a><span style=\"font-weight: 400;\">, fatores importantes como potencial dos agrot\u00f3xicos para causar cegueira e corros\u00e3o na pele, por exemplo, n\u00e3o entram mais na categoria de \u201calta toxicidade\u201d. Os mais altos n\u00edveis de toxicidade s\u00e3o atribu\u00eddos apenas para produtos que apresentam risco de morte por ingest\u00e3o ou contato. Resumo da \u00f3pera: mudar a classifica\u00e7\u00e3o n\u00e3o elimina o fato de que os agrot\u00f3xicos continuam sendo veneno. Adotar essa simplifica\u00e7\u00e3o extrema pode deixar os trabalhadores do campo ainda mais vulner\u00e1veis aos efeitos nocivos dos agrot\u00f3xicos.\u00a0<\/span><\/p>\n<p><b>Abelhas + agroecologia = isso sim d\u00e1 samba!<\/b><\/p>\n<div id=\"attachment_11867\" style=\"width: 810px\" class=\"wp-caption aligncenter\"><img loading=\"lazy\" decoding=\"async\" aria-describedby=\"caption-attachment-11867\" class=\"size-full wp-image-11867\" src=\"https:\/\/www.greenpeace.org\/static\/planet4-brasil-stateless\/2019\/10\/c41a9d90-gp0stqlb3_web_size.jpg\" alt=\"ativista segura v\u00e1rias abelhas mortas na m\u00e3o\" width=\"800\" height=\"588\" srcset=\"https:\/\/www.greenpeace.org\/static\/planet4-brasil-stateless\/2019\/10\/c41a9d90-gp0stqlb3_web_size.jpg 800w, https:\/\/www.greenpeace.org\/static\/planet4-brasil-stateless\/2019\/10\/c41a9d90-gp0stqlb3_web_size-300x221.jpg 300w, https:\/\/www.greenpeace.org\/static\/planet4-brasil-stateless\/2019\/10\/c41a9d90-gp0stqlb3_web_size-768x564.jpg 768w, https:\/\/www.greenpeace.org\/static\/planet4-brasil-stateless\/2019\/10\/c41a9d90-gp0stqlb3_web_size-463x340.jpg 463w\" sizes=\"auto, (max-width: 800px) 100vw, 800px\" \/><p id=\"caption-attachment-11867\" class=\"wp-caption-text\">Os agrot\u00f3xicos s\u00e3o uma das principais causas da mortandade de abelhas. Sem elas, nossa seguran\u00e7a alimentar estar\u00e1 seriamente amea\u00e7ada.<\/p><\/div>\n<p>&nbsp;<\/p>\n<p><span style=\"font-weight: 400;\">Rainhas da poliniza\u00e7\u00e3o, as abelhas s\u00e3o nossas aliadas na produ\u00e7\u00e3o de alimentos. No Brasil, mais da metade das 141 esp\u00e9cies de plantas cultivadas precisa da poliniza\u00e7\u00e3o que \u00e9 feita, principalmente, pelas abelhas. No entanto, <\/span><a href=\"https:\/\/www.greenpeace.org.br\/salve-as-abelhas?utm_source=facebook&amp;utm_medium=social&amp;utm_campaign=agricultura&amp;utm_content=en_20191003_photo&amp;fbclid=IwAR0snT6IlFrRS92naikbnf6jMgfuzM5W7VI600XhrtrJ7giKZTC-v4O9jHw\" target=\"_blank\" rel=\"noopener noreferrer\"><span style=\"font-weight: 400;\">agrot\u00f3xicos como glifosato, neonicotin\u00f3ides e fipronil t\u00eam causado uma enorme mortandade desses insetos<\/span><\/a><span style=\"font-weight: 400;\">.\u00a0<\/span><\/p>\n<p><span style=\"font-weight: 400;\">\u00c9 por este motivo, e porque a sociedade civil est\u00e1 dizendo <\/span><a href=\"https:\/\/chegadeagrotoxicos.org.br\/?utm_source=greenpeace_referral&amp;utm_medium=greenpeace_p4&amp;utm_campaign=greenpeace_food&amp;utm_content=greenpeace_blog_liberacaonovos_20191003\" target=\"_blank\" rel=\"noopener noreferrer\"><span style=\"font-weight: 400;\">\u201cChega de Agrot\u00f3xicos\u201d<\/span><\/a><span style=\"font-weight: 400;\">, que precisamos cobrar do governo que incentive pr\u00e1ticas como a agroecologia, que respeita os processos naturais de um ecossistema, evitando impactos negativos na nossa sa\u00fade e na do meio ambiente.\u00a0<\/span><\/p>\n<p><span style=\"font-weight: 400;\">\u201cReduzir gradualmente o uso de agrot\u00f3xicos \u00e9 um pedido completamente razo\u00e1vel. O que n\u00e3o \u00e9 razo\u00e1vel \u00e9 continuar envenenando a popula\u00e7\u00e3o\u201d, diz Iran.<\/span><\/p>\n<div class=\"EmptyMessage\">Block content is empty. Check the block&#8217;s settings or remove it.<\/div>","protected":false},"excerpt":{"rendered":"<p>N\u00famero de subst\u00e2ncias aprovadas em 2019 j\u00e1 passa de 400. Muitos desses produtos s\u00e3o proibidos na Uni\u00e3o Europeia. Chega de veneno!<\/p>\n","protected":false},"author":19,"featured_media":11867,"comment_status":"open","ping_status":"closed","sticky":false,"template":"","format":"standard","meta":{"ep_exclude_from_search":false,"p4_og_title":"","p4_og_description":"","p4_og_image":"","p4_og_image_id":"","p4_seo_canonical_url":"","p4_campaign_name":"not set","p4_local_project":"","p4_basket_name":"not set","p4_department":"","footnotes":""},"categories":[3],"tags":[8,18,26],"p4-page-type":[16],"class_list":["post-11856","post","type-post","status-publish","format-standard","has-post-thumbnail","hentry","category-proteja-a-natureza","tag-resista","tag-agroecologia","tag-biodiversidade","p4-page-type-blog"],"_links":{"self":[{"href":"https:\/\/www.greenpeace.org\/brasil\/wp-json\/wp\/v2\/posts\/11856","targetHints":{"allow":["GET"]}}],"collection":[{"href":"https:\/\/www.greenpeace.org\/brasil\/wp-json\/wp\/v2\/posts"}],"about":[{"href":"https:\/\/www.greenpeace.org\/brasil\/wp-json\/wp\/v2\/types\/post"}],"author":[{"embeddable":true,"href":"https:\/\/www.greenpeace.org\/brasil\/wp-json\/wp\/v2\/users\/19"}],"replies":[{"embeddable":true,"href":"https:\/\/www.greenpeace.org\/brasil\/wp-json\/wp\/v2\/comments?post=11856"}],"version-history":[{"count":4,"href":"https:\/\/www.greenpeace.org\/brasil\/wp-json\/wp\/v2\/posts\/11856\/revisions"}],"predecessor-version":[{"id":35355,"href":"https:\/\/www.greenpeace.org\/brasil\/wp-json\/wp\/v2\/posts\/11856\/revisions\/35355"}],"wp:featuredmedia":[{"embeddable":true,"href":"https:\/\/www.greenpeace.org\/brasil\/wp-json\/wp\/v2\/media\/11867"}],"wp:attachment":[{"href":"https:\/\/www.greenpeace.org\/brasil\/wp-json\/wp\/v2\/media?parent=11856"}],"wp:term":[{"taxonomy":"category","embeddable":true,"href":"https:\/\/www.greenpeace.org\/brasil\/wp-json\/wp\/v2\/categories?post=11856"},{"taxonomy":"post_tag","embeddable":true,"href":"https:\/\/www.greenpeace.org\/brasil\/wp-json\/wp\/v2\/tags?post=11856"},{"taxonomy":"p4-page-type","embeddable":true,"href":"https:\/\/www.greenpeace.org\/brasil\/wp-json\/wp\/v2\/p4-page-type?post=11856"}],"curies":[{"name":"wp","href":"https:\/\/api.w.org\/{rel}","templated":true}]}}