{"id":11951,"date":"2019-10-11T15:19:13","date_gmt":"2019-10-11T18:19:13","guid":{"rendered":"https:\/\/www.greenpeace.org\/brasil\/?p=11951"},"modified":"2024-04-03T14:34:50","modified_gmt":"2024-04-03T17:34:50","slug":"por-que-sair-as-ruas-para-protestar-pelo-clima","status":"publish","type":"post","link":"https:\/\/www.greenpeace.org\/brasil\/blog\/por-que-sair-as-ruas-para-protestar-pelo-clima\/","title":{"rendered":"Por que sair \u00e0s ruas para protestar pelo Clima?"},"content":{"rendered":"<h4>Quem responde \u00e9 uma turma que n\u00e3o aceita o que est\u00e1 posto e que \u00e9 fundamental na luta contra a emerg\u00eancia clim\u00e1tica<\/h4>\n\n\t\t<style type=\"text\/css\">\n\t\t\t#gallery-1 {\n\t\t\t\tmargin: auto;\n\t\t\t}\n\t\t\t#gallery-1 .gallery-item {\n\t\t\t\tfloat: left;\n\t\t\t\tmargin-top: 10px;\n\t\t\t\ttext-align: center;\n\t\t\t\twidth: 33%;\n\t\t\t}\n\t\t\t#gallery-1 img {\n\t\t\t\tborder: 2px solid #cfcfcf;\n\t\t\t}\n\t\t\t#gallery-1 .gallery-caption {\n\t\t\t\tmargin-left: 0;\n\t\t\t}\n\t\t\t\/* see gallery_shortcode() in wp-includes\/media.php *\/\n\t\t<\/style>\n\t\t<div id='gallery-1' class='gallery galleryid-11951 gallery-columns-3 gallery-size-thumbnail'><dl class='gallery-item'>\n\t\t\t<dt class='gallery-icon landscape'>\n\t\t\t\t<img loading=\"lazy\" decoding=\"async\" width=\"150\" height=\"150\" src=\"https:\/\/www.greenpeace.org\/static\/planet4-brasil-stateless\/2019\/10\/Foto-Ingra-Tadaiesky-a.-jpg-150x150.jpg\" class=\"attachment-thumbnail size-thumbnail wp-stateless-item\" alt=\"Greve Global pelo Clima em Macap\u00e1, no Amap\u00e1, em 20 de setembro\" aria-describedby=\"gallery-1-11960\" data-image-size=\"thumbnail\" data-stateless-media-bucket=\"planet4-brasil-stateless\" data-stateless-media-name=\"2019\/10\/Foto-Ingra-Tadaiesky-a.-jpg.jpg\" \/>\n\t\t\t<\/dt>\n\t\t\t\t<dd class='wp-caption-text gallery-caption' id='gallery-1-11960'>\n\t\t\t\tGreve Global pelo Clima em Macap\u00e1, no Amap\u00e1, em 20 de setembro \n\t\t\t\t<\/dd><\/dl><dl class='gallery-item'>\n\t\t\t<dt class='gallery-icon landscape'>\n\t\t\t\t<img loading=\"lazy\" decoding=\"async\" width=\"150\" height=\"150\" src=\"https:\/\/www.greenpeace.org\/static\/planet4-brasil-stateless\/2019\/10\/Foto-Ingra-Tadaiesky.jpg-150x150.jpg\" class=\"attachment-thumbnail size-thumbnail wp-stateless-item\" alt=\"Ativistas carregam cartaz na Greve Global pelo Clima em Macap\u00e1, no Amap\u00e1, em 20 de setembro. No cartaz est\u00e1 escrito &quot;Estamos em Emerg\u00eancia Clim\u00e1tica, n\u00e3o existe planeta B&quot;\" aria-describedby=\"gallery-1-11958\" data-image-size=\"thumbnail\" data-stateless-media-bucket=\"planet4-brasil-stateless\" data-stateless-media-name=\"2019\/10\/Foto-Ingra-Tadaiesky.jpg.jpg\" \/>\n\t\t\t<\/dt>\n\t\t\t\t<dd class='wp-caption-text gallery-caption' id='gallery-1-11958'>\n\t\t\t\tGreve Global pelo Clima em Macap\u00e1 (AP), em 20 de setembro\n\t\t\t\t<\/dd><\/dl><dl class='gallery-item'>\n\t\t\t<dt class='gallery-icon landscape'>\n\t\t\t\t<img loading=\"lazy\" decoding=\"async\" width=\"150\" height=\"150\" src=\"https:\/\/www.greenpeace.org\/static\/planet4-brasil-stateless\/2019\/10\/5f94ab67-leti\u0301cia-morais-150x150.jpg\" class=\"attachment-thumbnail size-thumbnail wp-stateless-item\" alt=\"Ativistas do Fridays for Future Ceara\u0301 na Greve Global pelo Clima em 15 de mar\u00e7o. Eles carregam faixas e cartazes com a mensagem: SOS Clima\" aria-describedby=\"gallery-1-11953\" data-image-size=\"thumbnail\" data-stateless-media-bucket=\"planet4-brasil-stateless\" data-stateless-media-name=\"2019\/10\/5f94ab67-leti\u0301cia-morais.jpg\" \/>\n\t\t\t<\/dt>\n\t\t\t\t<dd class='wp-caption-text gallery-caption' id='gallery-1-11953'>\n\t\t\t\tFridays for Future Ceara\u0301 na Greve Global pelo Clima, em 20 de setembro\n\t\t\t\t<\/dd><\/dl><br style=\"clear: both\" \/><dl class='gallery-item'>\n\t\t\t<dt class='gallery-icon portrait'>\n\t\t\t\t<img loading=\"lazy\" decoding=\"async\" width=\"150\" height=\"150\" src=\"https:\/\/www.greenpeace.org\/static\/planet4-brasil-stateless\/2019\/10\/4016b6a9-leti\u0301cia-morais-4-150x150.jpg\" class=\"attachment-thumbnail size-thumbnail wp-stateless-item\" alt=\"Povo indi\u0301gena Anace\u0301 fazendo uma roda de tore\u0301 na Greve Global pelo Clima em Fortaleza, Cear\u00e1\" aria-describedby=\"gallery-1-11954\" data-image-size=\"thumbnail\" data-stateless-media-bucket=\"planet4-brasil-stateless\" data-stateless-media-name=\"2019\/10\/4016b6a9-leti\u0301cia-morais-4.jpg\" \/>\n\t\t\t<\/dt>\n\t\t\t\t<dd class='wp-caption-text gallery-caption' id='gallery-1-11954'>\n\t\t\t\t Povo indi\u0301gena Anace\u0301 fazendo uma roda de tore\u0301 na Greve Global pelo Clima, em Fortaleza (CE)\n\t\t\t\t<\/dd><\/dl><dl class='gallery-item'>\n\t\t\t<dt class='gallery-icon portrait'>\n\t\t\t\t<img loading=\"lazy\" decoding=\"async\" width=\"150\" height=\"150\" src=\"https:\/\/www.greenpeace.org\/static\/planet4-brasil-stateless\/2019\/10\/d78c6160-anapaulalonghi-150x150.jpg\" class=\"attachment-thumbnail size-thumbnail wp-stateless-item\" alt=\"Francielle da Silva, 22 anos, na Greve Global pelo Clima, em Porto Alegre (RS), em 20 de setembro, com m\u00e1scara no rosto escrito s o s\" aria-describedby=\"gallery-1-11963\" data-image-size=\"thumbnail\" data-stateless-media-bucket=\"planet4-brasil-stateless\" data-stateless-media-name=\"2019\/10\/d78c6160-anapaulalonghi.jpg\" \/>\n\t\t\t<\/dt>\n\t\t\t\t<dd class='wp-caption-text gallery-caption' id='gallery-1-11963'>\n\t\t\t\tFrancielle da Silva, 22 anos, na Greve Global pelo Clima, em Porto Alegre (RS), em 20 de setembro\n\t\t\t\t<\/dd><\/dl><dl class='gallery-item'>\n\t\t\t<dt class='gallery-icon landscape'>\n\t\t\t\t<img loading=\"lazy\" decoding=\"async\" width=\"150\" height=\"150\" src=\"https:\/\/www.greenpeace.org\/static\/planet4-brasil-stateless\/2019\/10\/43837a8f-anapaulalonghi-150x150.jpg\" class=\"attachment-thumbnail size-thumbnail wp-stateless-item\" alt=\"\" aria-describedby=\"gallery-1-12033\" data-image-size=\"thumbnail\" data-stateless-media-bucket=\"planet4-brasil-stateless\" data-stateless-media-name=\"2019\/10\/43837a8f-anapaulalonghi.jpg\" \/>\n\t\t\t<\/dt>\n\t\t\t\t<dd class='wp-caption-text gallery-caption' id='gallery-1-12033'>\n\t\t\t\tGreve Global pelo Clima, em Porto Alegre (RS), em 20 de setembro\n\t\t\t\t<\/dd><\/dl><br style=\"clear: both\" \/>\n\t\t<\/div>\n\n<p>Conversamos com tr\u00eas brasileiras que participaram da <a href=\"https:\/\/www.greenpeace.org\/brasil\/blog\/milhoes-de-pessoas-foram-as-ruas-ontem-na-greve-global-pelo-clima\/\">Greve Global pelo Clima<\/a>, uma mobiliza\u00e7\u00e3o que aconteceu em <strong>185 pa\u00edses<\/strong> e levou \u00e0s ruas mais de <strong>6 milh\u00f5es de pessoas<\/strong> entre os dias 20 e 27 de setembro.<\/p>\n<p>Ou\u00e7a o que a <strong>Yasmim Rodrigues, de 19 anos, volunt\u00e1ria do Greenpeace no Amap\u00e1<\/strong>, tem a dizer:<\/p>\n<p><audio controls=\"controls\"><source src=\"https:\/\/storage.googleapis.com\/greenpeacebr-audio\/20191011-Yasmim-Amapa.mp3\" type=\"audio\/mpeg\" \/><source src=\"https:\/\/storage.googleapis.com\/greenpeacebr-audio\/20191011-Yasmim-Amapa.ogg\" type=\"audio\/ogg\" \/><\/audio><br \/>\n<span style=\"font-size: 0.8rem;\">(ao final do blog, voc\u00ea encontra a transcri\u00e7\u00e3o de todos os \u00e1udios)<\/span><\/p>\n<p>Para uma juventude que nasceu em uma sociedade que pouco consegue participar dos espa\u00e7os garantidos por lei para influenciar pol\u00edticas e decis\u00f5es p\u00fablicas at\u00e9 mesmo de sua pr\u00f3pria cidade, os jovens est\u00e3o indo muito al\u00e9m de tudo o que os adultos fizeram at\u00e9 ent\u00e3o quando o assunto \u00e9 <strong>emerg\u00eancia clim\u00e1tica<\/strong>.<\/p>\n<p>Suas a\u00e7\u00f5es v\u00e3o de escolhas individuais, como a redu\u00e7\u00e3o do consumo de carne para n\u00e3o compactuar com o desmatamento da Amaz\u00f4nia &#8211; algo que ouvimos de v\u00e1rios daqueles com quem convivemos de perto nos dias que antecederam a <strong>Greve Global pelo Clima<\/strong> &#8211; , \u00e0 decis\u00e3o de lutar por uma causa coletiva e ocupar espa\u00e7os p\u00fablicos para cobrar de governos, empresas e toda a sociedade o enfrentamento da emerg\u00eancia clim\u00e1tica.<\/p>\n<p>Atrav\u00e9s do movimento mundial <a href=\"https:\/\/greenpeace.org\/brasil\/blog\/greve-global-pelo-clima-acontecera-em-todas-as-regioes-do-brasil\/\">Fridays For Future<\/a>, que em portugu\u00eas significa <strong>Sextas pelo Futuro<\/strong>, o protagonismo jovem vem sinalizando que tem uma gera\u00e7\u00e3o a\u00ed que simplesmente decidiu n\u00e3o aceitar o que est\u00e1 posto, que resolveu colocar a m\u00e3o na massa e que est\u00e1 inclusive se fazendo presente nos <a href=\"https:\/\/www.greenpeace.org\/brasil\/blog\/conheca-paloma-costa-a-brasileira-que-falou-na-onu-sobre-emergencia-climatica\/\">espa\u00e7os de tomada de decis\u00e3o<\/a>.<\/p>\n<p>A <strong>Sarah Lima, 22 anos, ativista do clima em Fortaleza (CE)<\/strong>, tamb\u00e9m deixou um recado sobre o que significa pra ela sair \u00e0s ruas por algo que acredita e defende:<\/p>\n<p><audio controls=\"controls\"><source src=\"https:\/\/storage.googleapis.com\/greenpeacebr-audio\/20191011-Sarah.mp3\" type=\"audio\/mpeg\" \/><source src=\"https:\/\/storage.googleapis.com\/greenpeacebr-audio\/20191011-Sarah.ogg\" type=\"audio\/ogg\" \/><\/audio><\/p>\n<p>Em sua obra \u201cEduca\u00e7\u00e3o como pr\u00e1tica da liberdade\u201d, Paulo Freire* diz:<strong>\u00a0\u201cn\u00e3o estamos apenas no mundo, mas com o mundo\u201d<\/strong>. E ter em nossas m\u00e3os a possibilidade de transform\u00e1-lo \u00e9 um direito. S\u00f3 que enquanto nem todos conseguimos equilibrar participa\u00e7\u00e3o pol\u00edtica com a luta di\u00e1ria pela sobreviv\u00eancia, a juventude nos d\u00e1 f\u00f4lego e tamb\u00e9m a esperan\u00e7a de que ainda \u00e9 tempo de transformar o que est\u00e1 posto.<\/p>\n<p>A <strong>Francielle da Silva, 22 anos, mobilizadora clim\u00e1tica em Porto Alegre (RS), e volunt\u00e1ria do Greenpeace<\/strong>, tamb\u00e9m deixou um recado sobre esse f\u00f4lego necess\u00e1rio que a juventude vem trazendo.<\/p>\n<p><audio controls=\"controls\"><source src=\"https:\/\/storage.googleapis.com\/greenpeacebr-audio\/20191011-Francielle.mp3\" type=\"audio\/mpeg\" \/><source src=\"https:\/\/storage.googleapis.com\/greenpeacebr-audio\/20191011-Francielle.ogg\" type=\"audio\/ogg\" \/><\/audio><\/p>\n<p>A <strong>emerg\u00eancia clim\u00e1tica<\/strong> \u00e9 uma realidade comprovada pela ci\u00eancia e n\u00e3o temos mais tempo a perder. Novas <strong>mobiliza\u00e7\u00f5es pelo clima<\/strong> continuar\u00e3o surgindo e, se voc\u00ea ainda n\u00e3o participou de nenhuma delas, nosso convite \u00e9 que encare este momento como uma possibilidade de conversa sobre o que est\u00e1 ao nosso alcance quando falamos de a\u00e7\u00f5es humanas que desequilibram o clima no planeta. Precisamos clarear os caminhos sobre como podemos cobrar empresas e governos para que tomem uma atitude. <strong>Cabe a todos escutar o que a juventude est\u00e1 dizendo, apoiar e agir.<\/strong><\/p>\n<p><a href=\"https:\/\/www.greenpeace.org.br\/emergencia-climatica\">Fa\u00e7a parte desse movimento!<\/a><\/p>\n<p><span style=\"font-size: 0.8rem;\">(*FREIRE, Paulo. Educa\u00e7\u00e3o como pr\u00e1tica da liberdade. Rio de Janeiro: Paz e Terra, 2000a.)<\/span><\/p>\n<p><strong>Transcri\u00e7\u00e3o dos \u00e1udios:<\/strong><\/p>\n<p><strong>Yasmim Rodrigues, 19 anos, volunt\u00e1ria do Greenpeace em Macap\u00e1, estado do Amap\u00e1<\/strong><\/p>\n<p>\u201cMeu nome \u00e9 Yasmim Rodrigues, eu sou do Amap\u00e1, sou volunt\u00e1ria da Greenpeace; e eu vejo a ocupa\u00e7\u00e3o das ruas atrav\u00e9s de uma a\u00e7\u00e3o direta, na qual nos colocamos como repassadores das informa\u00e7\u00f5es, como uma maneira de trazer a visibilidade que a gente tanto espera pra causa e tamb\u00e9m como uma maneira de popularizar as demandas ambientais. E, fazendo isso, a gente acaba promovendo um interesse da popula\u00e7\u00e3o sobre a tem\u00e1tica, porque o que eu tenho observado \u00e9 que as cr\u00edticas mais expressivas sobre esse ativismo ambiental, sobre a Greve Clim\u00e1tica e sobre a pauta da Emerg\u00eancia Clim\u00e1tica, \u00e9 que as pessoas est\u00e3o falando que esse movimento, que essas demandas, que esse ativismo \u00e9 excludente e elitista, e quando a gente populariza fazendo com que v\u00e1rias pessoas tenham acesso \u00e0 informa\u00e7\u00e3o, a gente acaba desconstruindo essa imagem que foi constru\u00edda de alguma forma &#8211; e algumas pessoas que teceram cr\u00edticas mais expressivas, mais diretas e at\u00e9 um pouco mais&#8230; \u00e9\u2026 n\u00e3o seria \u201cradicais\u201d a palavra, mas at\u00e9 um pouco mais ofensivas sobre esse ativismo, a gente faz com que essas pessoas tenham uma vis\u00e3o diferente. E eu acho extremamente importante que essas pessoas que vivem numa realidade totalmente diferente da nossa, num contexto social diferente, eu acho extremamente importante voc\u00ea mostrar justamente para essas pessoas que a pauta ambiental n\u00e3o \u00e9 excludente e que o vi\u00e9s dela tamb\u00e9m \u00e9 social\u201d.<\/p>\n<p><strong>Sarah Lima, 19 anos, Fortaleza (CE)<\/strong><br \/>\n\u201cAs ruas s\u00e3o espa\u00e7o nosso por direito e constituem o local onde a gente encontra gente de todo tipo e de diferentes realidades. Nas ruas, a gente tamb\u00e9m tem a liberdade de se expressar, de intervir e de deix\u00e1-las mais parecidas com o que a gente \u00e9. Assim, \u00e9 muito importante dar vaz\u00e3o \u00e0quilo que acreditamos, que nos move e que nos incomoda. Ao sairmos da zona de conforto e nos desafiarmos a ir \u00e0s ruas, temos a oportunidade de levar informa\u00e7\u00f5es, questionamentos e inquieta\u00e7\u00f5es sobre uma luta que talvez quem esteja passando por ali e esteja ouvindo despretensiosamente ainda n\u00e3o conhe\u00e7a. \u00c9 uma oportunidade de atingir novas pessoas, de trocar conhecimento e de conhecer realidades diferentes que de alguma forma se conectam e podem unir for\u00e7as por algo maior\u201d.<\/p>\n<p><strong>Francielle da Silva, 22 anos, Porto Alegre (RS)<\/strong><\/p>\n<p>\u201cInfelizmente, n\u00f3s estamos em um momento de emerg\u00eancia clim\u00e1tica. H\u00e1 anos, na verdade, n\u00e9&#8230; e vem se agravando cada vez mais. Eu n\u00e3o vejo mais n\u00e3o cogitar a hip\u00f3tese de estar em locais p\u00fablicos para falar com a popula\u00e7\u00e3o sobre isso. Muitas vezes, com a rotina corrida que muitas pessoas t\u00eam em quest\u00e3o de estudar, trabalhar e seus afazeres, eles n\u00e3o t\u00eam tempo para se interessar sobre essas quest\u00f5es, n\u00e9. Ent\u00e3o, eu vejo essas mobiliza\u00e7\u00f5es nas ruas como pequenas sementes de alerta que a gente planta na cabe\u00e7a das pessoas. Eu vejo essa nova gera\u00e7\u00e3o um pouco mais conscientizada do que algumas outras e com muito potencial pra conseguir mudar a situa\u00e7\u00e3o que a gente vive atualmente em rela\u00e7\u00e3o \u00e0 polui\u00e7\u00e3o ambiental\u201d.<\/p>\n","protected":false},"excerpt":{"rendered":"<p>Quem responde \u00e9 uma turma que n\u00e3o aceita o que est\u00e1 posto e que \u00e9 fundamental na luta contra a Emerg\u00eancia Clim\u00e1tica &nbsp; &nbsp;<\/p>\n","protected":false},"author":67,"featured_media":12033,"comment_status":"open","ping_status":"closed","sticky":false,"template":"","format":"standard","meta":{"ep_exclude_from_search":false,"p4_og_title":"","p4_og_description":"","p4_og_image":"","p4_og_image_id":"","p4_seo_canonical_url":"","p4_campaign_name":"not set","p4_local_project":"","p4_basket_name":"not set","p4_department":"","footnotes":""},"categories":[4],"tags":[6,23],"p4-page-type":[16],"class_list":["post-11951","post","type-post","status-publish","format-standard","has-post-thumbnail","hentry","category-ativismo","tag-clima","tag-mobilizacao","p4-page-type-blog"],"_links":{"self":[{"href":"https:\/\/www.greenpeace.org\/brasil\/wp-json\/wp\/v2\/posts\/11951","targetHints":{"allow":["GET"]}}],"collection":[{"href":"https:\/\/www.greenpeace.org\/brasil\/wp-json\/wp\/v2\/posts"}],"about":[{"href":"https:\/\/www.greenpeace.org\/brasil\/wp-json\/wp\/v2\/types\/post"}],"author":[{"embeddable":true,"href":"https:\/\/www.greenpeace.org\/brasil\/wp-json\/wp\/v2\/users\/67"}],"replies":[{"embeddable":true,"href":"https:\/\/www.greenpeace.org\/brasil\/wp-json\/wp\/v2\/comments?post=11951"}],"version-history":[{"count":20,"href":"https:\/\/www.greenpeace.org\/brasil\/wp-json\/wp\/v2\/posts\/11951\/revisions"}],"predecessor-version":[{"id":52046,"href":"https:\/\/www.greenpeace.org\/brasil\/wp-json\/wp\/v2\/posts\/11951\/revisions\/52046"}],"wp:featuredmedia":[{"embeddable":true,"href":"https:\/\/www.greenpeace.org\/brasil\/wp-json\/wp\/v2\/media\/12033"}],"wp:attachment":[{"href":"https:\/\/www.greenpeace.org\/brasil\/wp-json\/wp\/v2\/media?parent=11951"}],"wp:term":[{"taxonomy":"category","embeddable":true,"href":"https:\/\/www.greenpeace.org\/brasil\/wp-json\/wp\/v2\/categories?post=11951"},{"taxonomy":"post_tag","embeddable":true,"href":"https:\/\/www.greenpeace.org\/brasil\/wp-json\/wp\/v2\/tags?post=11951"},{"taxonomy":"p4-page-type","embeddable":true,"href":"https:\/\/www.greenpeace.org\/brasil\/wp-json\/wp\/v2\/p4-page-type?post=11951"}],"curies":[{"name":"wp","href":"https:\/\/api.w.org\/{rel}","templated":true}]}}