{"id":12070,"date":"2019-10-15T18:33:56","date_gmt":"2019-10-15T21:33:56","guid":{"rendered":"https:\/\/www.greenpeace.org\/brasil\/?p=12070"},"modified":"2019-11-06T05:19:13","modified_gmt":"2019-11-06T08:19:13","slug":"indigenas-protestam-na-embaixada-brasileira-em-berlim","status":"publish","type":"post","link":"https:\/\/www.greenpeace.org\/brasil\/blog\/indigenas-protestam-na-embaixada-brasileira-em-berlim\/","title":{"rendered":"Ind\u00edgenas protestam na embaixada brasileira em Berlim"},"content":{"rendered":"<p style=\"margin: 0cm; margin-bottom: .0001pt; background: white;\"><i><span style=\"font-family: 'Arial',sans-serif; color: #222222;\">Em um ato simb\u00f3lico, eles chamam aten\u00e7\u00e3o para a preocupante realidade que est\u00e3o enfrentando em seus territ\u00f3rios e reivindicam a prote\u00e7\u00e3o da Amaz\u00f4nia<\/span><\/i><\/p>\n<div id=\"attachment_12071\" style=\"width: 810px\" class=\"wp-caption alignnone\"><img loading=\"lazy\" decoding=\"async\" aria-describedby=\"caption-attachment-12071\" class=\"size-full wp-image-12071\" src=\"https:\/\/www.greenpeace.org\/static\/planet4-brasil-stateless\/2019\/10\/e89a6269-alemanha.jpg\" alt=\"Bandeirolas expressam apoio aos povos ind\u00edgenas do Brasil\" width=\"800\" height=\"534\" srcset=\"https:\/\/www.greenpeace.org\/static\/planet4-brasil-stateless\/2019\/10\/e89a6269-alemanha.jpg 800w, https:\/\/www.greenpeace.org\/static\/planet4-brasil-stateless\/2019\/10\/e89a6269-alemanha-300x200.jpg 300w, https:\/\/www.greenpeace.org\/static\/planet4-brasil-stateless\/2019\/10\/e89a6269-alemanha-768x513.jpg 768w, https:\/\/www.greenpeace.org\/static\/planet4-brasil-stateless\/2019\/10\/e89a6269-alemanha-510x340.jpg 510w\" sizes=\"auto, (max-width: 800px) 100vw, 800px\" \/><p id=\"caption-attachment-12071\" class=\"wp-caption-text\">Milhares de bandeirolas foram feitas por crian\u00e7as e adultos alem\u00e3es em solidariedade aos povos ind\u00edgenas<\/p><\/div>\n<p>Aumento do roubo de madeira, do desmatamento, do garimpo, das invas\u00f5es, da grilagem e da viol\u00eancia. Esta \u00e9 a dram\u00e1tica realidade que os povos ind\u00edgenas enfrentam atualmente no Brasil. E esta foi a motiva\u00e7\u00e3o para a realiza\u00e7\u00e3o de um protesto em frente \u00e0 embaixada brasileira em Berlim, na Alemanha, realizado na manh\u00e3 da \u00faltima segunda-feira (14).<\/p>\n<p>Junto com os ind\u00edgenas Adriano Karipuna e Jos\u00e9 Lu\u00eds Cassup\u00e1, ativistas do Greenpeace entregaram centenas de bandeirolas a uma representante da embaixada. Em uma demonstra\u00e7\u00e3o de solidariedade aos povos origin\u00e1rios do Brasil, crian\u00e7as e adultos alem\u00e3es, desde abril deste ano, pintaram milhares destas bandeirolas.<\/p>\n<p>Com desenhos da floresta e de sua biodiversidade, elas expressam mensagens sobre a import\u00e2ncia de proteger a Amaz\u00f4nia, lar de diversos povos ind\u00edgenas, e pedem respeito aos seus direitos, al\u00e9m de solicitarem a\u00e7\u00f5es efetivas para barrar o desmatamento da maior floresta tropical do planeta.<\/p>\n<p>\u201cEstamos aqui na embaixada do Brasil, na Alemanha, para fazer esta den\u00fancia sobre os retrocessos em rela\u00e7\u00e3o aos direitos ind\u00edgenas que o atual governo quer implementar. Todos os nossos direitos est\u00e3o amea\u00e7ados hoje. Isso pode acabar com a floresta e matar muitos povos ind\u00edgenas, especialmente os isolados\u201d, afirmou Adriano Karipuna, mencionando os ind\u00edgenas isolados que, voluntariamente, n\u00e3o t\u00eam contato com a sociedade n\u00e3o ind\u00edgena e nem com outros povos ind\u00edgenas.<\/p>\n<div id=\"attachment_12072\" style=\"width: 544px\" class=\"wp-caption alignnone\"><img loading=\"lazy\" decoding=\"async\" aria-describedby=\"caption-attachment-12072\" class=\"size-full wp-image-12072\" src=\"https:\/\/www.greenpeace.org\/static\/planet4-brasil-stateless\/2019\/10\/46294a95-alemanha-2.jpg\" alt=\"\" width=\"534\" height=\"800\" srcset=\"https:\/\/www.greenpeace.org\/static\/planet4-brasil-stateless\/2019\/10\/46294a95-alemanha-2.jpg 534w, https:\/\/www.greenpeace.org\/static\/planet4-brasil-stateless\/2019\/10\/46294a95-alemanha-2-200x300.jpg 200w, https:\/\/www.greenpeace.org\/static\/planet4-brasil-stateless\/2019\/10\/46294a95-alemanha-2-227x340.jpg 227w\" sizes=\"auto, (max-width: 534px) 100vw, 534px\" \/><p id=\"caption-attachment-12072\" class=\"wp-caption-text\">Adriano Karipuna e Jos\u00e9 Lu\u00eds Cassup\u00e1 denunciaram em Berlim e no Vaticano o recente aumento das viola\u00e7\u00f5es aos direitos ind\u00edgenas no Brasil<\/p><\/div>\n<p>Al\u00e9m de ser um dos territ\u00f3rios mais desmatados da Amaz\u00f4nia, a Terra Ind\u00edgena (TI) Karipuna enfrentou<a href=\"https:\/\/g1.globo.com\/natureza\/desafio-natureza\/noticia\/2019\/10\/10\/na-terra-indigena-mais-ameacada-do-brasil-base-da-funai-e-destruida-e-ninguem-sabe-quem-cometeu-o-crime.ghtml\"> mais de 40 inc\u00eandios <\/a>apenas entre agosto e setembro deste ano. Um aumento dram\u00e1tico em compara\u00e7\u00e3o com o mesmo per\u00edodo do ano passado, em que apenas cinco inc\u00eandios foram registrados dentro da \u00e1rea tradicional. Uma\u00a0 opera\u00e7\u00e3o da Pol\u00edcia Federal em junho deste ano flagrou a<a href=\"https:\/\/www.greenpeace.org\/brasil\/blog\/forca-tarefa-amazonia-realiza-megaoperacao-contra-grilagem-e-roubo-de-madeira-na-terra-indigena-karipuna\/\"> implementa\u00e7\u00e3o de um loteamento criminoso<\/a>\u00a0dentro do territ\u00f3rio tradicional.<\/p>\n<p>Segundo a lideran\u00e7a Jos\u00e9 Lu\u00eds Cassup\u00e1, coordenador da Organiza\u00e7\u00e3o dos Povos Ind\u00edgenas de Rond\u00f4nia, Noroeste do Mato Grosso e Sul do Amazonas (Opiroma), o recente avan\u00e7o do desmatamento e das invas\u00f5es nas terras ind\u00edgenas \u00e9 muito preocupante. Ele considera fundamental \u201co apoio de toda a sociedade, tanto no Brasil como fora, para a prote\u00e7\u00e3o da Amaz\u00f4nia e de seus povos\u201d.<\/p>\n<p><strong>S\u00ednodo em defesa da Amaz\u00f4nia<\/strong><\/p>\n<p>Antes de participarem deste ato na Alemanha, Adriano Karipuna e Jos\u00e9 Cassup\u00e1 <a href=\"https:\/\/www.greenpeace.org\/brasil\/blog\/no-vaticano-indigenas-denunciam-violacoes-de-direitos-e-invasoes-de-terras\/\">estavam no S\u00ednodo da Amaz\u00f4nia<\/a>, que acontece no Vaticano. L\u00e1, eles relataram, aos participantes dos diversos eventos do S\u00ednodo, as viola\u00e7\u00f5es aos direitos territoriais e ao modo de vida tradicional e o aumento da viol\u00eancia que testemunham diariamente em Rond\u00f4nia, um dos estados mais impactados pela destrui\u00e7\u00e3o da Amaz\u00f4nia. O Conselho Indigenista Mission\u00e1rio (Cimi) tem apoiado a participa\u00e7\u00e3o dos representantes de dezenas de povos ind\u00edgenas no S\u00ednodo, que se encerra no dia 27 deste m\u00eas.<\/p>\n","protected":false},"excerpt":{"rendered":"<p>Em um ato simb\u00f3lico, eles chamam aten\u00e7\u00e3o para a preocupante realidade que est\u00e3o enfrentando em seus territ\u00f3rios e reivindicam a prote\u00e7\u00e3o da Amaz\u00f4nia<\/p>\n","protected":false},"author":28,"featured_media":12071,"comment_status":"open","ping_status":"closed","sticky":false,"template":"","format":"standard","meta":{"ep_exclude_from_search":false,"p4_og_title":"","p4_og_description":"","p4_og_image":"","p4_og_image_id":"","p4_seo_canonical_url":"","p4_campaign_name":"not set","p4_local_project":"","p4_basket_name":"not set","p4_department":"","footnotes":""},"categories":[3],"tags":[22,26],"p4-page-type":[16],"class_list":["post-12070","post","type-post","status-publish","format-standard","has-post-thumbnail","hentry","category-proteja-a-natureza","tag-florestas","tag-biodiversidade","p4-page-type-blog"],"_links":{"self":[{"href":"https:\/\/www.greenpeace.org\/brasil\/wp-json\/wp\/v2\/posts\/12070","targetHints":{"allow":["GET"]}}],"collection":[{"href":"https:\/\/www.greenpeace.org\/brasil\/wp-json\/wp\/v2\/posts"}],"about":[{"href":"https:\/\/www.greenpeace.org\/brasil\/wp-json\/wp\/v2\/types\/post"}],"author":[{"embeddable":true,"href":"https:\/\/www.greenpeace.org\/brasil\/wp-json\/wp\/v2\/users\/28"}],"replies":[{"embeddable":true,"href":"https:\/\/www.greenpeace.org\/brasil\/wp-json\/wp\/v2\/comments?post=12070"}],"version-history":[{"count":4,"href":"https:\/\/www.greenpeace.org\/brasil\/wp-json\/wp\/v2\/posts\/12070\/revisions"}],"predecessor-version":[{"id":12076,"href":"https:\/\/www.greenpeace.org\/brasil\/wp-json\/wp\/v2\/posts\/12070\/revisions\/12076"}],"wp:featuredmedia":[{"embeddable":true,"href":"https:\/\/www.greenpeace.org\/brasil\/wp-json\/wp\/v2\/media\/12071"}],"wp:attachment":[{"href":"https:\/\/www.greenpeace.org\/brasil\/wp-json\/wp\/v2\/media?parent=12070"}],"wp:term":[{"taxonomy":"category","embeddable":true,"href":"https:\/\/www.greenpeace.org\/brasil\/wp-json\/wp\/v2\/categories?post=12070"},{"taxonomy":"post_tag","embeddable":true,"href":"https:\/\/www.greenpeace.org\/brasil\/wp-json\/wp\/v2\/tags?post=12070"},{"taxonomy":"p4-page-type","embeddable":true,"href":"https:\/\/www.greenpeace.org\/brasil\/wp-json\/wp\/v2\/p4-page-type?post=12070"}],"curies":[{"name":"wp","href":"https:\/\/api.w.org\/{rel}","templated":true}]}}