{"id":1216,"date":"2015-10-07T00:00:00","date_gmt":"2015-10-07T00:00:00","guid":{"rendered":"https:\/\/www.greenpeace.org\/brasil\/blog\/projeto-de-lei-do-desmatamento-zero-e-entregue-no-congresso\/"},"modified":"2019-11-06T05:21:20","modified_gmt":"2019-11-06T08:21:20","slug":"projeto-de-lei-do-desmatamento-zero-e-entregue-no-congresso","status":"publish","type":"post","link":"https:\/\/www.greenpeace.org\/brasil\/blog\/projeto-de-lei-do-desmatamento-zero-e-entregue-no-congresso\/","title":{"rendered":"Projeto de lei do Desmatamento Zero \u00e9 entregue no Congresso"},"content":{"rendered":"<h4 class=\"leader\"><em>\u00c9 a primeira vez que a sociedade leva \u00e0 casa uma proposta de lei pelo fim do desmatamento nas florestas do Pa\u00eds. O projeto conta com o apoio de ONGs, entidades religiosas, artistas e mais de 1,4 milh\u00e3o de brasileiros<\/em><\/h4>\n<div>\n<lite-youtube style=\"background-image: url('https:\/\/i.ytimg.com\/vi\/GkiDzs2ulBk\/hqdefault.jpg');\" videoid=\"GkiDzs2ulBk\" params=\"rel=0\"><\/lite-youtube>\n<p>Crian\u00e7as, homens e mulheres, \u00e1rvores, bichos e plantas tomaram o Sal\u00e3o Verde do Congresso Nacional para dar um recado claro: chega de derrubar nossas florestas. Chega de comprometer nosso futuro! Assim, representando o que o Brasil tem de melhor, o Greenpeace, volunt\u00e1rios e parceiros entregaram \u00e0 Casa Legislativa o Projeto de Lei pelo <a href=\"http:\/\/www.desmatamentozero.org.br\/\">Desmatamento Zero<\/a>.<\/p>\n<p>O momento hist\u00f3rico \u00e9 resultado da mobiliza\u00e7\u00e3o de mais de 1,4 milh\u00f5es de brasileiros que, \u00a0desde 2012, vem coletando assinaturas, para levar o projeto ao Congresso Nacional. O ato de entrega da proposta, que pro\u00edbe o corte de florestas nativas no Brasil, ocorreu na tarde desta quarta-feira e contou com a presen\u00e7a de representantes de entidades religiosas e movimentos sociais, al\u00e9m de personalidades como os atores Caio Blat, Jorge Pontual, Paulo Vilhena, Maria Paula, a pintora e cantora Lu\u00edsa Matsushida (Lovefoxxx) e da funkeira Valesca Popozuda.<\/p>\n<p>\u201cVerdadeiramente acredito que podemos criar um futuro melhor para nossos filhos e para as gera\u00e7\u00f5es futuras protegendo os maiores bens do planeta Terra. Se cada um fizer a sua parte, construiremos esse futuro juntos&#8221;, defende Let\u00edcia Spiller, atriz e embaixadora do Greenpeace pelo Desmatamento Zero.<\/p>\n<div class=\"events-box big-box left\">\n<div class=\"frame\">\n<div style=\"width: 610px\" class=\"wp-caption alignnone\"><a class=\"open-img EnlargeImage\" title=\"\" href=\"https:\/\/www.greenpeace.org\/static\/planet4-brasil-stateless\/2018\/07\/valesca.jpg\"><img loading=\"lazy\" decoding=\"async\" id=\"ctl00_cphContentArea_Property3_ctl00_ctl04_Image1\" class=\"Thumbnail\" style=\"border-width: 0px;\" src=\"https:\/\/www.greenpeace.org\/static\/planet4-brasil-stateless\/2018\/07\/valesca.jpg\" alt=\"\" width=\"600\" height=\"400\" \/><\/a><p class=\"wp-caption-text\">A funkeira Valesca Popozuda esteve no Congresso para demonstrar seu apoio ao Desmatamento Zero. (\u00a9 Adriano Machado \/ Greenpeace)<\/p><\/div>\n<p>Para marcar o momento, ativistas do Greenpeace realizaram uma interven\u00e7\u00e3o art\u00edstica no Sal\u00e3o Verde do Congresso, com a montagem de um mural de 2,16 de altura por 6,71 de comprimento, formada por mais de 6 mil fotos enviadas pelas pessoas que colaboraram com a campanha, com a mensagem \u201cDesmatamento Zero j\u00e1!\u201d.<\/p>\n<\/div>\n<\/div>\n<h4><strong>Veja mais:<\/strong><\/h4>\n<ul>\n<li><a href=\"http:\/\/www.greenpeace.org\/brasil\/pt\/Noticias\/Desmatamento-Zero-ja\/\" target=\"_blank\" rel=\"noopener noreferrer\">Veja como foi a entrega do Projeto de lei<\/a><\/li>\n<\/ul>\n<p>\u201cS\u00e3o milhares de brasileiros dizendo que n\u00e3o toleram mais o desmatamento. Entregamos este projeto ao Congresso e est\u00e1 na hora deles refletirem o desejo da popula\u00e7\u00e3o. Temos espa\u00e7o para nos desenvolver sem derrubar nossas florestas\u201d, diz Cristiane Mazzetti, da campanha Amaz\u00f4nia do Greenpeace. \u201cA democracia se faz com a garantia de acesso aos recursos naturais \u00e0 todos, destas e das futuras gera\u00e7\u00f5es. Por isso, acabar com a destrui\u00e7\u00e3o de nossas florestas \u00e9 essencial\u201d, afirma.<\/p>\n<p>\u201cAssinei a peti\u00e7\u00e3o em 2012 e confesso que tinha certa ansiedade de v\u00ea-la conclu\u00edda. Certamente este ser\u00e1 um passo importante para o objetivo de zerar o desmatamento no Brasil e a\u00ed come\u00e7ar um novo projeto de desenvolvimento para o pa\u00eds, que n\u00e3o seja fundamentado na destrui\u00e7\u00e3o ambiental. \u00c9 um grande momento para n\u00f3s da Amaz\u00f4nia, para a sociedade brasileira e eu diria que para o mundo todo\u201d, disse o senador Jo\u00e3o Capiberibe (PSB\/AP).<\/p>\n<p>Recentemente, algumas das maiores ONGs do Brasil <a href=\"http:\/\/www.greenpeace.org\/brasil\/pt\/Noticias\/Em-carta-aberta-ONGs-pedem-mais-ambicao-no-combate-ao-desmatamento\/\">publicaram em conjunto um manifesto<\/a> em favor do <a href=\"http:\/\/www.desmatamentozero.org.br\/\">Desmatamento Zero<\/a>, considerado pelo grupo como \u201cnecess\u00e1rio e fact\u00edvel\u201d. A destrui\u00e7\u00e3o das florestas, somada \u00e0s mudan\u00e7as clim\u00e1ticas, pode provocar secas prolongadas em diferentes regi\u00f5es do Brasil e reduzir a produ\u00e7\u00e3o agr\u00edcola brasileira, gerando um grande impacto econ\u00f4mico e social. J\u00e1 em 2020 a produ\u00e7\u00e3o agr\u00edcola poder\u00e1 sofrer um preju\u00edzo anual na ordem de R$ 7,4 bilh\u00f5es, como consequ\u00eancia da redu\u00e7\u00e3o de chuvas em diferentes regi\u00f5es. A escassez afeta tamb\u00e9m a gera\u00e7\u00e3o de energia hidroel\u00e9trica e compromete o abastecimento de \u00e1gua e a qualidade de vida para milh\u00f5es de pessoas que vivem nas grandes cidades.<\/p>\n<p>\u201cEste projeto reabre uma discuss\u00e3o importante aqui dentro, para que possamos confrontar aqueles que n\u00e3o tem no\u00e7\u00e3o dos direitos difusos da sociedade e at\u00e9 dos seus pr\u00f3prios benef\u00edcios, como os ruralistas, que tamb\u00e9m saem perdendo com o desmatamento, \u00a0j\u00e1 que a destrui\u00e7\u00e3o florestal prejudica o regime de chuvas\u201d, aponta o deputado Jos\u00e9 Sarney Filho, (PV\/MA), l\u00edder da Frente Parlamentar Ambientalista.<\/p>\n<p>\u201cEspero que o projeto possa mobilizar e sensibilizar o Congresso Nacional. \u00c9 um momento importante para que possamos continuar pressionando, n\u00e3o apenas por pequenas mudan\u00e7as e costuras de ap\u00eandices, mas pensar em uma mudan\u00e7a profunda\u201d, afirma Dom Guilherme Ant\u00f4nio Werlang, da CNBB.<\/p>\n<p>A entrega do projeto marca um importante momento na luta para salvar as florestas, mas apenas com apoio de todos os setores da sociedade conseguiremos lev\u00e1-lo adiante. O Brasil precisa parar de enxergar suas florestas como um empecilho ao desenvolvimento e passar a encar\u00e1-las como essenciais para o futuro do pa\u00eds e da estabilidade do clima mundial. \u00a0Todos juntos para que o <a href=\"http:\/\/www.desmatamentozero.org.br\/\">Desmatamento Zero<\/a> vire realidade no Brasil.<\/p>\n<p><a title=\"Desmatamento Zero j\u00e1!\" href=\"https:\/\/www.flickr.com\/photos\/greenpeacebrasil\/albums\/72157657283322524\" data-flickr-embed=\"true\"><img loading=\"lazy\" decoding=\"async\" src=\"https:\/\/www.greenpeace.org\/static\/planet4-brasil-stateless\/2018\/07\/22046763161_b1387e0966.jpg\" alt=\"Desmatamento Zero j\u00e1!\" width=\"600\" height=\"400\" \/><\/a><script async=\"\" src=\"https:\/\/embedr.flickr.com\/assets\/client-code.js\" charset=\"utf-8\"><\/script><\/p>\n<h4 style=\"text-align: center;\">Se voc\u00ea ainda n\u00e3o assinou a peti\u00e7\u00e3o pelo Desmatamento Zero, pode assin\u00e1-la aqui:<\/h4>\n<p align=\"center\"><a href=\"http:\/\/salveasflorestas.org.br\/?ref=151007_p3_not&amp;utm_source=referral&amp;utm_medium=p3&amp;utm_campaign=florestas&amp;utm_content=151007_p3_not\"><img decoding=\"async\" src=\"https:\/\/www.greenpeace.org\/static\/planet4-brasil-stateless\/2018\/07\/assine.png\" alt=\"\" width=\"80%\" \/><\/a><\/p>\n<\/div>\n","protected":false},"excerpt":{"rendered":"<p>\u00c9 a primeira vez que a sociedade leva \u00e0 casa uma proposta de lei pelo fim do desmatamento nas florestas do Pa\u00eds. O projeto conta com o apoio de ONGs, entidades religiosas, artistas e mais de 1,4 milh\u00e3o de brasileiros.<\/p>\n","protected":false},"author":28,"featured_media":1218,"comment_status":"open","ping_status":"open","sticky":false,"template":"","format":"standard","meta":{"ep_exclude_from_search":false,"p4_og_title":"","p4_og_description":"","p4_og_image":"","p4_og_image_id":"","p4_seo_canonical_url":"","p4_campaign_name":"","p4_local_project":"","p4_basket_name":"","p4_department":"","footnotes":""},"categories":[3],"tags":[22],"p4-page-type":[16],"class_list":["post-1216","post","type-post","status-publish","format-standard","has-post-thumbnail","hentry","category-proteja-a-natureza","tag-florestas","p4-page-type-blog"],"_links":{"self":[{"href":"https:\/\/www.greenpeace.org\/brasil\/wp-json\/wp\/v2\/posts\/1216","targetHints":{"allow":["GET"]}}],"collection":[{"href":"https:\/\/www.greenpeace.org\/brasil\/wp-json\/wp\/v2\/posts"}],"about":[{"href":"https:\/\/www.greenpeace.org\/brasil\/wp-json\/wp\/v2\/types\/post"}],"author":[{"embeddable":true,"href":"https:\/\/www.greenpeace.org\/brasil\/wp-json\/wp\/v2\/users\/28"}],"replies":[{"embeddable":true,"href":"https:\/\/www.greenpeace.org\/brasil\/wp-json\/wp\/v2\/comments?post=1216"}],"version-history":[{"count":4,"href":"https:\/\/www.greenpeace.org\/brasil\/wp-json\/wp\/v2\/posts\/1216\/revisions"}],"predecessor-version":[{"id":12986,"href":"https:\/\/www.greenpeace.org\/brasil\/wp-json\/wp\/v2\/posts\/1216\/revisions\/12986"}],"wp:featuredmedia":[{"embeddable":true,"href":"https:\/\/www.greenpeace.org\/brasil\/wp-json\/wp\/v2\/media\/1218"}],"wp:attachment":[{"href":"https:\/\/www.greenpeace.org\/brasil\/wp-json\/wp\/v2\/media?parent=1216"}],"wp:term":[{"taxonomy":"category","embeddable":true,"href":"https:\/\/www.greenpeace.org\/brasil\/wp-json\/wp\/v2\/categories?post=1216"},{"taxonomy":"post_tag","embeddable":true,"href":"https:\/\/www.greenpeace.org\/brasil\/wp-json\/wp\/v2\/tags?post=1216"},{"taxonomy":"p4-page-type","embeddable":true,"href":"https:\/\/www.greenpeace.org\/brasil\/wp-json\/wp\/v2\/p4-page-type?post=1216"}],"curies":[{"name":"wp","href":"https:\/\/api.w.org\/{rel}","templated":true}]}}