{"id":12429,"date":"2019-12-22T09:02:00","date_gmt":"2019-12-22T12:02:00","guid":{"rendered":"https:\/\/www.greenpeace.org\/brasil\/?p=12429"},"modified":"2021-12-01T09:31:14","modified_gmt":"2021-12-01T12:31:14","slug":"os-bastidores-da-entrega-do-premio-exterminador-do-futuro-a-ricardo-salles","status":"publish","type":"post","link":"https:\/\/www.greenpeace.org\/brasil\/blog\/os-bastidores-da-entrega-do-premio-exterminador-do-futuro-a-ricardo-salles\/","title":{"rendered":"Os bastidores da entrega do \u201cPr\u00eamio Exterminador do Futuro\u201d a Ricardo Salles"},"content":{"rendered":"\n<h4 class=\"wp-block-heading\">&#8220;\u00c9&nbsp;o pr\u00eamio que o Ministro tanto merece, que se esfor\u00e7ou muito pra conseguir\u201d, disse Ian no momento da entrega<\/h4>\n\n<figure class=\"wp-block-image size-large  caption-style-blue-overlay caption-alignment-center\"><img loading=\"lazy\" decoding=\"async\" width=\"1024\" height=\"724\" src=\"https:\/\/www.greenpeace.org\/static\/planet4-brasil-stateless\/2019\/12\/7c0ac336-pr\u00eamio-exterminador-1024x724.jpg\" alt=\"\" class=\"wp-image-13993\" srcset=\"https:\/\/www.greenpeace.org\/static\/planet4-brasil-stateless\/2019\/12\/7c0ac336-pr\u00eamio-exterminador-1024x724.jpg 1024w, https:\/\/www.greenpeace.org\/static\/planet4-brasil-stateless\/2019\/12\/7c0ac336-pr\u00eamio-exterminador-300x212.jpg 300w, https:\/\/www.greenpeace.org\/static\/planet4-brasil-stateless\/2019\/12\/7c0ac336-pr\u00eamio-exterminador-768x543.jpg 768w, https:\/\/www.greenpeace.org\/static\/planet4-brasil-stateless\/2019\/12\/7c0ac336-pr\u00eamio-exterminador-1536x1086.jpg 1536w, https:\/\/www.greenpeace.org\/static\/planet4-brasil-stateless\/2019\/12\/7c0ac336-pr\u00eamio-exterminador-2048x1448.jpg 2048w, https:\/\/www.greenpeace.org\/static\/planet4-brasil-stateless\/2019\/12\/7c0ac336-pr\u00eamio-exterminador-1932x1366.jpg 1932w, https:\/\/www.greenpeace.org\/static\/planet4-brasil-stateless\/2019\/12\/7c0ac336-pr\u00eamio-exterminador-481x340.jpg 481w\" sizes=\"auto, (max-width: 1024px) 100vw, 1024px\" \/><figcaption> Ian Co\u00ealho entregando o &#8220;Pr\u00eamio Exterminador do Futuro&#8221; a Ricardo Salles  \u00ae\u00a0Henrique Medeiros \/ M\u00eddia Ninja <\/figcaption><\/figure>\n<p><strong>No dia 9 de outubro, o ministro do Meio Ambiente, Ricardo Salles, recebeu o \u201cPr\u00eamio Exterminador do Futuro\u201d<\/strong>, durante a Comiss\u00e3o de Meio Ambiente e Desenvolvimento Sustent\u00e1vel da C\u00e2mara dos Deputados, convocada em raz\u00e3o do vazamento de \u00f3leo que at\u00e9 ent\u00e3o tinha atingido praias de ao menos nove estados do Nordeste.<\/p>\n<p>O pr\u00eamio foi entregue por Ian Co\u00ealho, um dos participantes do movimento <strong>\u201cJovens pelo Clima\u201d<\/strong>, de Bras\u00edlia, que por meio dessa a\u00e7\u00e3o acabou representando o desejo de outros milhares de jovens que t\u00eam se articulado para <strong>cobrar a\u00e7\u00f5es pr\u00e1ticas de governantes e empresas para frear as mudan\u00e7as clim\u00e1ticas.<\/strong><\/p>\n<p>N\u00f3s entramos em contato com o Ian para saber como nasceu o \u201cJovens pelo Clima\u201d em Bras\u00edlia e pedimos um relato de como foi a constru\u00e7\u00e3o desse momento da entrega do pr\u00eamio sob a sua perspectiva, que merece ser relembrado, pois as a\u00e7\u00f5es posteriores do ministro, que continua avan\u00e7ando quando o assunto \u00e9 retrocesso ambiental, s\u00f3 fizeram refor\u00e7ar o merecimento de &#8220;Exterminador do Futuro&#8221;.<\/p>\n<div style=\"padding: 2rem 2.5rem; background: #FFEFD5;\">\n<h3 style=\"font-size: 1.3rem; font-weight: bold; margin-bottom: 1.5rem;\">Por Ian Co\u00ealho<\/h3>\n<p>Meu nome \u00e9 Ian Co\u00ealho, tenho 17 anos e atualmente estou cursando o 3\u02da ano do Ensino M\u00e9dio. Nasci e moro em Bras\u00edlia.<\/p>\n<p>No in\u00edcio deste ano, uma amiga do col\u00e9gio, chamada Nina, me contou sobre a movimenta\u00e7\u00e3o internacional que estava acontecendo em torno de uma causa refor\u00e7ada pela jovem <strong>Greta Thunberg<\/strong>. N\u00f3s n\u00e3o \u00e9ramos ambientalmente militantes, mas sempre procuramos debater e pesquisar sobre pol\u00edtica e movimenta\u00e7\u00f5es geopol\u00edticas internacionais.<\/p>\n<p>Numa tarde de realiza\u00e7\u00e3o de um trabalho escolar, Nina sugeriu que, com o objetivo de reverberar o que estava acontecendo no mundo, fiz\u00e9ssemos uma manifesta\u00e7\u00e3o em defesa do meio ambiente em frente ao Congresso Nacional em Bras\u00edlia. Eu, Nina e Helena est\u00e1vamos decididos que seria de fundamental import\u00e2ncia que a capital de um dos pa\u00edses mais biodiversos do mundo \u201cmarcasse presen\u00e7a\u201d nessa demonstra\u00e7\u00e3o p\u00fablica de indigna\u00e7\u00e3o.<\/p>\n<p>A ideia seguiu forte. Aos poucos outras amigas, Clara, Nara e Marcela, foram se juntando a essa ideia e assim nascia o <strong>projeto \u201cJovens pelo Clima\u201d em Bras\u00edlia<\/strong>, que come\u00e7ou com uma pequena estrutura e rapidamente foi recebendo cada vez mais jovens. Em nossa segunda manifesta\u00e7\u00e3o, um total de 100 pessoas ocuparam o gramado em frente ao Congresso Nacional no dia 24 de maio, pedindo seriedade para com a pol\u00edtica ambiental brasileira. Na ocasi\u00e3o, conseguimos chamar a aten\u00e7\u00e3o do poder p\u00fablico, pois contamos com a presen\u00e7a de um deputado distrital que demonstrou apoio ao projeto.<\/p>\n<p>Cerca de um m\u00eas depois, no dia 28 de junho, uma roda de conversa foi feita no mesmo gramado para que pud\u00e9ssemos dialogar e pontuar cr\u00edticas e sugest\u00f5es \u00e0 pol\u00edtica ambiental brasileira.<\/p>\n<p>Com o tempo, o \u201cJovens pelo Clima\u201d Bras\u00edlia se estruturou melhor e estreou o segundo semestre de 2019 muito mais preparado para enfrentar tudo o que viria pela frente. Em uma das v\u00e1rias conversas que participamos com grupos ambientais, algu\u00e9m sugeriu que cri\u00e1ssemos um coletivo que reunisse diversas entidades para que pud\u00e9ssemos<strong> fortalecer o movimento ambiental e assim fazer uma manifesta\u00e7\u00e3o hist\u00f3rica em prol do meio ambiente.<\/strong> Ap\u00f3s algumas reuni\u00f5es, muito esfor\u00e7o conjunto e muito suor, no dia 18 de setembro, a Coaliz\u00e3o pelo Clima do Distrito Federal foi formada e o manifesto da Coaliz\u00e3o foi lido por mim no Sal\u00e3o Verde da C\u00e2mara dos Deputados.<\/p>\n<p>Organizamos ent\u00e3o como seria a <a href=\"https:\/\/www.greenpeace.org\/brasil\/blog\/milhoes-de-pessoas-foram-as-ruas-ontem-na-greve-global-pelo-clima\/\"><strong>Greve Global pelo Clima<\/strong><\/a>, que tinha tudo para dar certo, e deu.<\/p>\n<p><strong>No dia 20 de setembro de 2019, cerca de 2,5 mil pessoas lotaram a rodovi\u00e1ria do Plano Piloto<\/strong>, marcharam em dire\u00e7\u00e3o ao Minist\u00e9rio do Meio Ambiente e desceram at\u00e9 o Congresso. Na marcha, tivemos a presen\u00e7a da ex-ministra do Meio Ambiente, Marina Silva, e a presen\u00e7a do deputado Leandro Grass. Ao chegarmos no gramado do Congresso, uma roda de falas foi aberta e todos que tiveram vontade abriram seus cora\u00e7\u00f5es e compartilharam seus pensamentos. Foi lindo.<\/p>\n<p>Em meio a tantas idas e vindas \u00e0 C\u00e2mara e ao Senado, conheci muitos ativistas do movimento socioambiental que fazem um trabalho fenomenal nessa \u00e1rea. Muitos deles encontraram em n\u00f3s, jovens militantes, a esperan\u00e7a de um futuro. Ap\u00f3s um desses encontros, em reuni\u00f5es dentro e fora do Congresso, me foi dada <strong>a miss\u00e3o de fazer a entrega do pr\u00eamio de \u201cExterminador do Futuro\u201d ao Ministro do Meio Ambiente, Ricardo Salles<\/strong>, que parece mais ser um Ministro do Agroneg\u00f3cio\u2026<\/p>\n<p>Foram algumas semanas de prepara\u00e7\u00e3o. <strong>O que eu quero dizer \u00e9: n\u00e3o foi um ato isolado e inconsequente de um estudante delirante, foi algo bem pensado para que tudo desse certo.<\/strong> T\u00ednhamos o momento perfeito para agir. Por diversas vezes, revisamos a legisla\u00e7\u00e3o brasileira para saber das poss\u00edveis san\u00e7\u00f5es que poderiam me ocorrer, mas nada de substancial foi achado. Consideramos ent\u00e3o como <strong>um ato leg\u00edtimo, representado por uma pessoa com direito a ocupar aquele local de fala.<\/strong><\/p>\n<p><strong>O principal objetivo desse ato era fazer uma cr\u00edtica \u00e0 condu\u00e7\u00e3o da pol\u00edtica ambiental brasileira, de forma descontra\u00edda e sarc\u00e1stica.<\/strong> O objetivo foi alcan\u00e7ado com louvor, o ato repercutiu muito mais do que ach\u00e1vamos que repercutiria e ficamos sabendo que a not\u00edcia chegou at\u00e9 a Uni\u00e3o Europeia.<\/p>\n<p>Confesso que em alguns momentos eu pensei em desistir, pois o nervosismo era enorme e a adrenalina estava no topo. Quando vi o boneco, minutos antes da entrega, foi uma sensa\u00e7\u00e3o muito estranha, uma mistura intensa de ansiedade com felicidade.<\/p>\n<p>Foi ent\u00e3o que em uma pequena brecha entre a fala do presidente da Comiss\u00e3o de Meio Ambiente e Desenvolvimento Sustent\u00e1vel e o in\u00edcio da audi\u00eancia, eu me aproximei da mesa, me ajoelhei para que pudesse retirar o pr\u00eamio sem chamar muita aten\u00e7\u00e3o e fiz a t\u00e3o merecida entrega, proferindo as seguintes palavras: <strong>\u201cMinistro, eu queria fazer uma entrega pra voc\u00ea. Esse aqui \u00e9 o pr\u00eamio do Exterminador do Futuro pro Ministro Salles, \u00e9 o pr\u00eamio que o Ministro tanto merece, que se esfor\u00e7ou muito pra conseguir\u201d.<\/strong><\/p>\n<p>Assim que eu coloquei o pr\u00eamio em cima da mesa, o Ministro rapidamente o escondeu. Eu acredito que foi uma tentativa de evitar que o ato fosse fotografado, mas j\u00e1 era tarde demais, in\u00fameras fotos j\u00e1 haviam sido tiradas.<br \/>Assim como o Ministro, os policiais legislativos federais foram r\u00e1pidos e diretos e eu fui retirado de forma r\u00edspida, mas n\u00e3o muito agressiva.<\/p>\n<p>Quando conseguiram me tirar da mesa, me encaminharam at\u00e9 a sa\u00edda da Comiss\u00e3o de Meio Ambiente e Desenvolvimento Sustent\u00e1vel. Depois de ter sa\u00eddo, n\u00e3o fui repreendido e nem interrogado, fiquei no hall da entrada do Anexo 2 da C\u00e2mara conversando com alguns colegas. Quando achei oportuno, fui para a parada de \u00f4nibus ao lado do STF (Supremo Tribunal Federal), peguei meu \u00f4nibus e voltei para escola ainda a tempo de assistir a uma aula de Hist\u00f3ria.<\/p>\n<\/div>\n<div id=\"attachment_12437\" style=\"width: 5194px\" class=\"wp-caption alignnone\"><img loading=\"lazy\" decoding=\"async\" aria-describedby=\"caption-attachment-12437\" class=\"wp-image-12437 size-full\" src=\"https:\/\/www.greenpeace.org\/static\/planet4-brasil-stateless\/2019\/10\/IMG-6579.jpg\" alt=\"\" width=\"5184\" height=\"3456\" srcset=\"https:\/\/www.greenpeace.org\/static\/planet4-brasil-stateless\/2019\/10\/IMG-6579.jpg 5184w, https:\/\/www.greenpeace.org\/static\/planet4-brasil-stateless\/2019\/10\/IMG-6579-300x200.jpg 300w, https:\/\/www.greenpeace.org\/static\/planet4-brasil-stateless\/2019\/10\/IMG-6579-768x512.jpg 768w, https:\/\/www.greenpeace.org\/static\/planet4-brasil-stateless\/2019\/10\/IMG-6579-1024x683.jpg 1024w, https:\/\/www.greenpeace.org\/static\/planet4-brasil-stateless\/2019\/10\/IMG-6579-2048x1366.jpg 2048w, https:\/\/www.greenpeace.org\/static\/planet4-brasil-stateless\/2019\/10\/IMG-6579-510x340.jpg 510w\" sizes=\"auto, (max-width: 5184px) 100vw, 5184px\" \/><p id=\"caption-attachment-12437\" class=\"wp-caption-text\">Seguran\u00e7as retirando Ian ap\u00f3s entrega do &#8220;Pr\u00eamio Exterminador do Futuro&#8221; a Ricardo Salles<\/p><\/div>\n<div class=\"EmptyMessage\">Block content is empty. Check the block&#8217;s settings or remove it.<\/div>","protected":false},"excerpt":{"rendered":"<p>&#8220;N\u00e3o foi um ato isolado e inconsequente de um estudante delirante, foi algo bem pensado\u201d, diz o jovem que entregou o pr\u00eamio No \u00faltimo dia 9 de outubro, o ministro&hellip;<\/p>\n","protected":false},"author":67,"featured_media":12437,"comment_status":"open","ping_status":"closed","sticky":false,"template":"","format":"standard","meta":{"ep_exclude_from_search":false,"p4_og_title":"","p4_og_description":"","p4_og_image":"","p4_og_image_id":"","p4_seo_canonical_url":"","p4_campaign_name":"not set","p4_local_project":"","p4_basket_name":"not set","p4_department":"","footnotes":""},"categories":[4],"tags":[6],"p4-page-type":[16],"class_list":["post-12429","post","type-post","status-publish","format-standard","has-post-thumbnail","hentry","category-ativismo","tag-clima","p4-page-type-blog"],"_links":{"self":[{"href":"https:\/\/www.greenpeace.org\/brasil\/wp-json\/wp\/v2\/posts\/12429","targetHints":{"allow":["GET"]}}],"collection":[{"href":"https:\/\/www.greenpeace.org\/brasil\/wp-json\/wp\/v2\/posts"}],"about":[{"href":"https:\/\/www.greenpeace.org\/brasil\/wp-json\/wp\/v2\/types\/post"}],"author":[{"embeddable":true,"href":"https:\/\/www.greenpeace.org\/brasil\/wp-json\/wp\/v2\/users\/67"}],"replies":[{"embeddable":true,"href":"https:\/\/www.greenpeace.org\/brasil\/wp-json\/wp\/v2\/comments?post=12429"}],"version-history":[{"count":19,"href":"https:\/\/www.greenpeace.org\/brasil\/wp-json\/wp\/v2\/posts\/12429\/revisions"}],"predecessor-version":[{"id":35311,"href":"https:\/\/www.greenpeace.org\/brasil\/wp-json\/wp\/v2\/posts\/12429\/revisions\/35311"}],"wp:featuredmedia":[{"embeddable":true,"href":"https:\/\/www.greenpeace.org\/brasil\/wp-json\/wp\/v2\/media\/12437"}],"wp:attachment":[{"href":"https:\/\/www.greenpeace.org\/brasil\/wp-json\/wp\/v2\/media?parent=12429"}],"wp:term":[{"taxonomy":"category","embeddable":true,"href":"https:\/\/www.greenpeace.org\/brasil\/wp-json\/wp\/v2\/categories?post=12429"},{"taxonomy":"post_tag","embeddable":true,"href":"https:\/\/www.greenpeace.org\/brasil\/wp-json\/wp\/v2\/tags?post=12429"},{"taxonomy":"p4-page-type","embeddable":true,"href":"https:\/\/www.greenpeace.org\/brasil\/wp-json\/wp\/v2\/p4-page-type?post=12429"}],"curies":[{"name":"wp","href":"https:\/\/api.w.org\/{rel}","templated":true}]}}