{"id":12518,"date":"2019-10-28T14:21:06","date_gmt":"2019-10-28T17:21:06","guid":{"rendered":"https:\/\/www.greenpeace.org\/brasil\/?p=12518"},"modified":"2021-12-01T09:31:36","modified_gmt":"2021-12-01T12:31:36","slug":"voluntarios-realizam-mobilizacoes-em-apoio-ao-nordeste","status":"publish","type":"post","link":"https:\/\/www.greenpeace.org\/brasil\/voluntarios\/voluntarios-realizam-mobilizacoes-em-apoio-ao-nordeste\/","title":{"rendered":"Volunt\u00e1rios realizam mobiliza\u00e7\u00f5es em apoio ao Nordeste"},"content":{"rendered":"<p><strong>Em todo o Brasil, volunt\u00e1rios e volunt\u00e1rias se solidarizam com o derramamento de \u00f3leo que afeta as praias nordestinas e prejudica o meio ambiente local<\/strong><\/p>\n<div id=\"attachment_12519\" style=\"width: 3323px\" class=\"wp-caption aligncenter\"><img loading=\"lazy\" decoding=\"async\" aria-describedby=\"caption-attachment-12519\" class=\"size-full wp-image-12519\" src=\"https:\/\/www.greenpeace.org\/static\/planet4-brasil-stateless\/2019\/10\/Foto-Joana-Prates-2.jpg\" alt=\"\" width=\"3313\" height=\"2209\" srcset=\"https:\/\/www.greenpeace.org\/static\/planet4-brasil-stateless\/2019\/10\/Foto-Joana-Prates-2.jpg 3313w, https:\/\/www.greenpeace.org\/static\/planet4-brasil-stateless\/2019\/10\/Foto-Joana-Prates-2-300x200.jpg 300w, https:\/\/www.greenpeace.org\/static\/planet4-brasil-stateless\/2019\/10\/Foto-Joana-Prates-2-768x512.jpg 768w, https:\/\/www.greenpeace.org\/static\/planet4-brasil-stateless\/2019\/10\/Foto-Joana-Prates-2-1024x683.jpg 1024w, https:\/\/www.greenpeace.org\/static\/planet4-brasil-stateless\/2019\/10\/Foto-Joana-Prates-2-2048x1366.jpg 2048w, https:\/\/www.greenpeace.org\/static\/planet4-brasil-stateless\/2019\/10\/Foto-Joana-Prates-2-510x340.jpg 510w\" sizes=\"auto, (max-width: 3313px) 100vw, 3313px\" \/><p id=\"caption-attachment-12519\" class=\"wp-caption-text\">Volunt\u00e1rios e volunt\u00e1rias do Greenpeace realizam protesto em frente \u00e0 Catedral em Bras\u00edlia (DF)<\/p><\/div>\n<p><span style=\"font-weight: 400;\">Nas \u00faltimas semanas, nossos volunt\u00e1rios e volunt\u00e1rias realizaram diversas atividades de conscientiza\u00e7\u00e3o em todo o Brasil. Tivemos mobiliza\u00e7\u00f5es em diferentes partes do pa\u00eds em apoio ao Nordeste que vem sofrendo com as manchas de \u00f3leo h\u00e1 mais de 50 dias. Al\u00e9m disso, os grupos de Salvador e Recife participaram dos mutir\u00f5es de limpeza desse \u00f3leo.<\/span><\/p>\n<p><span style=\"font-weight: 400;\">Ainda tivemos Projetos Escolas dos grupos de Porto Alegre e Fortaleza, cine debate realizado pelo grupo do Leste Paulista, participa\u00e7\u00e3o audi\u00eancia p\u00fablica em Porto Alegre e uma a\u00e7\u00e3o de limpeza do grupo de Belo Horizonte.<\/span><\/p>\n<p><b>Brasil manchado de \u00f3leo<\/b><\/p>\n<p><span style=\"font-weight: 400;\">Entre os dias 26 e 27 de outubro, volunt\u00e1rios e volunt\u00e1rias de diversas partes do Brasil se mobilizaram e realizaram um protesto pac\u00edfico em apoio ao Nordeste e a popula\u00e7\u00e3o que est\u00e3o sendo<\/span><span style=\"font-weight: 400;\"> afetados diretamente pelo derramamento de \u00f3leo que chega nas praias&nbsp; <\/span><span style=\"font-weight: 400;\">h\u00e1 mais de 50 dias, al\u00e9m de pedirem medidas eficazes de combate ao problema. <\/span><span style=\"font-weight: 400;\">Confira alguns momentos das manifesta\u00e7\u00f5es:<\/span><\/p>\n\n\t\t<style type=\"text\/css\">\n\t\t\t#gallery-1 {\n\t\t\t\tmargin: auto;\n\t\t\t}\n\t\t\t#gallery-1 .gallery-item {\n\t\t\t\tfloat: left;\n\t\t\t\tmargin-top: 10px;\n\t\t\t\ttext-align: center;\n\t\t\t\twidth: 33%;\n\t\t\t}\n\t\t\t#gallery-1 img {\n\t\t\t\tborder: 2px solid #cfcfcf;\n\t\t\t}\n\t\t\t#gallery-1 .gallery-caption {\n\t\t\t\tmargin-left: 0;\n\t\t\t}\n\t\t\t\/* see gallery_shortcode() in wp-includes\/media.php *\/\n\t\t<\/style>\n\t\t<div id='gallery-1' class='gallery galleryid-12518 gallery-columns-3 gallery-size-thumbnail'><dl class='gallery-item'>\n\t\t\t<dt class='gallery-icon landscape'>\n\t\t\t\t<a href='https:\/\/www.greenpeace.org\/brasil\/voluntarios\/voluntarios-realizam-mobilizacoes-em-apoio-ao-nordeste\/foto-victor-varao-60\/'><img loading=\"lazy\" decoding=\"async\" width=\"150\" height=\"150\" src=\"https:\/\/www.greenpeace.org\/static\/planet4-brasil-stateless\/2019\/10\/Foto-Victor-Var\u00e3o-60-150x150.jpg\" class=\"attachment-thumbnail size-thumbnail wp-stateless-item\" alt=\"\" aria-describedby=\"gallery-1-12525\" data-image-size=\"thumbnail\" data-stateless-media-bucket=\"planet4-brasil-stateless\" data-stateless-media-name=\"2019\/10\/Foto-Victor-Var\u00e3o-60.jpg\" \/><\/a>\n\t\t\t<\/dt>\n\t\t\t\t<dd class='wp-caption-text gallery-caption' id='gallery-1-12525'>\n\t\t\t\tNo Maranh\u00e3o, um dos locais afetados, nossos volunt\u00e1rios de S\u00e3o Lu\u00eds tamb\u00e9m realizaram a mobiliza\u00e7\u00e3o. \n\t\t\t\t<\/dd><\/dl><dl class='gallery-item'>\n\t\t\t<dt class='gallery-icon landscape'>\n\t\t\t\t<a href='https:\/\/www.greenpeace.org\/brasil\/voluntarios\/voluntarios-realizam-mobilizacoes-em-apoio-ao-nordeste\/foto-victor-varao-20\/'><img loading=\"lazy\" decoding=\"async\" width=\"150\" height=\"150\" src=\"https:\/\/www.greenpeace.org\/static\/planet4-brasil-stateless\/2019\/10\/Foto-Victor-Var\u00e3o-20-150x150.jpg\" class=\"attachment-thumbnail size-thumbnail wp-stateless-item\" alt=\"\" aria-describedby=\"gallery-1-12523\" data-image-size=\"thumbnail\" data-stateless-media-bucket=\"planet4-brasil-stateless\" data-stateless-media-name=\"2019\/10\/Foto-Victor-Var\u00e3o-20.jpg\" \/><\/a>\n\t\t\t<\/dt>\n\t\t\t\t<dd class='wp-caption-text gallery-caption' id='gallery-1-12523'>\n\t\t\t\tNo Maranh\u00e3o, um dos locais afetados, nossos volunt\u00e1rios de S\u00e3o Lu\u00eds tamb\u00e9m realizaram a mobiliza\u00e7\u00e3o. \n\t\t\t\t<\/dd><\/dl><dl class='gallery-item'>\n\t\t\t<dt class='gallery-icon landscape'>\n\t\t\t\t<a href='https:\/\/www.greenpeace.org\/brasil\/voluntarios\/voluntarios-realizam-mobilizacoes-em-apoio-ao-nordeste\/foto-victor-varao-23\/'><img loading=\"lazy\" decoding=\"async\" width=\"150\" height=\"150\" src=\"https:\/\/www.greenpeace.org\/static\/planet4-brasil-stateless\/2019\/10\/Foto-Victor-Var\u00e3o-23-150x150.jpg\" class=\"attachment-thumbnail size-thumbnail wp-stateless-item\" alt=\"\" aria-describedby=\"gallery-1-12524\" data-image-size=\"thumbnail\" data-stateless-media-bucket=\"planet4-brasil-stateless\" data-stateless-media-name=\"2019\/10\/Foto-Victor-Var\u00e3o-23.jpg\" \/><\/a>\n\t\t\t<\/dt>\n\t\t\t\t<dd class='wp-caption-text gallery-caption' id='gallery-1-12524'>\n\t\t\t\tNo Maranh\u00e3o, um dos locais afetados, nossos volunt\u00e1rios de S\u00e3o Lu\u00eds tamb\u00e9m realizaram a mobiliza\u00e7\u00e3o. \n\t\t\t\t<\/dd><\/dl><br style=\"clear: both\" \/><dl class='gallery-item'>\n\t\t\t<dt class='gallery-icon landscape'>\n\t\t\t\t<a href='https:\/\/www.greenpeace.org\/brasil\/voluntarios\/voluntarios-realizam-mobilizacoes-em-apoio-ao-nordeste\/psx_20191026_184722\/'><img loading=\"lazy\" decoding=\"async\" width=\"150\" height=\"150\" src=\"https:\/\/www.greenpeace.org\/static\/planet4-brasil-stateless\/2019\/10\/a0cae4d4-psx_20191026_184722-150x150.jpg\" class=\"attachment-thumbnail size-thumbnail wp-stateless-item\" alt=\"\" aria-describedby=\"gallery-1-12535\" data-image-size=\"thumbnail\" data-stateless-media-bucket=\"planet4-brasil-stateless\" data-stateless-media-name=\"2019\/10\/a0cae4d4-psx_20191026_184722.jpg\" \/><\/a>\n\t\t\t<\/dt>\n\t\t\t\t<dd class='wp-caption-text gallery-caption' id='gallery-1-12535'>\n\t\t\t\tEm Salvador (BA), um dos locais afetados, o grupo realizou manifesta\u00e7\u00f5es em frente ao Farol da Barra.\n\n\t\t\t\t<\/dd><\/dl><dl class='gallery-item'>\n\t\t\t<dt class='gallery-icon landscape'>\n\t\t\t\t<a href='https:\/\/www.greenpeace.org\/brasil\/voluntarios\/voluntarios-realizam-mobilizacoes-em-apoio-ao-nordeste\/img_20191026_165423-1\/'><img loading=\"lazy\" decoding=\"async\" width=\"150\" height=\"150\" src=\"https:\/\/www.greenpeace.org\/static\/planet4-brasil-stateless\/2019\/10\/f11b4b96-img_20191026_165423-1-150x150.jpg\" class=\"attachment-thumbnail size-thumbnail wp-stateless-item\" alt=\"\" aria-describedby=\"gallery-1-12531\" data-image-size=\"thumbnail\" data-stateless-media-bucket=\"planet4-brasil-stateless\" data-stateless-media-name=\"2019\/10\/f11b4b96-img_20191026_165423-1.jpg\" \/><\/a>\n\t\t\t<\/dt>\n\t\t\t\t<dd class='wp-caption-text gallery-caption' id='gallery-1-12531'>\n\t\t\t\tEm Salvador (BA), um dos locais afetados, o grupo realizou manifesta\u00e7\u00f5es em frente ao Farol da Barra.\n\n\t\t\t\t<\/dd><\/dl><dl class='gallery-item'>\n\t\t\t<dt class='gallery-icon landscape'>\n\t\t\t\t<a href='https:\/\/www.greenpeace.org\/brasil\/voluntarios\/voluntarios-realizam-mobilizacoes-em-apoio-ao-nordeste\/francisco-felix-1\/'><img loading=\"lazy\" decoding=\"async\" width=\"150\" height=\"150\" src=\"https:\/\/www.greenpeace.org\/static\/planet4-brasil-stateless\/2019\/10\/bd9fa3af-francisco-f\u00e9lix-1-150x150.jpg\" class=\"attachment-thumbnail size-thumbnail wp-stateless-item\" alt=\"\" aria-describedby=\"gallery-1-12528\" data-image-size=\"thumbnail\" data-stateless-media-bucket=\"planet4-brasil-stateless\" data-stateless-media-name=\"2019\/10\/bd9fa3af-francisco-f\u00e9lix-1.jpg\" \/><\/a>\n\t\t\t<\/dt>\n\t\t\t\t<dd class='wp-caption-text gallery-caption' id='gallery-1-12528'>\n\t\t\t\tEm Fortaleza (CE), um dos locais afetados, nossos volunt\u00e1rios tamb\u00e9m realizaram a mobiliza\u00e7\u00e3o. \n\t\t\t\t<\/dd><\/dl><br style=\"clear: both\" \/><dl class='gallery-item'>\n\t\t\t<dt class='gallery-icon landscape'>\n\t\t\t\t<a href='https:\/\/www.greenpeace.org\/brasil\/voluntarios\/voluntarios-realizam-mobilizacoes-em-apoio-ao-nordeste\/daniel-de-paula\/'><img loading=\"lazy\" decoding=\"async\" width=\"150\" height=\"150\" src=\"https:\/\/www.greenpeace.org\/static\/planet4-brasil-stateless\/2019\/10\/7e171a26-daniel-de-paula-150x150.jpg\" class=\"attachment-thumbnail size-thumbnail wp-stateless-item\" alt=\"\" aria-describedby=\"gallery-1-12520\" data-image-size=\"thumbnail\" data-stateless-media-bucket=\"planet4-brasil-stateless\" data-stateless-media-name=\"2019\/10\/7e171a26-daniel-de-paula.jpg\" \/><\/a>\n\t\t\t<\/dt>\n\t\t\t\t<dd class='wp-caption-text gallery-caption' id='gallery-1-12520'>\n\t\t\t\tEm Fortaleza (CE), um dos locais afetados, nossos volunt\u00e1rios tamb\u00e9m realizaram a mobiliza\u00e7\u00e3o. \n\t\t\t\t<\/dd><\/dl><dl class='gallery-item'>\n\t\t\t<dt class='gallery-icon landscape'>\n\t\t\t\t<a href='https:\/\/www.greenpeace.org\/brasil\/voluntarios\/voluntarios-realizam-mobilizacoes-em-apoio-ao-nordeste\/oleo-no-nordeste-recife-mariana-oliveira\/'><img loading=\"lazy\" decoding=\"async\" width=\"150\" height=\"150\" src=\"https:\/\/www.greenpeace.org\/static\/planet4-brasil-stateless\/2019\/10\/\u00f3leo-no-Nordeste-Recife-Mariana-Oliveira-150x150.jpg\" class=\"attachment-thumbnail size-thumbnail wp-stateless-item\" alt=\"\" aria-describedby=\"gallery-1-12534\" data-image-size=\"thumbnail\" data-stateless-media-bucket=\"planet4-brasil-stateless\" data-stateless-media-name=\"2019\/10\/\u00f3leo-no-Nordeste-Recife-Mariana-Oliveira.jpg\" \/><\/a>\n\t\t\t<\/dt>\n\t\t\t\t<dd class='wp-caption-text gallery-caption' id='gallery-1-12534'>\n\t\t\t\tEm Recife (PE), um dos locais afetados, nossos volunt\u00e1rios tamb\u00e9m realizaram a mobiliza\u00e7\u00e3o. \n\t\t\t\t<\/dd><\/dl><dl class='gallery-item'>\n\t\t\t<dt class='gallery-icon landscape'>\n\t\t\t\t<a href='https:\/\/www.greenpeace.org\/brasil\/voluntarios\/voluntarios-realizam-mobilizacoes-em-apoio-ao-nordeste\/foto-joana-prates-1\/'><img loading=\"lazy\" decoding=\"async\" width=\"150\" height=\"150\" src=\"https:\/\/www.greenpeace.org\/static\/planet4-brasil-stateless\/2019\/10\/Foto-Joana-Prates-1-150x150.jpg\" class=\"attachment-thumbnail size-thumbnail wp-stateless-item\" alt=\"\" aria-describedby=\"gallery-1-12526\" data-image-size=\"thumbnail\" data-stateless-media-bucket=\"planet4-brasil-stateless\" data-stateless-media-name=\"2019\/10\/Foto-Joana-Prates-1.jpg\" \/><\/a>\n\t\t\t<\/dt>\n\t\t\t\t<dd class='wp-caption-text gallery-caption' id='gallery-1-12526'>\n\t\t\t\tEm Bras\u00edlia (DF), nossos volunt\u00e1rio realizaram a mobiliza\u00e7\u00e3o em frente ao Minist\u00e9rio do Meio Ambiente.\n\t\t\t\t<\/dd><\/dl><br style=\"clear: both\" \/><dl class='gallery-item'>\n\t\t\t<dt class='gallery-icon landscape'>\n\t\t\t\t<a href='https:\/\/www.greenpeace.org\/brasil\/voluntarios\/voluntarios-realizam-mobilizacoes-em-apoio-ao-nordeste\/foto-joana-prates-4\/'><img loading=\"lazy\" decoding=\"async\" width=\"150\" height=\"150\" src=\"https:\/\/www.greenpeace.org\/static\/planet4-brasil-stateless\/2019\/10\/Foto-Joana-Prates-4-150x150.jpg\" class=\"attachment-thumbnail size-thumbnail wp-stateless-item\" alt=\"\" aria-describedby=\"gallery-1-12527\" data-image-size=\"thumbnail\" data-stateless-media-bucket=\"planet4-brasil-stateless\" data-stateless-media-name=\"2019\/10\/Foto-Joana-Prates-4.jpg\" \/><\/a>\n\t\t\t<\/dt>\n\t\t\t\t<dd class='wp-caption-text gallery-caption' id='gallery-1-12527'>\n\t\t\t\tEm Bras\u00edlia (DF), nossos volunt\u00e1rio realizaram a mobiliza\u00e7\u00e3o em frente \u00e0 Catedral.\n\t\t\t\t<\/dd><\/dl><dl class='gallery-item'>\n\t\t\t<dt class='gallery-icon landscape'>\n\t\t\t\t<a href='https:\/\/www.greenpeace.org\/brasil\/voluntarios\/voluntarios-realizam-mobilizacoes-em-apoio-ao-nordeste\/dscn7604\/'><img loading=\"lazy\" decoding=\"async\" width=\"150\" height=\"150\" src=\"https:\/\/www.greenpeace.org\/static\/planet4-brasil-stateless\/2019\/10\/DSCN7604-150x150.jpg\" class=\"attachment-thumbnail size-thumbnail wp-stateless-item\" alt=\"\" aria-describedby=\"gallery-1-12521\" data-image-size=\"thumbnail\" data-stateless-media-bucket=\"planet4-brasil-stateless\" data-stateless-media-name=\"2019\/10\/DSCN7604.jpg\" \/><\/a>\n\t\t\t<\/dt>\n\t\t\t\t<dd class='wp-caption-text gallery-caption' id='gallery-1-12521'>\n\t\t\t\tEm Manaus (AM), nossos volunt\u00e1rios tamb\u00e9m realizaram a mobiliza\u00e7\u00e3o. \n\t\t\t\t<\/dd><\/dl><dl class='gallery-item'>\n\t\t\t<dt class='gallery-icon landscape'>\n\t\t\t\t<a href='https:\/\/www.greenpeace.org\/brasil\/voluntarios\/voluntarios-realizam-mobilizacoes-em-apoio-ao-nordeste\/dscn7618\/'><img loading=\"lazy\" decoding=\"async\" width=\"150\" height=\"150\" src=\"https:\/\/www.greenpeace.org\/static\/planet4-brasil-stateless\/2019\/10\/DSCN7618-150x150.jpg\" class=\"attachment-thumbnail size-thumbnail wp-stateless-item\" alt=\"\" aria-describedby=\"gallery-1-12522\" data-image-size=\"thumbnail\" data-stateless-media-bucket=\"planet4-brasil-stateless\" data-stateless-media-name=\"2019\/10\/DSCN7618.jpg\" \/><\/a>\n\t\t\t<\/dt>\n\t\t\t\t<dd class='wp-caption-text gallery-caption' id='gallery-1-12522'>\n\t\t\t\tEm Manaus (AM), nossos volunt\u00e1rios tamb\u00e9m realizaram a mobiliza\u00e7\u00e3o. \n\t\t\t\t<\/dd><\/dl><br style=\"clear: both\" \/><dl class='gallery-item'>\n\t\t\t<dt class='gallery-icon landscape'>\n\t\t\t\t<a href='https:\/\/www.greenpeace.org\/brasil\/voluntarios\/voluntarios-realizam-mobilizacoes-em-apoio-ao-nordeste\/gyn-3-bruna-hellen-figueiredo-evangelista\/'><img loading=\"lazy\" decoding=\"async\" width=\"150\" height=\"150\" src=\"https:\/\/www.greenpeace.org\/static\/planet4-brasil-stateless\/2019\/10\/1a62a07e-gyn-3-bruna-hellen-figueiredo-evangelista-150x150.jpg\" class=\"attachment-thumbnail size-thumbnail wp-stateless-item\" alt=\"\" aria-describedby=\"gallery-1-12529\" srcset=\"https:\/\/www.greenpeace.org\/static\/planet4-brasil-stateless\/2019\/10\/1a62a07e-gyn-3-bruna-hellen-figueiredo-evangelista-150x150.jpg 150w, https:\/\/www.greenpeace.org\/static\/planet4-brasil-stateless\/2019\/10\/1a62a07e-gyn-3-bruna-hellen-figueiredo-evangelista-300x300.jpg 300w, https:\/\/www.greenpeace.org\/static\/planet4-brasil-stateless\/2019\/10\/1a62a07e-gyn-3-bruna-hellen-figueiredo-evangelista-768x768.jpg 768w, https:\/\/www.greenpeace.org\/static\/planet4-brasil-stateless\/2019\/10\/1a62a07e-gyn-3-bruna-hellen-figueiredo-evangelista-340x340.jpg 340w, https:\/\/www.greenpeace.org\/static\/planet4-brasil-stateless\/2019\/10\/1a62a07e-gyn-3-bruna-hellen-figueiredo-evangelista.jpg 960w\" sizes=\"auto, (max-width: 150px) 100vw, 150px\" data-image-size=\"thumbnail\" data-stateless-media-bucket=\"planet4-brasil-stateless\" data-stateless-media-name=\"2019\/10\/1a62a07e-gyn-3-bruna-hellen-figueiredo-evangelista.jpg\" \/><\/a>\n\t\t\t<\/dt>\n\t\t\t\t<dd class='wp-caption-text gallery-caption' id='gallery-1-12529'>\n\t\t\t\tEm Goi\u00e2nia (GO), nossos volunt\u00e1rios tamb\u00e9m realizaram a mobiliza\u00e7\u00e3o no Parque da Vaca Brava.\n\t\t\t\t<\/dd><\/dl><dl class='gallery-item'>\n\t\t\t<dt class='gallery-icon landscape'>\n\t\t\t\t<a href='https:\/\/www.greenpeace.org\/brasil\/voluntarios\/voluntarios-realizam-mobilizacoes-em-apoio-ao-nordeste\/gyn-5-bruna-hellen-figueiredo-evangelista\/'><img loading=\"lazy\" decoding=\"async\" width=\"150\" height=\"150\" src=\"https:\/\/www.greenpeace.org\/static\/planet4-brasil-stateless\/2019\/10\/e1d927f3-gyn-5-bruna-hellen-figueiredo-evangelista-150x150.jpg\" class=\"attachment-thumbnail size-thumbnail wp-stateless-item\" alt=\"\" aria-describedby=\"gallery-1-12530\" srcset=\"https:\/\/www.greenpeace.org\/static\/planet4-brasil-stateless\/2019\/10\/e1d927f3-gyn-5-bruna-hellen-figueiredo-evangelista-150x150.jpg 150w, https:\/\/www.greenpeace.org\/static\/planet4-brasil-stateless\/2019\/10\/e1d927f3-gyn-5-bruna-hellen-figueiredo-evangelista-300x300.jpg 300w, https:\/\/www.greenpeace.org\/static\/planet4-brasil-stateless\/2019\/10\/e1d927f3-gyn-5-bruna-hellen-figueiredo-evangelista-768x768.jpg 768w, https:\/\/www.greenpeace.org\/static\/planet4-brasil-stateless\/2019\/10\/e1d927f3-gyn-5-bruna-hellen-figueiredo-evangelista-340x340.jpg 340w, https:\/\/www.greenpeace.org\/static\/planet4-brasil-stateless\/2019\/10\/e1d927f3-gyn-5-bruna-hellen-figueiredo-evangelista.jpg 960w\" sizes=\"auto, (max-width: 150px) 100vw, 150px\" data-image-size=\"thumbnail\" data-stateless-media-bucket=\"planet4-brasil-stateless\" data-stateless-media-name=\"2019\/10\/e1d927f3-gyn-5-bruna-hellen-figueiredo-evangelista.jpg\" \/><\/a>\n\t\t\t<\/dt>\n\t\t\t\t<dd class='wp-caption-text gallery-caption' id='gallery-1-12530'>\n\t\t\t\tEm Goi\u00e2nia (GO), nossos volunt\u00e1rios tamb\u00e9m realizaram a mobiliza\u00e7\u00e3o no Parque da Vaca Brava.\n\t\t\t\t<\/dd><\/dl><dl class='gallery-item'>\n\t\t\t<dt class='gallery-icon portrait'>\n\t\t\t\t<a href='https:\/\/www.greenpeace.org\/brasil\/voluntarios\/voluntarios-realizam-mobilizacoes-em-apoio-ao-nordeste\/karen-goes\/'><img loading=\"lazy\" decoding=\"async\" width=\"150\" height=\"150\" src=\"https:\/\/www.greenpeace.org\/static\/planet4-brasil-stateless\/2019\/10\/e3f9e258-karen-g\u00f3es-150x150.jpeg\" class=\"attachment-thumbnail size-thumbnail wp-stateless-item\" alt=\"\" aria-describedby=\"gallery-1-12532\" data-image-size=\"thumbnail\" data-stateless-media-bucket=\"planet4-brasil-stateless\" data-stateless-media-name=\"2019\/10\/e3f9e258-karen-g\u00f3es.jpeg\" \/><\/a>\n\t\t\t<\/dt>\n\t\t\t\t<dd class='wp-caption-text gallery-caption' id='gallery-1-12532'>\n\t\t\t\tOs volunt\u00e1rios e volunt\u00e1rias de Macap\u00e1 estiveram no Bioparque da Amaz\u00f4nia.\n\n\t\t\t\t<\/dd><\/dl><br style=\"clear: both\" \/><dl class='gallery-item'>\n\t\t\t<dt class='gallery-icon landscape'>\n\t\t\t\t<a href='https:\/\/www.greenpeace.org\/brasil\/voluntarios\/voluntarios-realizam-mobilizacoes-em-apoio-ao-nordeste\/maria-aguiar\/'><img loading=\"lazy\" decoding=\"async\" width=\"150\" height=\"150\" src=\"https:\/\/www.greenpeace.org\/static\/planet4-brasil-stateless\/2019\/10\/4dd833e3-maria-aguiar-150x150.jpeg\" class=\"attachment-thumbnail size-thumbnail wp-stateless-item\" alt=\"\" aria-describedby=\"gallery-1-12533\" data-image-size=\"thumbnail\" data-stateless-media-bucket=\"planet4-brasil-stateless\" data-stateless-media-name=\"2019\/10\/4dd833e3-maria-aguiar.jpeg\" \/><\/a>\n\t\t\t<\/dt>\n\t\t\t\t<dd class='wp-caption-text gallery-caption' id='gallery-1-12533'>\n\t\t\t\tOs volunt\u00e1rios e volunt\u00e1rias de Macap\u00e1 estiveram no Bioparque da Amaz\u00f4nia.\n\n\t\t\t\t<\/dd><\/dl><dl class='gallery-item'>\n\t\t\t<dt class='gallery-icon portrait'>\n\t\t\t\t<a href='https:\/\/www.greenpeace.org\/brasil\/voluntarios\/voluntarios-realizam-mobilizacoes-em-apoio-ao-nordeste\/whatsapp-image-2019-10-27-at-15-57-06\/'><img loading=\"lazy\" decoding=\"async\" width=\"150\" height=\"150\" src=\"https:\/\/www.greenpeace.org\/static\/planet4-brasil-stateless\/2019\/10\/df490737-whatsapp-image-2019-10-27-at-15.57.06-150x150.jpeg\" class=\"attachment-thumbnail size-thumbnail wp-stateless-item\" alt=\"\" aria-describedby=\"gallery-1-12536\" data-image-size=\"thumbnail\" data-stateless-media-bucket=\"planet4-brasil-stateless\" data-stateless-media-name=\"2019\/10\/df490737-whatsapp-image-2019-10-27-at-15.57.06.jpeg\" \/><\/a>\n\t\t\t<\/dt>\n\t\t\t\t<dd class='wp-caption-text gallery-caption' id='gallery-1-12536'>\n\t\t\t\tNa cidade de Porto Alegre (RS), os volunt\u00e1rios estiveram na Casa de Cultura Mario Quintana.\n\n\t\t\t\t<\/dd><\/dl><dl class='gallery-item'>\n\t\t\t<dt class='gallery-icon landscape'>\n\t\t\t\t<a href='https:\/\/www.greenpeace.org\/brasil\/voluntarios\/voluntarios-realizam-mobilizacoes-em-apoio-ao-nordeste\/whatsapp-image-2019-10-27-at-15-57-08-1\/'><img loading=\"lazy\" decoding=\"async\" width=\"150\" height=\"150\" src=\"https:\/\/www.greenpeace.org\/static\/planet4-brasil-stateless\/2019\/10\/97c459b1-whatsapp-image-2019-10-27-at-15.57.08-1-150x150.jpeg\" class=\"attachment-thumbnail size-thumbnail wp-stateless-item\" alt=\"\" aria-describedby=\"gallery-1-12537\" data-image-size=\"thumbnail\" data-stateless-media-bucket=\"planet4-brasil-stateless\" data-stateless-media-name=\"2019\/10\/97c459b1-whatsapp-image-2019-10-27-at-15.57.08-1.jpeg\" \/><\/a>\n\t\t\t<\/dt>\n\t\t\t\t<dd class='wp-caption-text gallery-caption' id='gallery-1-12537'>\n\t\t\t\tNa cidade de Porto Alegre (RS), os volunt\u00e1rios estiveram na Casa de Cultura Mario Quintana.\n\n\t\t\t\t<\/dd><\/dl><br style=\"clear: both\" \/>\n\t\t<\/div>\n\n<p>&nbsp;<\/p>\n<p><b>Mutir\u00e3o de limpeza &#8211; \u00d3leo no Nordeste<\/b><\/p>\n<p><span style=\"font-weight: 400;\">Nossos volunt\u00e1rios e volunt\u00e1rias tamb\u00e9m se mobilizaram para ajudar a popula\u00e7\u00e3o nordestina a limparem algumas praias que est\u00e3o sendo afetadas pelas manchas de \u00f3leo.&nbsp;<\/span><\/p>\n<p><span style=\"font-weight: 400;\">No dia 21 de outubro, o grupo de Salvador (BA) esteve na praia da Pituba e no dia 25, eles se encontraram na praia de Busca Vida, onde realizaram a limpeza. E o grupo de Recife (PE) participou do mutir\u00e3o em umas das praias mais conhecidas Pernambuco: a Ilha de Itamarac\u00e1, no dia 27.&nbsp;&nbsp;<\/span><\/p>\n\n\t\t<style type=\"text\/css\">\n\t\t\t#gallery-2 {\n\t\t\t\tmargin: auto;\n\t\t\t}\n\t\t\t#gallery-2 .gallery-item {\n\t\t\t\tfloat: left;\n\t\t\t\tmargin-top: 10px;\n\t\t\t\ttext-align: center;\n\t\t\t\twidth: 33%;\n\t\t\t}\n\t\t\t#gallery-2 img {\n\t\t\t\tborder: 2px solid #cfcfcf;\n\t\t\t}\n\t\t\t#gallery-2 .gallery-caption {\n\t\t\t\tmargin-left: 0;\n\t\t\t}\n\t\t\t\/* see gallery_shortcode() in wp-includes\/media.php *\/\n\t\t<\/style>\n\t\t<div id='gallery-2' class='gallery galleryid-12518 gallery-columns-3 gallery-size-thumbnail'><dl class='gallery-item'>\n\t\t\t<dt class='gallery-icon landscape'>\n\t\t\t\t<a href='https:\/\/www.greenpeace.org\/brasil\/voluntarios\/voluntarios-realizam-mobilizacoes-em-apoio-ao-nordeste\/acao-de-limpeza-salvador-25-10\/'><img loading=\"lazy\" decoding=\"async\" width=\"150\" height=\"150\" src=\"https:\/\/www.greenpeace.org\/static\/planet4-brasil-stateless\/2019\/10\/8a2b4855-a\u00e7\u00e3o-de-limpeza-salvador-25.10-150x150.jpg\" class=\"attachment-thumbnail size-thumbnail wp-stateless-item\" alt=\"\" aria-describedby=\"gallery-2-12540\" srcset=\"https:\/\/www.greenpeace.org\/static\/planet4-brasil-stateless\/2019\/10\/8a2b4855-a\u00e7\u00e3o-de-limpeza-salvador-25.10-150x150.jpg 150w, https:\/\/www.greenpeace.org\/static\/planet4-brasil-stateless\/2019\/10\/8a2b4855-a\u00e7\u00e3o-de-limpeza-salvador-25.10-300x300.jpg 300w, https:\/\/www.greenpeace.org\/static\/planet4-brasil-stateless\/2019\/10\/8a2b4855-a\u00e7\u00e3o-de-limpeza-salvador-25.10-768x768.jpg 768w, https:\/\/www.greenpeace.org\/static\/planet4-brasil-stateless\/2019\/10\/8a2b4855-a\u00e7\u00e3o-de-limpeza-salvador-25.10-340x340.jpg 340w, https:\/\/www.greenpeace.org\/static\/planet4-brasil-stateless\/2019\/10\/8a2b4855-a\u00e7\u00e3o-de-limpeza-salvador-25.10.jpg 959w\" sizes=\"auto, (max-width: 150px) 100vw, 150px\" data-image-size=\"thumbnail\" data-stateless-media-bucket=\"planet4-brasil-stateless\" data-stateless-media-name=\"2019\/10\/8a2b4855-a\u00e7\u00e3o-de-limpeza-salvador-25.10.jpg\" \/><\/a>\n\t\t\t<\/dt>\n\t\t\t\t<dd class='wp-caption-text gallery-caption' id='gallery-2-12540'>\n\t\t\t\tVolunt\u00e1rios de Salvador (BA) participam do mutir\u00e3o de limpeza das manchas de \u00f3leo no dia 25\/10\n\t\t\t\t<\/dd><\/dl><dl class='gallery-item'>\n\t\t\t<dt class='gallery-icon landscape'>\n\t\t\t\t<a href='https:\/\/www.greenpeace.org\/brasil\/voluntarios\/voluntarios-realizam-mobilizacoes-em-apoio-ao-nordeste\/acao-de-limpeza-salvador-21-10-2\/'><img loading=\"lazy\" decoding=\"async\" width=\"150\" height=\"150\" src=\"https:\/\/www.greenpeace.org\/static\/planet4-brasil-stateless\/2019\/10\/bd5fbc81-a\u00e7\u00e3o-de-limpeza-salvador-21.10-1-150x150.jpg\" class=\"attachment-thumbnail size-thumbnail wp-stateless-item\" alt=\"\" aria-describedby=\"gallery-2-12539\" data-image-size=\"thumbnail\" data-stateless-media-bucket=\"planet4-brasil-stateless\" data-stateless-media-name=\"2019\/10\/bd5fbc81-a\u00e7\u00e3o-de-limpeza-salvador-21.10-1.jpg\" \/><\/a>\n\t\t\t<\/dt>\n\t\t\t\t<dd class='wp-caption-text gallery-caption' id='gallery-2-12539'>\n\t\t\t\tVolunt\u00e1rios de Salvador (BA) participam do mutir\u00e3o de limpeza das manchas de \u00f3leo no dia 21\/10.\n\t\t\t\t<\/dd><\/dl><dl class='gallery-item'>\n\t\t\t<dt class='gallery-icon landscape'>\n\t\t\t\t<a href='https:\/\/www.greenpeace.org\/brasil\/voluntarios\/voluntarios-realizam-mobilizacoes-em-apoio-ao-nordeste\/limpeza-oleo-recife\/'><img loading=\"lazy\" decoding=\"async\" width=\"150\" height=\"150\" src=\"https:\/\/www.greenpeace.org\/static\/planet4-brasil-stateless\/2019\/10\/1c5eb3cd-limpeza-\u00f3leo-recife-150x150.jpg\" class=\"attachment-thumbnail size-thumbnail wp-stateless-item\" alt=\"\" aria-describedby=\"gallery-2-12554\" srcset=\"https:\/\/www.greenpeace.org\/static\/planet4-brasil-stateless\/2019\/10\/1c5eb3cd-limpeza-\u00f3leo-recife-150x150.jpg 150w, https:\/\/www.greenpeace.org\/static\/planet4-brasil-stateless\/2019\/10\/1c5eb3cd-limpeza-\u00f3leo-recife-300x300.jpg 300w, https:\/\/www.greenpeace.org\/static\/planet4-brasil-stateless\/2019\/10\/1c5eb3cd-limpeza-\u00f3leo-recife-768x768.jpg 768w, https:\/\/www.greenpeace.org\/static\/planet4-brasil-stateless\/2019\/10\/1c5eb3cd-limpeza-\u00f3leo-recife-340x340.jpg 340w, https:\/\/www.greenpeace.org\/static\/planet4-brasil-stateless\/2019\/10\/1c5eb3cd-limpeza-\u00f3leo-recife.jpg 960w\" sizes=\"auto, (max-width: 150px) 100vw, 150px\" data-image-size=\"thumbnail\" data-stateless-media-bucket=\"planet4-brasil-stateless\" data-stateless-media-name=\"2019\/10\/1c5eb3cd-limpeza-\u00f3leo-recife.jpg\" \/><\/a>\n\t\t\t<\/dt>\n\t\t\t\t<dd class='wp-caption-text gallery-caption' id='gallery-2-12554'>\n\t\t\t\tVolunt\u00e1rios de Recife (PE), participam do mutir\u00e3o de limpeza das manchas de \u00f3leo no dia 27\/10.\n\t\t\t\t<\/dd><\/dl><br style=\"clear: both\" \/>\n\t\t<\/div>\n\n<p>&nbsp;<\/p>\n<p><b>A\u00e7\u00e3o de limpeza<\/b><\/p>\n<p><span style=\"font-weight: 400;\">No dia 27, o grupo de volunt\u00e1rios de Belo Horizonte (MG) realizou uma a\u00e7\u00e3o de limpeza no Parque Ecol\u00f3gico da Pampulha. Na ocasi\u00e3o, eles ainda aproveitaram para conversar com as pessoas sobre o processo de reciclagem e a destina\u00e7\u00e3o correta de res\u00edduos.<\/span><\/p>\n<p>&nbsp;<\/p>\n<p><strong>Projeto Escola<\/strong><\/p>\n<p><span style=\"font-weight: 400;\">Acreditando no poder da educa\u00e7\u00e3o e que ela \u00e9 um dos caminhos para a preserva\u00e7\u00e3o do meio ambiente, nossos volunt\u00e1rios de Fortaleza estiveram na na escola Casa da Tia L\u00e9a levando a educa\u00e7\u00e3o ambiental, para crian\u00e7as de 5 a 6 anos, de forma l\u00fadica. Os volunt\u00e1rios falaram para 56 crian\u00e7as sobre os Corais da Amaz\u00f4nia e os de Fortaleza, al\u00e9m da import\u00e2ncia de proteg\u00ea-los.<\/span><\/p>\n<div id=\"attachment_12556\" style=\"width: 927px\" class=\"wp-caption aligncenter\"><img loading=\"lazy\" decoding=\"async\" aria-describedby=\"caption-attachment-12556\" class=\" wp-image-12556\" src=\"https:\/\/www.greenpeace.org\/static\/planet4-brasil-stateless\/2019\/10\/aa6b4059-pedro-tavares-fortaleza.jpg\" alt=\"\" width=\"917\" height=\"516\" srcset=\"https:\/\/www.greenpeace.org\/static\/planet4-brasil-stateless\/2019\/10\/aa6b4059-pedro-tavares-fortaleza.jpg 1080w, https:\/\/www.greenpeace.org\/static\/planet4-brasil-stateless\/2019\/10\/aa6b4059-pedro-tavares-fortaleza-300x169.jpg 300w, https:\/\/www.greenpeace.org\/static\/planet4-brasil-stateless\/2019\/10\/aa6b4059-pedro-tavares-fortaleza-768x432.jpg 768w, https:\/\/www.greenpeace.org\/static\/planet4-brasil-stateless\/2019\/10\/aa6b4059-pedro-tavares-fortaleza-1024x576.jpg 1024w, https:\/\/www.greenpeace.org\/static\/planet4-brasil-stateless\/2019\/10\/aa6b4059-pedro-tavares-fortaleza-510x287.jpg 510w\" sizes=\"auto, (max-width: 917px) 100vw, 917px\" \/><p id=\"caption-attachment-12556\" class=\"wp-caption-text\">Projeto Escola de Fortaleza (CE) leva a Educa\u00e7\u00e3o Ambiental para crian\u00e7as de 5 a 6 anos.<\/p><\/div>\n<p><span style=\"font-weight: 400;\">O Projeto Escola de Porto Alegre esteve, no dia 25, na Associa\u00e7\u00e3o Riograndense de Artes Pl\u00e1sticas Francisco Lisboa (Chico Lisboa). Os volunt\u00e1rios falaram na ocasi\u00e3o sobre as mudan\u00e7as clim\u00e1ticas, as consequ\u00eancias da Mina de carv\u00e3o Gua\u00edba caso ela seja instalada no Rio Grande do Sul, queimadas e as manchas de \u00f3leo no Nordeste.&nbsp;<\/span><\/p>\n<div id=\"attachment_12557\" style=\"width: 1290px\" class=\"wp-caption aligncenter\"><img loading=\"lazy\" decoding=\"async\" aria-describedby=\"caption-attachment-12557\" class=\"size-full wp-image-12557\" src=\"https:\/\/www.greenpeace.org\/static\/planet4-brasil-stateless\/2019\/10\/acb7bc95-projeto-escola-porto-algre-1.jpg\" alt=\"\" width=\"1280\" height=\"960\" srcset=\"https:\/\/www.greenpeace.org\/static\/planet4-brasil-stateless\/2019\/10\/acb7bc95-projeto-escola-porto-algre-1.jpg 1280w, https:\/\/www.greenpeace.org\/static\/planet4-brasil-stateless\/2019\/10\/acb7bc95-projeto-escola-porto-algre-1-300x225.jpg 300w, https:\/\/www.greenpeace.org\/static\/planet4-brasil-stateless\/2019\/10\/acb7bc95-projeto-escola-porto-algre-1-768x576.jpg 768w, https:\/\/www.greenpeace.org\/static\/planet4-brasil-stateless\/2019\/10\/acb7bc95-projeto-escola-porto-algre-1-1024x768.jpg 1024w, https:\/\/www.greenpeace.org\/static\/planet4-brasil-stateless\/2019\/10\/acb7bc95-projeto-escola-porto-algre-1-453x340.jpg 453w\" sizes=\"auto, (max-width: 1280px) 100vw, 1280px\" \/><p id=\"caption-attachment-12557\" class=\"wp-caption-text\">Projeto Escola de Porto Alegre (RS) levou quest\u00f5es socioambientais para o Instituto Chico Lisboa.<\/p><\/div>\n<p>&nbsp;<\/p>\n<p><strong>Audi\u00eancia P\u00fablica Porto Alegre<\/strong><\/p>\n<p><span style=\"font-weight: 400;\">Volunt\u00e1rios de Porto Alegre estiveram&nbsp; novamente na Assembleia Legislativa do Rio Grande do Sul, no dia 21, dessa vez na Audi\u00eancia P\u00fablica sobre a &#8220;Altera\u00e7\u00e3o em car\u00e1ter de urg\u00eancia do C\u00f3digo Ambiental do Estado&#8221;.<\/span><\/p>\n<div id=\"attachment_12558\" style=\"width: 960px\" class=\"wp-caption aligncenter\"><img loading=\"lazy\" decoding=\"async\" aria-describedby=\"caption-attachment-12558\" class=\"size-full wp-image-12558\" src=\"https:\/\/www.greenpeace.org\/static\/planet4-brasil-stateless\/2019\/10\/bde16958-audi\u00eancia-p\u00fablica-poa-ana-paula-longhi.jpg\" alt=\"\" width=\"950\" height=\"960\" srcset=\"https:\/\/www.greenpeace.org\/static\/planet4-brasil-stateless\/2019\/10\/bde16958-audi\u00eancia-p\u00fablica-poa-ana-paula-longhi.jpg 950w, https:\/\/www.greenpeace.org\/static\/planet4-brasil-stateless\/2019\/10\/bde16958-audi\u00eancia-p\u00fablica-poa-ana-paula-longhi-297x300.jpg 297w, https:\/\/www.greenpeace.org\/static\/planet4-brasil-stateless\/2019\/10\/bde16958-audi\u00eancia-p\u00fablica-poa-ana-paula-longhi-768x776.jpg 768w, https:\/\/www.greenpeace.org\/static\/planet4-brasil-stateless\/2019\/10\/bde16958-audi\u00eancia-p\u00fablica-poa-ana-paula-longhi-336x340.jpg 336w\" sizes=\"auto, (max-width: 950px) 100vw, 950px\" \/><p id=\"caption-attachment-12558\" class=\"wp-caption-text\">Volunt\u00e1rios participaram de audi\u00eancia p\u00fablica em Porto Alegre (RS).<\/p><\/div>\n<p>&nbsp;<\/p>\n<p><strong>Cine Debate<\/strong><\/p>\n<p><span style=\"font-weight: 400;\">No dia 26, o grupo do Leste Paulista realizou um cine debate sobre a import\u00e2ncia do meio ambiente, os direitos humanos, Amaz\u00f4nia, povos ind\u00edgenas e mudan\u00e7as clim\u00e1ticas. Durante o debate os presentes aproveitaram para trazer solu\u00e7\u00f5es para os assuntos tratados para reduzir a degrada\u00e7\u00e3o ambiental.<\/span><\/p>\n<div id=\"attachment_12559\" style=\"width: 970px\" class=\"wp-caption aligncenter\"><img loading=\"lazy\" decoding=\"async\" aria-describedby=\"caption-attachment-12559\" class=\"size-full wp-image-12559\" src=\"https:\/\/www.greenpeace.org\/static\/planet4-brasil-stateless\/2019\/10\/5778cd9a-cine-debate-leste-paulista-thiago-lima.jpg\" alt=\"\" width=\"960\" height=\"720\" srcset=\"https:\/\/www.greenpeace.org\/static\/planet4-brasil-stateless\/2019\/10\/5778cd9a-cine-debate-leste-paulista-thiago-lima.jpg 960w, https:\/\/www.greenpeace.org\/static\/planet4-brasil-stateless\/2019\/10\/5778cd9a-cine-debate-leste-paulista-thiago-lima-300x225.jpg 300w, https:\/\/www.greenpeace.org\/static\/planet4-brasil-stateless\/2019\/10\/5778cd9a-cine-debate-leste-paulista-thiago-lima-768x576.jpg 768w, https:\/\/www.greenpeace.org\/static\/planet4-brasil-stateless\/2019\/10\/5778cd9a-cine-debate-leste-paulista-thiago-lima-453x340.jpg 453w\" sizes=\"auto, (max-width: 960px) 100vw, 960px\" \/><p id=\"caption-attachment-12559\" class=\"wp-caption-text\">Volunt\u00e1rios do Leste Paulista (SP) realizaram cine debate sobre quest\u00f5es socioambientais.<\/p><\/div>\n<p><b>Com pequenos gestos n\u00f3s podemos proteger o nosso meio ambiente e o futuro do planeta! Junte-se ao<\/b><a class=\"external-link\" href=\"https:\/\/greenwire.greenpeace.org\/brazil\/pt-br?ref=190704_gw_news&amp;utm_source=referral&amp;utm_medium=greenwire&amp;utm_campaign=institucional&amp;utm_content=190704_gw_news\" target=\"_blank\" rel=\"noopener noreferrer\"><b>&nbsp;time de volunt\u00e1rios<\/b><\/a><b>! E vamos em busca de um mundo mais verde, justo e melhor para vivermos!<\/b><\/p>\n<div class=\"EmptyMessage\">Block content is empty. Check the block&#8217;s settings or remove it.<\/div>","protected":false},"excerpt":{"rendered":"<p>Em todo o Brasil, volunt\u00e1rios e volunt\u00e1rias se solidarizam com o derramamento de \u00f3leo que afeta as praias nordestinas.<\/p>\n","protected":false},"author":28,"featured_media":12561,"comment_status":"open","ping_status":"closed","sticky":false,"template":"","format":"standard","meta":{"ep_exclude_from_search":false,"p4_og_title":"","p4_og_description":"","p4_og_image":"","p4_og_image_id":"","p4_seo_canonical_url":"","p4_campaign_name":"not set","p4_local_project":"","p4_basket_name":"not set","p4_department":"","footnotes":""},"categories":[2],"tags":[23],"p4-page-type":[38],"class_list":["post-12518","post","type-post","status-publish","format-standard","has-post-thumbnail","hentry","category-transforme-a-sociedade","tag-mobilizacao","p4-page-type-voluntarios"],"_links":{"self":[{"href":"https:\/\/www.greenpeace.org\/brasil\/wp-json\/wp\/v2\/posts\/12518","targetHints":{"allow":["GET"]}}],"collection":[{"href":"https:\/\/www.greenpeace.org\/brasil\/wp-json\/wp\/v2\/posts"}],"about":[{"href":"https:\/\/www.greenpeace.org\/brasil\/wp-json\/wp\/v2\/types\/post"}],"author":[{"embeddable":true,"href":"https:\/\/www.greenpeace.org\/brasil\/wp-json\/wp\/v2\/users\/28"}],"replies":[{"embeddable":true,"href":"https:\/\/www.greenpeace.org\/brasil\/wp-json\/wp\/v2\/comments?post=12518"}],"version-history":[{"count":6,"href":"https:\/\/www.greenpeace.org\/brasil\/wp-json\/wp\/v2\/posts\/12518\/revisions"}],"predecessor-version":[{"id":35345,"href":"https:\/\/www.greenpeace.org\/brasil\/wp-json\/wp\/v2\/posts\/12518\/revisions\/35345"}],"wp:featuredmedia":[{"embeddable":true,"href":"https:\/\/www.greenpeace.org\/brasil\/wp-json\/wp\/v2\/media\/12561"}],"wp:attachment":[{"href":"https:\/\/www.greenpeace.org\/brasil\/wp-json\/wp\/v2\/media?parent=12518"}],"wp:term":[{"taxonomy":"category","embeddable":true,"href":"https:\/\/www.greenpeace.org\/brasil\/wp-json\/wp\/v2\/categories?post=12518"},{"taxonomy":"post_tag","embeddable":true,"href":"https:\/\/www.greenpeace.org\/brasil\/wp-json\/wp\/v2\/tags?post=12518"},{"taxonomy":"p4-page-type","embeddable":true,"href":"https:\/\/www.greenpeace.org\/brasil\/wp-json\/wp\/v2\/p4-page-type?post=12518"}],"curies":[{"name":"wp","href":"https:\/\/api.w.org\/{rel}","templated":true}]}}