{"id":1268,"date":"2017-10-04T00:00:00","date_gmt":"2017-10-04T00:00:00","guid":{"rendered":"https:\/\/www.greenpeace.org\/brasil\/blog\/temer-pode-liberar-exploracao-agropecuaria-em-terras-indigenas\/"},"modified":"2019-11-06T05:20:50","modified_gmt":"2019-11-06T08:20:50","slug":"temer-pode-liberar-exploracao-agropecuaria-em-terras-indigenas","status":"publish","type":"post","link":"https:\/\/www.greenpeace.org\/brasil\/blog\/temer-pode-liberar-exploracao-agropecuaria-em-terras-indigenas\/","title":{"rendered":"Temer pode liberar explora\u00e7\u00e3o agropecu\u00e1ria em terras ind\u00edgenas"},"content":{"rendered":"<h4 class=\"leader\"><em>Em mais um ataque aos direitos conquistados pela sociedade brasileira, presidente pode editar Medida Provis\u00f3ria que permite explora\u00e7\u00e3o de terras ind\u00edgenas por terceiros<\/em><\/h4>\n<div>\n<div class=\"events-box big-box left\">\n<div class=\"frame\">\n<div style=\"width: 615px\" class=\"wp-caption alignnone\"><a class=\"open-img EnlargeImage\" title=\"\" href=\"https:\/\/www.greenpeace.org\/static\/planet4-brasil-stateless\/2018\/07\/GP0STQD5P_Medium_res_with_credit_line.jpg\"><img loading=\"lazy\" decoding=\"async\" id=\"ctl00_cphContentArea_Property3_ctl00_ctl02_Image1\" class=\"Thumbnail\" style=\"border-width: 0px;\" src=\"https:\/\/www.greenpeace.org\/static\/planet4-brasil-stateless\/2018\/07\/GP0STQD5P_Medium_res_with_credit_line.jpg\" alt=\"\" width=\"605\" height=\"403\" \/><\/a><p class=\"wp-caption-text\">Protesto realizado por lideran\u00e7as do povo Munduruku em frente ao Pal\u00e1cio da Justi\u00e7a, em Bras\u00edlia, em 2016.<\/p><\/div>\n<p>Para se manter no poder, Temer tem ultrapassado todos os limites morais, \u00e9ticos e at\u00e9 constitucionais. A tentativa de abrir as terras ind\u00edgenas aos interesses econ\u00f4micos, em curso h\u00e1 muitos anos, ganha velocidade e espa\u00e7o no atual (des)governo. Em reuni\u00e3o com parlamentares da bancada ruralista nesta ter\u00e7a-feira (3), o presidente teria prometido publicar, at\u00e9 a pr\u00f3xima segunda (9), uma Medida Provis\u00f3ria (MP) para permitir o arrendamento de \u00e1reas dentro de terras ind\u00edgenas para agricultores e pecuaristas.<\/p>\n<\/div>\n<\/div>\n<p>A explora\u00e7\u00e3o de terras ind\u00edgenas por terceiros para a produ\u00e7\u00e3o agropecu\u00e1ria \u00e9 proibida por lei. \u00a0\u201c\u00c9 uma aberra\u00e7\u00e3o ver o pr\u00f3prio Presidente da Rep\u00fablica tramar com parlamentares contra a Constitui\u00e7\u00e3o Brasileira. Neste momento, os direitos conquistados pela sociedade est\u00e3o sendo negociados num enorme balc\u00e3o de neg\u00f3cios, na tentativa de salvar o mandato de Temer\u201d, avalia M\u00e1rcio Astrini, coordenador de Pol\u00edticas P\u00fablicas do Greenpeace Brasil.<\/p>\n<p>Esta n\u00e3o \u00e9 a primeira vez que o grupo pol\u00edtico que est\u00e1 em torno do presidente ataca os direitos inalien\u00e1veis dos povos ind\u00edgenas. O atual l\u00edder do governo no Senado, Romero Juc\u00e1, quando presidente da Funai em 1986, abriu as terras ind\u00edgenas de Rond\u00f4nia para explora\u00e7\u00e3o de madeira, gerando ainda mais degrada\u00e7\u00e3o ambiental nestas \u00e1reas.<\/p>\n<p>Rifar o meio ambiente e os direitos sociais para se manter no poder virou pr\u00e1tica comum no governo Temer, gerando uma enorme lista de retrocessos que j\u00e1 fazem dele o pior presidente da hist\u00f3ria para a \u00e1rea socioambiental. Al\u00e9m desta nova medida contra os povos ind\u00edgenas, entre os absurdos propostos por Temer e pela bancada ruralista est\u00e3o redu\u00e7\u00e3o e extin\u00e7\u00e3o de \u00e1reas protegidas, paralisa\u00e7\u00e3o das demarca\u00e7\u00f5es de terras ind\u00edgenas e quilombolas, enfraquecimento do licenciamento ambiental, libera\u00e7\u00e3o de agrot\u00f3xicos ainda mais agressivos \u00e0 sa\u00fade da popula\u00e7\u00e3o e ao meio ambiente, venda de terras para estrangeiros e legaliza\u00e7\u00e3o da grilagem de terras.<\/p>\n<p>Paralelamente \u00e0 articula\u00e7\u00e3o com Temer, a bancada ruralista, via Frente Parlamentar Agropecu\u00e1ria (FPA), prop\u00f4s a realiza\u00e7\u00e3o de uma audi\u00eancia p\u00fablica na Comiss\u00e3o de Agricultura, Abastecimento e Pecu\u00e1ria da C\u00e2mara dos Deputados no pr\u00f3ximo dia 10 para supostamente \u201cdebater a produ\u00e7\u00e3o agr\u00edcola ind\u00edgena\u201d.<\/p>\n<p>Em nota p\u00fablica, a Articula\u00e7\u00e3o dos Povos Ind\u00edgenas do Brasil (Apib) repudiou a decis\u00e3o da FPA e esclareceu que \u201cmesmo sem ter sido citada no requerimento e sem ter respondido ao convite, nem mesmo para confirmar participa\u00e7\u00e3o, os ruralistas inclu\u00edram de forma desrespeitosa a Apib e outras organiza\u00e7\u00f5es sociais na lista de expositores da programa\u00e7\u00e3o\u201d.<\/p>\n<p>Na nota, a entidade comenta que a FPA \u201cjamais ir\u00e1 desistir de seus prop\u00f3sitos de tomar conta das terras e territ\u00f3rios ind\u00edgenas, seja para a expans\u00e3o do agroneg\u00f3cio, da pecu\u00e1ria e explora\u00e7\u00e3o dos bens naturais, ou para a implanta\u00e7\u00e3o de grandes empreendimentos, incluindo o extrativismo miner\u00e1rio industrial\u201d.<\/p>\n<p>Por isso, a Apib alerta as suas bases para \u201cn\u00e3o comparecerem a iniciativas como esta, a fim de n\u00e3o legitimar mais um golpe que a bancada\u00a0ruralista, suporte do governo ileg\u00edtimo de Michel Temer, tenta acertar contra os direitos\u00a0ind\u00edgenas\u201d.<\/p>\n<h4 style=\"text-align: center;\">#Resista<\/h4>\n<h4 style=\"text-align: center;\">#Demarca\u00e7\u00e3oJ\u00e1!<\/h4>\n<\/div>\n","protected":false},"excerpt":{"rendered":"<p>Em mais um ataque aos direitos conquistados pela sociedade brasileira, presidente pode editar Medida Provis\u00f3ria que permite explora\u00e7\u00e3o de terras ind\u00edgenas por terceiros.<\/p>\n","protected":false},"author":28,"featured_media":1270,"comment_status":"open","ping_status":"open","sticky":false,"template":"","format":"standard","meta":{"ep_exclude_from_search":false,"p4_og_title":"","p4_og_description":"","p4_og_image":"","p4_og_image_id":"","p4_seo_canonical_url":"","p4_campaign_name":"","p4_local_project":"","p4_basket_name":"","p4_department":"","footnotes":""},"categories":[2],"tags":[8],"p4-page-type":[16],"class_list":["post-1268","post","type-post","status-publish","format-standard","has-post-thumbnail","hentry","category-transforme-a-sociedade","tag-resista","p4-page-type-blog"],"_links":{"self":[{"href":"https:\/\/www.greenpeace.org\/brasil\/wp-json\/wp\/v2\/posts\/1268","targetHints":{"allow":["GET"]}}],"collection":[{"href":"https:\/\/www.greenpeace.org\/brasil\/wp-json\/wp\/v2\/posts"}],"about":[{"href":"https:\/\/www.greenpeace.org\/brasil\/wp-json\/wp\/v2\/types\/post"}],"author":[{"embeddable":true,"href":"https:\/\/www.greenpeace.org\/brasil\/wp-json\/wp\/v2\/users\/28"}],"replies":[{"embeddable":true,"href":"https:\/\/www.greenpeace.org\/brasil\/wp-json\/wp\/v2\/comments?post=1268"}],"version-history":[{"count":4,"href":"https:\/\/www.greenpeace.org\/brasil\/wp-json\/wp\/v2\/posts\/1268\/revisions"}],"predecessor-version":[{"id":2292,"href":"https:\/\/www.greenpeace.org\/brasil\/wp-json\/wp\/v2\/posts\/1268\/revisions\/2292"}],"wp:featuredmedia":[{"embeddable":true,"href":"https:\/\/www.greenpeace.org\/brasil\/wp-json\/wp\/v2\/media\/1270"}],"wp:attachment":[{"href":"https:\/\/www.greenpeace.org\/brasil\/wp-json\/wp\/v2\/media?parent=1268"}],"wp:term":[{"taxonomy":"category","embeddable":true,"href":"https:\/\/www.greenpeace.org\/brasil\/wp-json\/wp\/v2\/categories?post=1268"},{"taxonomy":"post_tag","embeddable":true,"href":"https:\/\/www.greenpeace.org\/brasil\/wp-json\/wp\/v2\/tags?post=1268"},{"taxonomy":"p4-page-type","embeddable":true,"href":"https:\/\/www.greenpeace.org\/brasil\/wp-json\/wp\/v2\/p4-page-type?post=1268"}],"curies":[{"name":"wp","href":"https:\/\/api.w.org\/{rel}","templated":true}]}}