{"id":12708,"date":"2019-11-02T01:53:49","date_gmt":"2019-11-02T04:53:49","guid":{"rendered":"https:\/\/www.greenpeace.org\/brasil\/?p=12708"},"modified":"2020-02-10T17:16:45","modified_gmt":"2020-02-10T20:16:45","slug":"nota-de-pesar-pelo-assassinato-de-mais-um-guardiao-guajajara","status":"publish","type":"post","link":"https:\/\/www.greenpeace.org\/brasil\/blog\/nota-de-pesar-pelo-assassinato-de-mais-um-guardiao-guajajara\/","title":{"rendered":"Nota de pesar pelo assassinato de mais um Guardi\u00e3o Guajajara"},"content":{"rendered":"<h4>O Greenpeace\u00a0e a Hivos repudiam a viol\u00eancia contra os povos ind\u00edgenas e se solidarizam com o povo Guajajara diante do assassinato do Guardi\u00e3o Paulo Paulino Guajajara<\/h4>\n<div id=\"attachment_12709\" style=\"width: 932px\" class=\"wp-caption alignnone\"><img loading=\"lazy\" decoding=\"async\" aria-describedby=\"caption-attachment-12709\" class=\"wp-image-12709 size-full\" src=\"https:\/\/www.greenpeace.org\/static\/planet4-brasil-stateless\/2019\/11\/d239c4f3-paulino.jpg\" alt=\"\" width=\"922\" height=\"960\" srcset=\"https:\/\/www.greenpeace.org\/static\/planet4-brasil-stateless\/2019\/11\/d239c4f3-paulino.jpg 922w, https:\/\/www.greenpeace.org\/static\/planet4-brasil-stateless\/2019\/11\/d239c4f3-paulino-288x300.jpg 288w, https:\/\/www.greenpeace.org\/static\/planet4-brasil-stateless\/2019\/11\/d239c4f3-paulino-768x800.jpg 768w, https:\/\/www.greenpeace.org\/static\/planet4-brasil-stateless\/2019\/11\/d239c4f3-paulino-327x340.jpg 327w\" sizes=\"auto, (max-width: 922px) 100vw, 922px\" \/><p id=\"caption-attachment-12709\" class=\"wp-caption-text\">Paulino Guajajara \u00e9 a mais recente v\u00edtima da omiss\u00e3o do Estado brasileiro em cumprir seu dever constitucional de proteger as terras ind\u00edgenas \u00a9 Patrick Raynaud<\/p><\/div>\n<p>Uma emboscada feita por madeireiros no interior da Terra Ind\u00edgena Ararib\u00f3ia, regi\u00e3o de Bom Jesus das Selvas, no Maranh\u00e3o, entre as Aldeias Lagoa Comprida e Jenipapo, resultou no assassinato do ind\u00edgena Paulo Paulino Guajajara nesta sexta-feira (01\/11). Segundo informa\u00e7\u00f5es obtidas at\u00e9 este momento, o Guardi\u00e3o La\u00e9rcio Guajajara tamb\u00e9m foi baleado durante o atentado e um madeireiro teria morrido.<\/p>\n<p>Diante da omiss\u00e3o do Estado em proteger os territ\u00f3rios ind\u00edgenas, os \u201cGuardi\u00f5es da Floresta\u201d t\u00eam assumido este papel para si, e todos os riscos associados a ele.<\/p>\n<p>Invadidas por grileiros e madeireiros,\u00a0as terras ind\u00edgenas do Maranh\u00e3o t\u00eam sido palco de uma luta assim\u00e9trica, onde pequenos grupos de Guardi\u00f5es optam por defender, muitas vezes com a pr\u00f3pria vida, a integridade de seus territ\u00f3rios.<\/p>\n<p>Paulino e La\u00e9rcio s\u00e3o as mais recentes v\u00edtimas de um Estado que se recusa a cumprir o que determina a Constitui\u00e7\u00e3o Federal.<\/p>\n<p>O Greenpeace e a Hivos, proponentes do projeto Todos os Olhos na Amaz\u00f4nia, repudiam toda a viol\u00eancia gerada pela incapacidade do Estado em cumprir seu dever de proteger este e todos os territ\u00f3rios ind\u00edgenas do Brasil e exigem que sejam tomadas imediatas a\u00e7\u00f5es para evitar a ocorr\u00eancia de mais conflitos e mortes na regi\u00e3o.<\/p>\n<p>Nos solidarizamos com os bravos guerreiros Guajajara da Terra Ind\u00edgena Arariboia e com os Guardi\u00f5es da Floresta, do Maranh\u00e3o e de todo o Brasil, que continuam a lutar diariamente pelo direito de existir.<\/p>\n","protected":false},"excerpt":{"rendered":"<p>O Greenpeace Brasil repudia a viol\u00eancia contra os povos ind\u00edgenas e se solidariza com o povo Guajajara diante do assassinato do Guardi\u00e3o Paulo Paulino Guajajara.<\/p>\n","protected":false},"author":28,"featured_media":12709,"comment_status":"open","ping_status":"closed","sticky":false,"template":"","format":"standard","meta":{"ep_exclude_from_search":false,"p4_og_title":"","p4_og_description":"","p4_og_image":"","p4_og_image_id":"","p4_seo_canonical_url":"","p4_campaign_name":"not set","p4_local_project":"","p4_basket_name":"not set","p4_department":"","footnotes":""},"categories":[3],"tags":[22,23],"p4-page-type":[16],"class_list":["post-12708","post","type-post","status-publish","format-standard","has-post-thumbnail","hentry","category-proteja-a-natureza","tag-florestas","tag-mobilizacao","p4-page-type-blog"],"_links":{"self":[{"href":"https:\/\/www.greenpeace.org\/brasil\/wp-json\/wp\/v2\/posts\/12708","targetHints":{"allow":["GET"]}}],"collection":[{"href":"https:\/\/www.greenpeace.org\/brasil\/wp-json\/wp\/v2\/posts"}],"about":[{"href":"https:\/\/www.greenpeace.org\/brasil\/wp-json\/wp\/v2\/types\/post"}],"author":[{"embeddable":true,"href":"https:\/\/www.greenpeace.org\/brasil\/wp-json\/wp\/v2\/users\/28"}],"replies":[{"embeddable":true,"href":"https:\/\/www.greenpeace.org\/brasil\/wp-json\/wp\/v2\/comments?post=12708"}],"version-history":[{"count":11,"href":"https:\/\/www.greenpeace.org\/brasil\/wp-json\/wp\/v2\/posts\/12708\/revisions"}],"predecessor-version":[{"id":14625,"href":"https:\/\/www.greenpeace.org\/brasil\/wp-json\/wp\/v2\/posts\/12708\/revisions\/14625"}],"wp:featuredmedia":[{"embeddable":true,"href":"https:\/\/www.greenpeace.org\/brasil\/wp-json\/wp\/v2\/media\/12709"}],"wp:attachment":[{"href":"https:\/\/www.greenpeace.org\/brasil\/wp-json\/wp\/v2\/media?parent=12708"}],"wp:term":[{"taxonomy":"category","embeddable":true,"href":"https:\/\/www.greenpeace.org\/brasil\/wp-json\/wp\/v2\/categories?post=12708"},{"taxonomy":"post_tag","embeddable":true,"href":"https:\/\/www.greenpeace.org\/brasil\/wp-json\/wp\/v2\/tags?post=12708"},{"taxonomy":"p4-page-type","embeddable":true,"href":"https:\/\/www.greenpeace.org\/brasil\/wp-json\/wp\/v2\/p4-page-type?post=12708"}],"curies":[{"name":"wp","href":"https:\/\/api.w.org\/{rel}","templated":true}]}}