{"id":12739,"date":"2019-11-04T10:25:25","date_gmt":"2019-11-04T13:25:25","guid":{"rendered":"https:\/\/www.greenpeace.org\/brasil\/?p=12739"},"modified":"2023-05-23T11:01:49","modified_gmt":"2023-05-23T14:01:49","slug":"promessas-de-empresas-sobre-o-oleo-de-palma-viraram-fumaca","status":"publish","type":"post","link":"https:\/\/www.greenpeace.org\/brasil\/blog\/promessas-de-empresas-sobre-o-oleo-de-palma-viraram-fumaca\/","title":{"rendered":"Promessas de empresas sobre o \u00f3leo de palma viraram fuma\u00e7a"},"content":{"rendered":"<h4>Unilever, Mondelez, Nestl\u00e9 e Procter &amp; Gamble (P&amp;G) compraram \u00f3leo de palma de empresas ligadas a inc\u00eandios florestais na Indon\u00e9sia em 2019<\/h4>\n<div id=\"attachment_12741\" style=\"width: 1210px\" class=\"wp-caption aligncenter\"><img loading=\"lazy\" decoding=\"async\" aria-describedby=\"caption-attachment-12741\" class=\"size-full wp-image-12741\" src=\"https:\/\/www.greenpeace.org\/static\/planet4-brasil-stateless\/2019\/11\/06cc750e-gp0sttqjr_medium_res.jpg\" alt=\"\" width=\"1200\" height=\"800\" srcset=\"https:\/\/www.greenpeace.org\/static\/planet4-brasil-stateless\/2019\/11\/06cc750e-gp0sttqjr_medium_res.jpg 1200w, https:\/\/www.greenpeace.org\/static\/planet4-brasil-stateless\/2019\/11\/06cc750e-gp0sttqjr_medium_res-300x200.jpg 300w, https:\/\/www.greenpeace.org\/static\/planet4-brasil-stateless\/2019\/11\/06cc750e-gp0sttqjr_medium_res-768x512.jpg 768w, https:\/\/www.greenpeace.org\/static\/planet4-brasil-stateless\/2019\/11\/06cc750e-gp0sttqjr_medium_res-1024x683.jpg 1024w, https:\/\/www.greenpeace.org\/static\/planet4-brasil-stateless\/2019\/11\/06cc750e-gp0sttqjr_medium_res-510x340.jpg 510w\" sizes=\"auto, (max-width: 1200px) 100vw, 1200px\" \/><p id=\"caption-attachment-12741\" class=\"wp-caption-text\">Inc\u00eandios florestais e em planta\u00e7\u00f5es no subdistrito Jekan Raya, cidade de Palangkaraya, Kalimantan central, Indon\u00e9sia.<\/p><\/div>\n<p>A floresta tropical da Indon\u00e9sia \u00e9, junto com a Amaz\u00f4nia e a Floresta do Congo, uma das maiores florestas do mundo e lar de animais \u00fanicos e popula\u00e7\u00f5es tradicionais. Mas, assim como o Brasil, a floresta est\u00e1 amea\u00e7ada pelo avan\u00e7o de um modelo de produ\u00e7\u00e3o agr\u00edcola que n\u00e3o respeita nada nem ningu\u00e9m e que continua a ser replicado em todo o mundo, com a coniv\u00eancia de grandes produtores internacionais de bens de consumo.<\/p>\n<p>\u00c9 o que constatou, mais uma vez, recente an\u00e1lise do Greenpeace Internacional. Segundo o levantamento, as empresas Unilever, Mondelez, Nestl\u00e9 e Procter &amp; Gamble (P&amp;G), e os principais comerciantes de \u00f3leo de palma, incluindo as negociantes de commodities Wilmar e Cargill, est\u00e3o comprando \u00f3leo de palma de produtores respons\u00e1veis por milhares de inc\u00eandios na Indon\u00e9sia este ano. Essas companhias est\u00e3o ligadas a mais de 10.000 focos de fogo detectados em 2019.<\/p>\n<p>O \u00f3leo de palma \u00e9 um produto amplamente usado na ind\u00fastria de bens de consumo, em diversos produtos, que v\u00e3o desde condicionadores de cabelo e biocombust\u00edvel a bolachas recheadas e salgadinhos. O produto \u00e9 um dos principais vetores de perda de florestas na Indon\u00e9sia.<\/p>\n<p>Grandes comerciantes globais de commodities, como Wilmar, Cargill, Musim Mas e Golden-Agri Resources (GAR), t\u00eam amplos v\u00ednculos com os inc\u00eandios deste ano na Indon\u00e9sia e, juntos, s\u00e3o respons\u00e1veis por cerca de 60% do fornecimento global de \u00f3leo de palma.<\/p>\n<p>A nova an\u00e1lise do Greenpeace mostra que h\u00e1 uma grande sobreposi\u00e7\u00e3o entre essas empresas e os produtores de \u00f3leo de palma considerados culpados em tribunais por inc\u00eandios ilegais e com as maiores \u00e1reas queimadas em 2015 a 2018.<\/p>\n<p>\u201cAs empresas criaram uma fachada de sustentabilidade. Mas a realidade \u00e9 que elas compram dos piores criminosos, em todos os lugares. As empresas respons\u00e1veis pelos inc\u00eandios e que se beneficiam financeiramente devem ser responsabilizadas por esses crimes ambientais e pelos impactos devastadores \u00e0 sa\u00fade causados pelos inc\u00eandios \u201d, disse Annisa Rahmawati, da campanha de florestas do Greenpeace Indonesia.<\/p>\n<p>Mais de 900 mil pessoas na Indon\u00e9sia <a href=\"https:\/\/nasional.tempo.co\/read\/1251408\/bnpb-korban-ispa-akibat-karhutla-mencapai-900-ribu-jiwa\">sofreram infec\u00e7\u00f5es<\/a> respirat\u00f3rias agudas devido \u00e0 fuma\u00e7a dos inc\u00eandios deste ano, e quase 10 milh\u00f5es de crian\u00e7as correm risco de danos f\u00edsicos e cognitivos ao longo da vida <a href=\"https:\/\/www.france24.com\/en\/20190924-indonesian-forest-fires-putting-10-million-children-at-risk-un\">devido \u00e0 polui\u00e7\u00e3o<\/a> do ar. Entre 1\u00ba de janeiro e 22 de outubro de 2019, os inc\u00eandios <a href=\"http:\/\/www.globalfiredata.org\/index.html\">liberaram<\/a> cerca de 465 megatoneladas de CO<sub>2<\/sub>, o que \u00e9 quase o mesmo que as emiss\u00f5es anuais totais de gases de efeito estufa do Reino Unido.<\/p>\n<div id=\"attachment_12742\" style=\"width: 1210px\" class=\"wp-caption aligncenter\"><img loading=\"lazy\" decoding=\"async\" aria-describedby=\"caption-attachment-12742\" class=\"size-full wp-image-12742\" src=\"https:\/\/www.greenpeace.org\/static\/planet4-brasil-stateless\/2019\/11\/48d05221-gp0sttqkv_medium_res.jpg\" alt=\"\" width=\"1200\" height=\"900\" srcset=\"https:\/\/www.greenpeace.org\/static\/planet4-brasil-stateless\/2019\/11\/48d05221-gp0sttqkv_medium_res.jpg 1200w, https:\/\/www.greenpeace.org\/static\/planet4-brasil-stateless\/2019\/11\/48d05221-gp0sttqkv_medium_res-300x225.jpg 300w, https:\/\/www.greenpeace.org\/static\/planet4-brasil-stateless\/2019\/11\/48d05221-gp0sttqkv_medium_res-768x576.jpg 768w, https:\/\/www.greenpeace.org\/static\/planet4-brasil-stateless\/2019\/11\/48d05221-gp0sttqkv_medium_res-1024x768.jpg 1024w, https:\/\/www.greenpeace.org\/static\/planet4-brasil-stateless\/2019\/11\/48d05221-gp0sttqkv_medium_res-453x340.jpg 453w\" sizes=\"auto, (max-width: 1200px) 100vw, 1200px\" \/><p id=\"caption-attachment-12742\" class=\"wp-caption-text\">A fam\u00edlia Saipin usa m\u00e1scaras de prote\u00e7\u00e3o para assistir \u00e0s ora\u00e7\u00f5es de Idul Adha, na mesquita de Darussalam, enquanto a a fuma\u00e7a dos inc\u00eandios florestais cobre a \u00e1rea na cidade de Palangkaraya, Kalimantan Central, Indon\u00e9sia. Diversas prov\u00edncias tiveram decretado Estado de Emerg\u00eancia<\/p><\/div>\n<p>As novas descobertas vieram \u00e0 tona no mesmo per\u00edodo em que as empresas participavam das reuni\u00f5es da Mesa Redonda sobre \u00d3leo de Palma Sustent\u00e1vel (RSPO) na Tail\u00e2ndia. Essa organiza\u00e7\u00e3o sem fins lucrativos criada pela ind\u00fastria certifica o \u00f3leo de palma de seus membros como sustent\u00e1vel, e atestar que os produtos s\u00e3o &#8220;sem queimadas&#8221; \u00e9 um crit\u00e9rio-chave. No entanto, mais de dois ter\u00e7os dos produtores de \u00f3leo de palma com o pior registro de inc\u00eandios e todas as empresas analisadas pelo Greenpeace s\u00e3o membros da <a href=\"https:\/\/www.rt.rspo.org\/c\/rt17-programme65\/\">RSPO<\/a>, alguns at\u00e9 membros do conselho.<\/p>\n<p>A produ\u00e7\u00e3o global de commodities &#8211; como a soja e o \u00f3leo de palma &#8211; \u00e9 a maior fonte de emiss\u00e3o de gases do efeito estufa do mundo, principalmente associadas ao desmatamento de florestas. Segundo relat\u00f3rio do Painel Intergovernamental sobre Mudan\u00e7as Clim\u00e1ticas <a href=\"https:\/\/www.greenpeace.org\/brasil\/press\/relatorio-do-ipcc-alerta-para-a-necessidade-de-proteger-florestas-para-deter-a-crise-climatica\/\">(<strong>IPCC<\/strong>)<\/a>, da ONU, proteger e restaurar florestas e reformar urgentemente o sistema global de produ\u00e7\u00e3o de alimentos s\u00e3o as principais solu\u00e7\u00f5es para a emerg\u00eancia clim\u00e1tica e social que vivemos.<\/p>\n<p>As empresas globais<a href=\"https:\/\/drive.google.com\/file\/d\/1tolV2R1tPdbQ5JqxrdR3xcmnSUeGOJjs\/view\"> se comprometeram a interromper o desmatamento at\u00e9 2020<\/a>, mas, em vez disso, a perda de florestas se acelerou e o desmatamento impulsionado por commodities \u00e9 a principal causa disso.<\/p>\n<p>Os governos de todo o mundo ainda n\u00e3o implementaram a\u00e7\u00f5es s\u00e9rias contra empresas ou produtos ligados aos inc\u00eandios e a destrui\u00e7\u00e3o de florestas. O Greenpeace exige que as empresas respons\u00e1veis e que est\u00e3o lucrando com a destrui\u00e7\u00e3o florestal sejam responsabilizadas.<\/p>\n<p>Seja no Brasil, na Indon\u00e9sia, no Congo ou na R\u00fassia, empresas e governos precisam avan\u00e7ar na prote\u00e7\u00e3o ambiental para muito al\u00e9m do discurso. Pelo bem do clima e do futuro de toda a humanidade.<\/p>\n<p><img loading=\"lazy\" decoding=\"async\" class=\"aligncenter size-full wp-image-12743\" src=\"https:\/\/www.greenpeace.org\/static\/planet4-brasil-stateless\/2019\/11\/7dcf5d60-macro-fogo-indon\u00e9sia.jpg\" alt=\"\" width=\"1000\" height=\"1000\" srcset=\"https:\/\/www.greenpeace.org\/static\/planet4-brasil-stateless\/2019\/11\/7dcf5d60-macro-fogo-indon\u00e9sia.jpg 1000w, https:\/\/www.greenpeace.org\/static\/planet4-brasil-stateless\/2019\/11\/7dcf5d60-macro-fogo-indon\u00e9sia-150x150.jpg 150w, https:\/\/www.greenpeace.org\/static\/planet4-brasil-stateless\/2019\/11\/7dcf5d60-macro-fogo-indon\u00e9sia-300x300.jpg 300w, https:\/\/www.greenpeace.org\/static\/planet4-brasil-stateless\/2019\/11\/7dcf5d60-macro-fogo-indon\u00e9sia-768x768.jpg 768w, https:\/\/www.greenpeace.org\/static\/planet4-brasil-stateless\/2019\/11\/7dcf5d60-macro-fogo-indon\u00e9sia-340x340.jpg 340w\" sizes=\"auto, (max-width: 1000px) 100vw, 1000px\" \/><\/p>\n","protected":false},"excerpt":{"rendered":"<p>Unilever, Mondelez, Nestl\u00e9 e Procter &amp; Gamble (P&amp;G) compraram \u00f3leo de palma de empresas ligadas a inc\u00eandios florestais na Indon\u00e9sia em 2019 A floresta tropical da Indon\u00e9sia \u00e9, junto com&hellip;<\/p>\n","protected":false},"author":24,"featured_media":12741,"comment_status":"open","ping_status":"closed","sticky":false,"template":"","format":"standard","meta":{"ep_exclude_from_search":false,"p4_og_title":"","p4_og_description":"","p4_og_image":"","p4_og_image_id":"","p4_seo_canonical_url":"","p4_campaign_name":"not set","p4_local_project":"","p4_basket_name":"not set","p4_department":"","footnotes":""},"categories":[3],"tags":[6,18,22],"p4-page-type":[16],"class_list":["post-12739","post","type-post","status-publish","format-standard","has-post-thumbnail","hentry","category-proteja-a-natureza","tag-clima","tag-agroecologia","tag-florestas","p4-page-type-blog"],"_links":{"self":[{"href":"https:\/\/www.greenpeace.org\/brasil\/wp-json\/wp\/v2\/posts\/12739","targetHints":{"allow":["GET"]}}],"collection":[{"href":"https:\/\/www.greenpeace.org\/brasil\/wp-json\/wp\/v2\/posts"}],"about":[{"href":"https:\/\/www.greenpeace.org\/brasil\/wp-json\/wp\/v2\/types\/post"}],"author":[{"embeddable":true,"href":"https:\/\/www.greenpeace.org\/brasil\/wp-json\/wp\/v2\/users\/24"}],"replies":[{"embeddable":true,"href":"https:\/\/www.greenpeace.org\/brasil\/wp-json\/wp\/v2\/comments?post=12739"}],"version-history":[{"count":3,"href":"https:\/\/www.greenpeace.org\/brasil\/wp-json\/wp\/v2\/posts\/12739\/revisions"}],"predecessor-version":[{"id":12746,"href":"https:\/\/www.greenpeace.org\/brasil\/wp-json\/wp\/v2\/posts\/12739\/revisions\/12746"}],"wp:featuredmedia":[{"embeddable":true,"href":"https:\/\/www.greenpeace.org\/brasil\/wp-json\/wp\/v2\/media\/12741"}],"wp:attachment":[{"href":"https:\/\/www.greenpeace.org\/brasil\/wp-json\/wp\/v2\/media?parent=12739"}],"wp:term":[{"taxonomy":"category","embeddable":true,"href":"https:\/\/www.greenpeace.org\/brasil\/wp-json\/wp\/v2\/categories?post=12739"},{"taxonomy":"post_tag","embeddable":true,"href":"https:\/\/www.greenpeace.org\/brasil\/wp-json\/wp\/v2\/tags?post=12739"},{"taxonomy":"p4-page-type","embeddable":true,"href":"https:\/\/www.greenpeace.org\/brasil\/wp-json\/wp\/v2\/p4-page-type?post=12739"}],"curies":[{"name":"wp","href":"https:\/\/api.w.org\/{rel}","templated":true}]}}