{"id":13120,"date":"2019-11-09T10:16:22","date_gmt":"2019-11-09T13:16:22","guid":{"rendered":"https:\/\/www.greenpeace.org\/brasil\/?p=13120"},"modified":"2021-12-01T09:31:32","modified_gmt":"2021-12-01T12:31:32","slug":"o-brasil-na-contramao-de-um-futuro-limpo","status":"publish","type":"post","link":"https:\/\/www.greenpeace.org\/brasil\/blog\/o-brasil-na-contramao-de-um-futuro-limpo\/","title":{"rendered":"O Brasil na contram\u00e3o de um futuro limpo"},"content":{"rendered":"\n<h4 class=\"wp-block-heading\">Na crise clim\u00e1tica que vivemos, faz sentido ampliar a explora\u00e7\u00e3o de petr\u00f3leo e, ao mesmo tempo, desestimular consumidores que geram sua pr\u00f3pria energia limpa por meio do sol?<\/h4>\n\n<figure class=\"wp-block-image  caption-style-blue-overlay caption-alignment-center\"><img loading=\"lazy\" decoding=\"async\" width=\"800\" height=\"594\" src=\"https:\/\/www.greenpeace.org\/static\/planet4-brasil-stateless\/2019\/11\/3bd1bdf8-gp0str025_web_size.jpg\" title=\"Eclipse solar\" alt=\"Eclipse solar\" class=\"wp-image-13118\" srcset=\"https:\/\/www.greenpeace.org\/static\/planet4-brasil-stateless\/2019\/11\/3bd1bdf8-gp0str025_web_size.jpg 800w, https:\/\/www.greenpeace.org\/static\/planet4-brasil-stateless\/2019\/11\/3bd1bdf8-gp0str025_web_size-300x223.jpg 300w, https:\/\/www.greenpeace.org\/static\/planet4-brasil-stateless\/2019\/11\/3bd1bdf8-gp0str025_web_size-768x570.jpg 768w, https:\/\/www.greenpeace.org\/static\/planet4-brasil-stateless\/2019\/11\/3bd1bdf8-gp0str025_web_size-458x340.jpg 458w\" sizes=\"auto, (max-width: 800px) 100vw, 800px\" \/><figcaption>Com um potencial  solar imenso, o governo brasileiro tem se preocupado mais em expandir a energia suja do petr\u00f3leo do que incentivar a micro gera\u00e7\u00e3o de energia limpa &#8211; Foto: Giselle Hardy \/ Greenpeace<\/figcaption><\/figure>\n\n<p>Em meio \u00e0 inoper\u00e2ncia ou incompet\u00eancia do governo para lidar com os impactos do \u00f3leo no Nordeste, e a tentativa frustrada de realizar <a href=\"https:\/\/www.greenpeace.org\/brasil\/blog\/governo-insiste-na-energia-suja-do-petroleo\/\" target=\"_blank\" rel=\"noreferrer noopener\" aria-label=\" (abre numa nova aba)\">dois leil\u00f5es do pr\u00e9-sal<\/a>, um aspecto t\u00eam sido pouco mencionado nas coberturas da m\u00eddia nesses dois eventos, mas fundamental para se evitar tanto novas trag\u00e9dias que mancham o nosso litoral como a redu\u00e7\u00e3o das emiss\u00f5es de gases de efeito estufa: <strong>a transi\u00e7\u00e3o energ\u00e9tica do pa\u00eds para fontes limpas e renov\u00e1veis<\/strong>. Neste momento, a mudan\u00e7a de regras para microgera\u00e7\u00e3o pode frear o crescimento recente da energia solar.\u00a0\u00a0<\/p>\n\n<p>Desde 2012, \u00e9 <a href=\"http:\/\/www2.aneel.gov.br\/cedoc\/ren2012482.pdf\" target=\"_blank\" rel=\"noreferrer noopener\" aria-label=\" (abre numa nova aba)\">regulamentada<\/a> a possibilidade de que os brasileiros gerem sua pr\u00f3pria energia (ou parte dela) em suas casas, em ind\u00fastrias ou estabelecimentos comerciais. A revis\u00e3o seguinte da resolu\u00e7\u00e3o da Aneel (Ag\u00eancia Nacional de Energia El\u00e9trica) ampliou a modalidade para compartilhamento de telhados &#8211; neste caso, mesmo se os pain\u00e9is solares estiverem instalados em um \u00fanico local, a conta pode ser dividida entre dois ou mais consumidores &#8211; e a redu\u00e7\u00e3o do pre\u00e7o dos sistemas fotovoltaicos fez com que a energia solar se tornasse a fonte que mais cresce no Brasil, gerando energia para mais de 140 mil resid\u00eancias.<\/p>\n\n<p>\u00a0<strong>A Aneel prop\u00f5e agora que quem gera energia solar passe a pagar uma taxa adicional sobre o valor da energia limpa que produz<\/strong>. A justificativa \u00e9 que esses micro produtores, que hoje representam apenas 0,2%, usam a rede de distribui\u00e7\u00e3o existente. Mas a mesma Aneel desconsidera que essa produ\u00e7\u00e3o de energia solar representa economia para os reservat\u00f3rios das hidrel\u00e9tricas ou menos combust\u00edvel gasto nas termel\u00e9trica. Mais: a energia solar \u00e9 a que gera mais empregos por MW instalado \u2013 30 postos de trabalho contra menos de 6 no caso das termel\u00e9tricas. No cen\u00e1rio <a rel=\"noreferrer noopener\" aria-label=\" (abre numa nova aba)\" href=\"https:\/\/www.greenpeace.org\/static\/planet4-brasil-stateless\/2018\/07\/Relatorio_RevolucaoEnergetica2016_completo.pdf\" target=\"_blank\">revolu\u00e7\u00e3o energ\u00e9tica<\/a>, estimamos que a evolu\u00e7\u00e3o da energia solar gerar\u00e1 52 mil empregos, quase o dobro de empregos que gerados por t\u00e9rmicas a \u00f3leo e g\u00e1s (28 mil).<\/p>\n\n<figure class=\"wp-block-image  caption-style-blue-overlay caption-alignment-center\"><img loading=\"lazy\" decoding=\"async\" width=\"800\" height=\"515\" src=\"https:\/\/www.greenpeace.org\/static\/planet4-brasil-stateless\/2019\/11\/2e9caa84-gp01v8m_web_size.jpg\" title=\"Estudantes instalam pain\u00e9is solares na escola\" alt=\"Estudantes instalam pain\u00e9is solares na escola\" class=\"wp-image-13115\" srcset=\"https:\/\/www.greenpeace.org\/static\/planet4-brasil-stateless\/2019\/11\/2e9caa84-gp01v8m_web_size.jpg 800w, https:\/\/www.greenpeace.org\/static\/planet4-brasil-stateless\/2019\/11\/2e9caa84-gp01v8m_web_size-300x193.jpg 300w, https:\/\/www.greenpeace.org\/static\/planet4-brasil-stateless\/2019\/11\/2e9caa84-gp01v8m_web_size-768x494.jpg 768w, https:\/\/www.greenpeace.org\/static\/planet4-brasil-stateless\/2019\/11\/2e9caa84-gp01v8m_web_size-510x328.jpg 510w\" sizes=\"auto, (max-width: 800px) 100vw, 800px\" \/><figcaption>Pain\u00e9is solares j\u00e1 s\u00e3o solu\u00e7\u00e3o em escolas  de v\u00e1rias cidades no mundo, mas no Brasil n\u00e3o recebem incentivos. Foto: Markus Forte \/ Greenpeace<\/figcaption><\/figure>\n\n<p><strong>Desincentivo arriscado&nbsp;<\/strong><\/p>\n\n<p>A cobran\u00e7a da taxa pode reduzir em at\u00e9 32% o valor que esses micro produtores recebem pela energia que geram e n\u00e3o consomem, ou seja, que acaba transferida para a rede. Por consequ\u00eancia, o tempo de retorno do investimento gasto nesses sistemas, que atualmente varia de 4 a 6 anos, passa a ser maior. Se esta mudan\u00e7a, que ainda est\u00e1 em <a href=\"https:\/\/www.aneel.gov.br\/sala-de-imprensa-exibicao\/-\/asset_publisher\/XGPXSqdMFHrE\/content\/revisao-das-regras-de-geracao-distribuida-entra-em-consulta-publica\/656877\">consulta p\u00fablica<\/a> at\u00e9 o dia 30 for confirmada, trar\u00e1 um grande desincentivo \u00e0 instala\u00e7\u00e3o dos sistemas fotovoltaicos e deve frear parte importante da expans\u00e3o da energia solar no pa\u00eds. Por mais que seja previsto um per\u00edodo de transi\u00e7\u00e3o de dez anos para quem j\u00e1 possui instala\u00e7\u00f5es, a medida frustraria consumidores que esperam gerar energia limpa nas condi\u00e7\u00f5es previamente acordadas por pelo menos 25 anos, que \u00e9 a durabilidade m\u00ednima desses sistemas. Ou seja, em vez de ter energia el\u00e9trica de gra\u00e7a, ap\u00f3s o pagamento dos pain\u00e9s, esses produtores-consumidores continuariam tendo um custo permanente.<\/p>\n\n<p>Em vez de beneficiar a rede el\u00e9trica, essa taxa\u00e7\u00e3o pode incentivar que os novos micro produtores optar por usar os pain\u00e9is solares desconectados da rede el\u00e9trica,\u00a0 apoiados apenas com o uso de baterias. Ironicamente, a realidade nos \u00faltimas dias refor\u00e7ou esta tese: a audi\u00eancia promovida ontem pela pr\u00f3pria Aneel para discutir o tema <a href=\"https:\/\/canalsolar.com.br\/index.php\/noticias\/item\/195-audiencia-publica-da-aneel\" target=\"_blank\" rel=\"noreferrer noopener\" aria-label=\" (abre numa nova aba)\">ficou sem luz por alguns minutos<\/a>; um sinal do que pode acontecer de forma muito mais ampla se o governo brasileiro n\u00e3o incentivar as fontes limpas e continuar investindo no atraso ou no passado &#8211; a emerg\u00eancia clim\u00e1tica n\u00e3o permite mais perda de tempo, <strong>a hora de fazer uma transi\u00e7\u00e3o r\u00e1pida e eficiente para o futuro \u00e9 agora.<\/strong><\/p>\n\n<p><\/p>\n<div class=\"EmptyMessage\">Block content is empty. Check the block&#8217;s settings or remove it.<\/div>","protected":false},"excerpt":{"rendered":"<p>Na crise clim\u00e1tica que vivemos, faz sentido ampliar a explora\u00e7\u00e3o de petr\u00f3leo e, ao mesmo tempo, desestimular consumidores que geram sua pr\u00f3pria energia limpa por meio do sol?<\/p>\n","protected":false},"author":28,"featured_media":13118,"comment_status":"open","ping_status":"closed","sticky":false,"template":"","format":"standard","meta":{"ep_exclude_from_search":false,"p4_og_title":"","p4_og_description":"","p4_og_image":"","p4_og_image_id":"","p4_seo_canonical_url":"","p4_campaign_name":"not set","p4_local_project":"","p4_basket_name":"not set","p4_department":"","footnotes":""},"categories":[2],"tags":[7],"p4-page-type":[16],"class_list":["post-13120","post","type-post","status-publish","format-standard","has-post-thumbnail","hentry","category-transforme-a-sociedade","tag-energia","p4-page-type-blog"],"_links":{"self":[{"href":"https:\/\/www.greenpeace.org\/brasil\/wp-json\/wp\/v2\/posts\/13120","targetHints":{"allow":["GET"]}}],"collection":[{"href":"https:\/\/www.greenpeace.org\/brasil\/wp-json\/wp\/v2\/posts"}],"about":[{"href":"https:\/\/www.greenpeace.org\/brasil\/wp-json\/wp\/v2\/types\/post"}],"author":[{"embeddable":true,"href":"https:\/\/www.greenpeace.org\/brasil\/wp-json\/wp\/v2\/users\/28"}],"replies":[{"embeddable":true,"href":"https:\/\/www.greenpeace.org\/brasil\/wp-json\/wp\/v2\/comments?post=13120"}],"version-history":[{"count":2,"href":"https:\/\/www.greenpeace.org\/brasil\/wp-json\/wp\/v2\/posts\/13120\/revisions"}],"predecessor-version":[{"id":35340,"href":"https:\/\/www.greenpeace.org\/brasil\/wp-json\/wp\/v2\/posts\/13120\/revisions\/35340"}],"wp:featuredmedia":[{"embeddable":true,"href":"https:\/\/www.greenpeace.org\/brasil\/wp-json\/wp\/v2\/media\/13118"}],"wp:attachment":[{"href":"https:\/\/www.greenpeace.org\/brasil\/wp-json\/wp\/v2\/media?parent=13120"}],"wp:term":[{"taxonomy":"category","embeddable":true,"href":"https:\/\/www.greenpeace.org\/brasil\/wp-json\/wp\/v2\/categories?post=13120"},{"taxonomy":"post_tag","embeddable":true,"href":"https:\/\/www.greenpeace.org\/brasil\/wp-json\/wp\/v2\/tags?post=13120"},{"taxonomy":"p4-page-type","embeddable":true,"href":"https:\/\/www.greenpeace.org\/brasil\/wp-json\/wp\/v2\/p4-page-type?post=13120"}],"curies":[{"name":"wp","href":"https:\/\/api.w.org\/{rel}","templated":true}]}}