{"id":13165,"date":"2019-11-13T11:45:28","date_gmt":"2019-11-13T14:45:28","guid":{"rendered":"https:\/\/www.greenpeace.org\/brasil\/?p=13165"},"modified":"2019-11-13T11:49:10","modified_gmt":"2019-11-13T14:49:10","slug":"grilagem-e-desmatamento-encontram-espaco-para-avancar-em-areas-protegidas","status":"publish","type":"post","link":"https:\/\/www.greenpeace.org\/brasil\/blog\/grilagem-e-desmatamento-encontram-espaco-para-avancar-em-areas-protegidas\/","title":{"rendered":"Grilagem e desmatamento encontram \u201cespa\u00e7o\u201d para avan\u00e7ar em \u00e1reas protegidas"},"content":{"rendered":"\n<h4 class=\"wp-block-heading\">Redu\u00e7\u00e3o de pol\u00edticas de prote\u00e7\u00e3o \u00e0 floresta e seus povos vem resultando em aumento das invas\u00f5es e desmatamento ilegal, colocando em risco toda a Amaz\u00f4nia <\/h4>\n\n<p>Em 2019 o Brasil assistiu ao desmonte de importantes pe\u00e7as do sistema de prote\u00e7\u00e3o do meio ambiente. Mas o pior ainda est\u00e1 por vir, com a intensifica\u00e7\u00e3o do ataque \u00e0s \u00e1reas protegidas (AP), como Terras Ind\u00edgenas (TIs) e Unidades de Conserva\u00e7\u00e3o (UCs), que pode levar a Amaz\u00f4nia ao colapso.&nbsp;&nbsp;<\/p>\n\n<p>De janeiro a setembro deste ano, houve um aumento de 107% no n\u00famero de focos de calor em Terras Ind\u00edgenas, na compara\u00e7\u00e3o com o mesmo per\u00edodo de 2018, e alta de 76,3% no n\u00famero de focos em UCs. De acordo com o Deter, do Instituto Nacional de Pesquisas Espaciais (Inpe), no mesmo per\u00edodo deste ano foram detectados mais de 138 mil hectares (ha) com alertas de desmatamento em APs na Amaz\u00f4nia. Resultado direto da pol\u00edtica antiambiental, que reduziu as fiscaliza\u00e7\u00f5es, sabotou \u00f3rg\u00e3os de controle e incentivou a crime.&nbsp;<br><\/p>\n\n<figure class=\"wp-block-image  caption-style-blue-overlay caption-alignment-center\"><img loading=\"lazy\" decoding=\"async\" width=\"1024\" height=\"724\" src=\"https:\/\/www.greenpeace.org\/static\/planet4-brasil-stateless\/2019\/11\/07688160-blog_mosaico_-1024x724.jpg\" alt=\"\" class=\"wp-image-13166\" srcset=\"https:\/\/www.greenpeace.org\/static\/planet4-brasil-stateless\/2019\/11\/07688160-blog_mosaico_-1024x724.jpg 1024w, https:\/\/www.greenpeace.org\/static\/planet4-brasil-stateless\/2019\/11\/07688160-blog_mosaico_-300x212.jpg 300w, https:\/\/www.greenpeace.org\/static\/planet4-brasil-stateless\/2019\/11\/07688160-blog_mosaico_-768x543.jpg 768w, https:\/\/www.greenpeace.org\/static\/planet4-brasil-stateless\/2019\/11\/07688160-blog_mosaico_-1932x1366.jpg 1932w, https:\/\/www.greenpeace.org\/static\/planet4-brasil-stateless\/2019\/11\/07688160-blog_mosaico_-481x340.jpg 481w\" sizes=\"auto, (max-width: 1024px) 100vw, 1024px\" \/><figcaption>Mosaicos de \u00e1reas protegidas impedem que o desmatamento avance. <\/figcaption><\/figure>\n\n<p>Criados para conter o desmatamento da Amaz\u00f4nia na primeira metade dos anos 2000, o Mosaico de \u00e1reas protegidas da Terra do Meio e o Mosaico da BR 163, ambos no Par\u00e1, foram criados para evitar que o desmatamento avance para o norte da Amaz\u00f4nia, ao cora\u00e7\u00e3o da floresta. Mas s\u00e3o hoje como um queijo su\u00ed\u00e7o, alvos de uma intensa press\u00e3o, vinculada ao avan\u00e7o permanente da fronteira agropecu\u00e1ria e, mais recentemente, \u00e0 corrida garimpeira.<\/p>\n\n<p>O maci\u00e7o de \u00e1reas protegidas re\u00fane uma variedade de unidades com diferentes n\u00edveis de prote\u00e7\u00e3o &#8211; de TIs a \u00c1reas de Prote\u00e7\u00e3o Ambiental (APA) &#8211; a maioria delas amea\u00e7ada. Em sobrevoo realizado no auge da temporada de desmatamento e fogo deste ano na regi\u00e3o, foi poss\u00edvel identificar que o avan\u00e7o da fronteira agropecu\u00e1ria tem se traduzido na grilagem e no desmatamento das APs que comp\u00f5em os mosaicos.<\/p>\n\n<p>Invariavelmente associada \u00e0 extra\u00e7\u00e3o ilegal de madeira, pecu\u00e1ria e \u00e0 especula\u00e7\u00e3o fundi\u00e1ria, a grilagem de terras constitui-se como a principal amea\u00e7a \u00e0 integridade das APs da regi\u00e3o, resultando num grave quadro de viol\u00eancia contra ind\u00edgenas e extrativistas, fraude de documentos p\u00fablicos, trabalho escravo e desmatamento.<\/p>\n\n<p>Composto por 25 UC\u2019s e 29 TI\u2019s, os mosaicos protegem cerca de 37 milh\u00f5es de hectares (ha) de floresta amaz\u00f4nica, mas vem sendo sistematicamente atacado por todos os lados.<\/p>\n<div data-render=\"planet4-blocks\/gallery\" data-attributes=\"{&quot;attributes&quot;:{&quot;gallery_block_title&quot;:&quot;Setembro de 2019 \\u2013 Par\\u00e1&quot;,&quot;gallery_block_description&quot;:&quot;Desmatamento na Terra ind\\u00edgena Trincheira Bacaj\\u00e1. \\u00a9 F\\u00e1bio Nascimento\\\/Greenpeace&quot;,&quot;multiple_image&quot;:&quot;13179,13178,13177,13176,13175,13170,13169&quot;,&quot;image_data&quot;:[{&quot;url&quot;:&quot;https:\\\/\\\/www.greenpeace.org\\\/static\\\/planet4-brasil-stateless\\\/2019\\\/11\\\/0170dbd7-gp_stills_ti_mdk_005_20190919-dsc_2834-300x200.jpg&quot;,&quot;focalPoint&quot;:{&quot;x&quot;:0.5,&quot;y&quot;:0.5},&quot;id&quot;:&quot;13169&quot;},{&quot;url&quot;:&quot;https:\\\/\\\/www.greenpeace.org\\\/static\\\/planet4-brasil-stateless\\\/2019\\\/11\\\/946404b4-gp_stills_ti_mdk_010_20190919-_dsc0187-300x195.jpg&quot;,&quot;focalPoint&quot;:{&quot;x&quot;:0.5,&quot;y&quot;:0.5},&quot;id&quot;:&quot;13170&quot;},{&quot;url&quot;:&quot;https:\\\/\\\/www.greenpeace.org\\\/static\\\/planet4-brasil-stateless\\\/2019\\\/11\\\/91f40fb7-gp_stills_apa_tdx_002_20190920-_dsc0226-200x300.jpg&quot;,&quot;focalPoint&quot;:{&quot;x&quot;:0.5,&quot;y&quot;:0.5},&quot;id&quot;:&quot;13175&quot;},{&quot;url&quot;:&quot;https:\\\/\\\/www.greenpeace.org\\\/static\\\/planet4-brasil-stateless\\\/2019\\\/11\\\/0bf7a801-gp_stills_esec_tdm_003_20190920-_dsc0146-300x200.jpg&quot;,&quot;focalPoint&quot;:{&quot;x&quot;:0.5,&quot;y&quot;:0.5},&quot;id&quot;:&quot;13176&quot;},{&quot;url&quot;:&quot;https:\\\/\\\/www.greenpeace.org\\\/static\\\/planet4-brasil-stateless\\\/2019\\\/11\\\/a6f88966-gp_stills_ti_tb_002_20190921-dsc_3058-300x200.jpg&quot;,&quot;focalPoint&quot;:{&quot;x&quot;:0.5,&quot;y&quot;:0.5},&quot;id&quot;:&quot;13177&quot;},{&quot;url&quot;:&quot;https:\\\/\\\/www.greenpeace.org\\\/static\\\/planet4-brasil-stateless\\\/2019\\\/11\\\/fdfa9ba6-gp_stills_esec_tdm_001_20190920-dsc_2882-200x300.jpg&quot;,&quot;focalPoint&quot;:{&quot;x&quot;:0.5,&quot;y&quot;:0.5},&quot;id&quot;:&quot;13178&quot;},{&quot;url&quot;:&quot;https:\\\/\\\/www.greenpeace.org\\\/static\\\/planet4-brasil-stateless\\\/2019\\\/11\\\/46aaef11-gp_stills_ti_tb_001_20190921-_dsc0164-300x200.jpg&quot;,&quot;focalPoint&quot;:{&quot;x&quot;:0.5,&quot;y&quot;:0.5},&quot;id&quot;:&quot;13179&quot;}],&quot;gallery_block_style&quot;:0,&quot;gallery_block_focus_points&quot;:&quot;&quot;,&quot;images&quot;:[{&quot;image_src&quot;:&quot;https:\\\/\\\/www.greenpeace.org\\\/static\\\/planet4-brasil-stateless\\\/2019\\\/11\\\/46aaef11-gp_stills_ti_tb_001_20190921-_dsc0164.jpg&quot;,&quot;image_srcset&quot;:&quot;https:\\\/\\\/www.greenpeace.org\\\/static\\\/planet4-brasil-stateless\\\/2019\\\/11\\\/46aaef11-gp_stills_ti_tb_001_20190921-_dsc0164.jpg 4500w, https:\\\/\\\/www.greenpeace.org\\\/static\\\/planet4-brasil-stateless\\\/2019\\\/11\\\/46aaef11-gp_stills_ti_tb_001_20190921-_dsc0164-300x200.jpg 300w, https:\\\/\\\/www.greenpeace.org\\\/static\\\/planet4-brasil-stateless\\\/2019\\\/11\\\/46aaef11-gp_stills_ti_tb_001_20190921-_dsc0164-768x512.jpg 768w, https:\\\/\\\/www.greenpeace.org\\\/static\\\/planet4-brasil-stateless\\\/2019\\\/11\\\/46aaef11-gp_stills_ti_tb_001_20190921-_dsc0164-1024x683.jpg 1024w, https:\\\/\\\/www.greenpeace.org\\\/static\\\/planet4-brasil-stateless\\\/2019\\\/11\\\/46aaef11-gp_stills_ti_tb_001_20190921-_dsc0164-2048x1366.jpg 2048w, https:\\\/\\\/www.greenpeace.org\\\/static\\\/planet4-brasil-stateless\\\/2019\\\/11\\\/46aaef11-gp_stills_ti_tb_001_20190921-_dsc0164-510x340.jpg 510w&quot;,&quot;image_sizes&quot;:false,&quot;alt_text&quot;:&quot;&quot;,&quot;caption&quot;:&quot;Desmatamento na Terra ind\\u00edgena Trincheira Bacaj\\u00e1. \\u00a9 F\\u00e1bio Nascimento\\\/Greenpeace&quot;,&quot;focus_image&quot;:&quot;&quot;,&quot;credits&quot;:&quot;&quot;},{&quot;image_src&quot;:&quot;https:\\\/\\\/www.greenpeace.org\\\/static\\\/planet4-brasil-stateless\\\/2019\\\/11\\\/fdfa9ba6-gp_stills_esec_tdm_001_20190920-dsc_2882.jpg&quot;,&quot;image_srcset&quot;:&quot;https:\\\/\\\/www.greenpeace.org\\\/static\\\/planet4-brasil-stateless\\\/2019\\\/11\\\/fdfa9ba6-gp_stills_esec_tdm_001_20190920-dsc_2882.jpg 3000w, https:\\\/\\\/www.greenpeace.org\\\/static\\\/planet4-brasil-stateless\\\/2019\\\/11\\\/fdfa9ba6-gp_stills_esec_tdm_001_20190920-dsc_2882-200x300.jpg 200w, https:\\\/\\\/www.greenpeace.org\\\/static\\\/planet4-brasil-stateless\\\/2019\\\/11\\\/fdfa9ba6-gp_stills_esec_tdm_001_20190920-dsc_2882-768x1152.jpg 768w, https:\\\/\\\/www.greenpeace.org\\\/static\\\/planet4-brasil-stateless\\\/2019\\\/11\\\/fdfa9ba6-gp_stills_esec_tdm_001_20190920-dsc_2882-683x1024.jpg 683w, https:\\\/\\\/www.greenpeace.org\\\/static\\\/planet4-brasil-stateless\\\/2019\\\/11\\\/fdfa9ba6-gp_stills_esec_tdm_001_20190920-dsc_2882-911x1366.jpg 911w, https:\\\/\\\/www.greenpeace.org\\\/static\\\/planet4-brasil-stateless\\\/2019\\\/11\\\/fdfa9ba6-gp_stills_esec_tdm_001_20190920-dsc_2882-227x340.jpg 227w&quot;,&quot;image_sizes&quot;:false,&quot;alt_text&quot;:&quot;&quot;,&quot;caption&quot;:&quot;Desmatamento na Esta\\u00e7\\u00e3o Ecol\\u00f3gica Terra do Meio. \\u00a9 F\\u00e1bio Nascimento\\\/Greenpeace&quot;,&quot;focus_image&quot;:&quot;&quot;,&quot;credits&quot;:&quot;&quot;},{&quot;image_src&quot;:&quot;https:\\\/\\\/www.greenpeace.org\\\/static\\\/planet4-brasil-stateless\\\/2019\\\/11\\\/a6f88966-gp_stills_ti_tb_002_20190921-dsc_3058.jpg&quot;,&quot;image_srcset&quot;:&quot;https:\\\/\\\/www.greenpeace.org\\\/static\\\/planet4-brasil-stateless\\\/2019\\\/11\\\/a6f88966-gp_stills_ti_tb_002_20190921-dsc_3058.jpg 4500w, https:\\\/\\\/www.greenpeace.org\\\/static\\\/planet4-brasil-stateless\\\/2019\\\/11\\\/a6f88966-gp_stills_ti_tb_002_20190921-dsc_3058-300x200.jpg 300w, https:\\\/\\\/www.greenpeace.org\\\/static\\\/planet4-brasil-stateless\\\/2019\\\/11\\\/a6f88966-gp_stills_ti_tb_002_20190921-dsc_3058-768x512.jpg 768w, https:\\\/\\\/www.greenpeace.org\\\/static\\\/planet4-brasil-stateless\\\/2019\\\/11\\\/a6f88966-gp_stills_ti_tb_002_20190921-dsc_3058-1024x683.jpg 1024w, https:\\\/\\\/www.greenpeace.org\\\/static\\\/planet4-brasil-stateless\\\/2019\\\/11\\\/a6f88966-gp_stills_ti_tb_002_20190921-dsc_3058-2048x1366.jpg 2048w, https:\\\/\\\/www.greenpeace.org\\\/static\\\/planet4-brasil-stateless\\\/2019\\\/11\\\/a6f88966-gp_stills_ti_tb_002_20190921-dsc_3058-510x340.jpg 510w&quot;,&quot;image_sizes&quot;:false,&quot;alt_text&quot;:&quot;&quot;,&quot;caption&quot;:&quot;Desmatamento e cicatriz de queimada na Terra ind\\u00edgena Trincheira Bacaj\\u00e1. \\u00a9 F\\u00e1bio Nascimento\\\/Greenpeace&quot;,&quot;focus_image&quot;:&quot;&quot;,&quot;credits&quot;:&quot;&quot;},{&quot;image_src&quot;:&quot;https:\\\/\\\/www.greenpeace.org\\\/static\\\/planet4-brasil-stateless\\\/2019\\\/11\\\/0bf7a801-gp_stills_esec_tdm_003_20190920-_dsc0146.jpg&quot;,&quot;image_srcset&quot;:&quot;https:\\\/\\\/www.greenpeace.org\\\/static\\\/planet4-brasil-stateless\\\/2019\\\/11\\\/0bf7a801-gp_stills_esec_tdm_003_20190920-_dsc0146.jpg 4500w, https:\\\/\\\/www.greenpeace.org\\\/static\\\/planet4-brasil-stateless\\\/2019\\\/11\\\/0bf7a801-gp_stills_esec_tdm_003_20190920-_dsc0146-300x200.jpg 300w, https:\\\/\\\/www.greenpeace.org\\\/static\\\/planet4-brasil-stateless\\\/2019\\\/11\\\/0bf7a801-gp_stills_esec_tdm_003_20190920-_dsc0146-768x512.jpg 768w, https:\\\/\\\/www.greenpeace.org\\\/static\\\/planet4-brasil-stateless\\\/2019\\\/11\\\/0bf7a801-gp_stills_esec_tdm_003_20190920-_dsc0146-1024x683.jpg 1024w, https:\\\/\\\/www.greenpeace.org\\\/static\\\/planet4-brasil-stateless\\\/2019\\\/11\\\/0bf7a801-gp_stills_esec_tdm_003_20190920-_dsc0146-2048x1366.jpg 2048w, https:\\\/\\\/www.greenpeace.org\\\/static\\\/planet4-brasil-stateless\\\/2019\\\/11\\\/0bf7a801-gp_stills_esec_tdm_003_20190920-_dsc0146-510x340.jpg 510w&quot;,&quot;image_sizes&quot;:false,&quot;alt_text&quot;:&quot;&quot;,&quot;caption&quot;:&quot;Desmatamento na Esta\\u00e7\\u00e3o Ecol\\u00f3gica Terra do Meio. \\u00a9 F\\u00e1bio Nascimento\\\/Greenpeace&quot;,&quot;focus_image&quot;:&quot;&quot;,&quot;credits&quot;:&quot;&quot;},{&quot;image_src&quot;:&quot;https:\\\/\\\/www.greenpeace.org\\\/static\\\/planet4-brasil-stateless\\\/2019\\\/11\\\/91f40fb7-gp_stills_apa_tdx_002_20190920-_dsc0226.jpg&quot;,&quot;image_srcset&quot;:&quot;https:\\\/\\\/www.greenpeace.org\\\/static\\\/planet4-brasil-stateless\\\/2019\\\/11\\\/91f40fb7-gp_stills_apa_tdx_002_20190920-_dsc0226.jpg 3002w, https:\\\/\\\/www.greenpeace.org\\\/static\\\/planet4-brasil-stateless\\\/2019\\\/11\\\/91f40fb7-gp_stills_apa_tdx_002_20190920-_dsc0226-200x300.jpg 200w, https:\\\/\\\/www.greenpeace.org\\\/static\\\/planet4-brasil-stateless\\\/2019\\\/11\\\/91f40fb7-gp_stills_apa_tdx_002_20190920-_dsc0226-768x1151.jpg 768w, https:\\\/\\\/www.greenpeace.org\\\/static\\\/planet4-brasil-stateless\\\/2019\\\/11\\\/91f40fb7-gp_stills_apa_tdx_002_20190920-_dsc0226-683x1024.jpg 683w, https:\\\/\\\/www.greenpeace.org\\\/static\\\/planet4-brasil-stateless\\\/2019\\\/11\\\/91f40fb7-gp_stills_apa_tdx_002_20190920-_dsc0226-911x1366.jpg 911w, https:\\\/\\\/www.greenpeace.org\\\/static\\\/planet4-brasil-stateless\\\/2019\\\/11\\\/91f40fb7-gp_stills_apa_tdx_002_20190920-_dsc0226-227x340.jpg 227w&quot;,&quot;image_sizes&quot;:false,&quot;alt_text&quot;:&quot;&quot;,&quot;caption&quot;:&quot;Gado na \\u00c1rea de Prote\\u00e7\\u00e3o Ambiental (APA) Triunfo do Xingu. \\u00a9 F\\u00e1bio Nascimento\\\/Greenpeace&quot;,&quot;focus_image&quot;:&quot;&quot;,&quot;credits&quot;:&quot;&quot;},{&quot;image_src&quot;:&quot;https:\\\/\\\/www.greenpeace.org\\\/static\\\/planet4-brasil-stateless\\\/2019\\\/11\\\/946404b4-gp_stills_ti_mdk_010_20190919-_dsc0187.jpg&quot;,&quot;image_srcset&quot;:&quot;https:\\\/\\\/www.greenpeace.org\\\/static\\\/planet4-brasil-stateless\\\/2019\\\/11\\\/946404b4-gp_stills_ti_mdk_010_20190919-_dsc0187.jpg 4500w, https:\\\/\\\/www.greenpeace.org\\\/static\\\/planet4-brasil-stateless\\\/2019\\\/11\\\/946404b4-gp_stills_ti_mdk_010_20190919-_dsc0187-300x195.jpg 300w, https:\\\/\\\/www.greenpeace.org\\\/static\\\/planet4-brasil-stateless\\\/2019\\\/11\\\/946404b4-gp_stills_ti_mdk_010_20190919-_dsc0187-768x499.jpg 768w, https:\\\/\\\/www.greenpeace.org\\\/static\\\/planet4-brasil-stateless\\\/2019\\\/11\\\/946404b4-gp_stills_ti_mdk_010_20190919-_dsc0187-1024x665.jpg 1024w, https:\\\/\\\/www.greenpeace.org\\\/static\\\/planet4-brasil-stateless\\\/2019\\\/11\\\/946404b4-gp_stills_ti_mdk_010_20190919-_dsc0187-2048x1330.jpg 2048w, https:\\\/\\\/www.greenpeace.org\\\/static\\\/planet4-brasil-stateless\\\/2019\\\/11\\\/946404b4-gp_stills_ti_mdk_010_20190919-_dsc0187-510x331.jpg 510w&quot;,&quot;image_sizes&quot;:false,&quot;alt_text&quot;:&quot;&quot;,&quot;caption&quot;:&quot;Garimpo ilegal na Terra Ind\\u00edgena Munduruku. \\u00a9 F\\u00e1bio Nascimento\\\/Greenpeace&quot;,&quot;focus_image&quot;:&quot;&quot;,&quot;credits&quot;:&quot;&quot;},{&quot;image_src&quot;:&quot;https:\\\/\\\/www.greenpeace.org\\\/static\\\/planet4-brasil-stateless\\\/2019\\\/11\\\/0170dbd7-gp_stills_ti_mdk_005_20190919-dsc_2834.jpg&quot;,&quot;image_srcset&quot;:&quot;https:\\\/\\\/www.greenpeace.org\\\/static\\\/planet4-brasil-stateless\\\/2019\\\/11\\\/0170dbd7-gp_stills_ti_mdk_005_20190919-dsc_2834.jpg 4500w, https:\\\/\\\/www.greenpeace.org\\\/static\\\/planet4-brasil-stateless\\\/2019\\\/11\\\/0170dbd7-gp_stills_ti_mdk_005_20190919-dsc_2834-300x200.jpg 300w, https:\\\/\\\/www.greenpeace.org\\\/static\\\/planet4-brasil-stateless\\\/2019\\\/11\\\/0170dbd7-gp_stills_ti_mdk_005_20190919-dsc_2834-768x512.jpg 768w, https:\\\/\\\/www.greenpeace.org\\\/static\\\/planet4-brasil-stateless\\\/2019\\\/11\\\/0170dbd7-gp_stills_ti_mdk_005_20190919-dsc_2834-1024x683.jpg 1024w, https:\\\/\\\/www.greenpeace.org\\\/static\\\/planet4-brasil-stateless\\\/2019\\\/11\\\/0170dbd7-gp_stills_ti_mdk_005_20190919-dsc_2834-2048x1366.jpg 2048w, https:\\\/\\\/www.greenpeace.org\\\/static\\\/planet4-brasil-stateless\\\/2019\\\/11\\\/0170dbd7-gp_stills_ti_mdk_005_20190919-dsc_2834-510x340.jpg 510w&quot;,&quot;image_sizes&quot;:false,&quot;alt_text&quot;:&quot;&quot;,&quot;caption&quot;:&quot;Garimpo ilegal na Terra Ind\\u00edgena Munduruku. \\u00a9 F\\u00e1bio Nascimento\\\/Greenpeace&quot;,&quot;focus_image&quot;:&quot;&quot;,&quot;credits&quot;:&quot;&quot;}]}}\"><\/div>\n<p>Na regi\u00e3o de S\u00e3o F\u00e9lix do Xingu, a Esta\u00e7\u00e3o Ecol\u00f3gica da Terra do Meio est\u00e1 sendo invadida por grileiros que, de agosto de 2018 a agosto de 2019, destru\u00edram mais de 3 mil hectares de floresta, submetendo a Esta\u00e7\u00e3o Ecol\u00f3gica aos efeitos da amplia\u00e7\u00e3o do rebanho bovino da regi\u00e3o.&nbsp;<\/p>\n\n<p>A Floresta Nacional do Jamanxim, na outra margem da BR 163, agoniza diante de um processo estruturado de grilagem e desmatamento, que j\u00e1 consumiu 13% da cobertura florestal original e esteve na base do chamado<a href=\"https:\/\/www.greenpeace.org\/brasil\/blog\/amazonia-sob-ataque-queimadas-tem-aumento-de-145-em-2019\/\"> \u201cdia do fogo\u201d,<\/a> uma a\u00e7\u00e3o coordenada de grileiros realizada entre os dias 9 e 11 de agosto, que fez subir de maneira assustadora o n\u00famero de inc\u00eandios. S\u00f3 em Novo Progresso foram registrados 358 focos de calor apenas nesses tr\u00eas dias. A unidade de conserva\u00e7\u00e3o \u00e9 uma das que encontra-se na mira dos ruralistas e do governo federal e foi a mais afetada pelas queimadas deste ano, perdendo 7.850 ha para o fogo. <\/p>\n\n<iframe loading=\"lazy\" class=\"juxtapose\" src=\"https:\/\/cdn.knightlab.com\/libs\/juxtapose\/latest\/embed\/index.html?uid=7b3809ae-0607-11ea-b9b8-0edaf8f81e27\" style=\"height:700px !important;\" width=\"100%\" height=\"700\" frameborder=\"0\"><\/iframe>\n\n<p>O garimpo tamb\u00e9m avan\u00e7a, deixando um rastro de destrui\u00e7\u00e3o que compromete o equil\u00edbrio ecol\u00f3gico da regi\u00e3o, especialmente dentro da terra <a href=\"https:\/\/www.greenpeace.org\/brasil\/blog\/a-tragedia-dos-munduruku\/\">ind\u00edgena Munduruku, onde garimpos ilegais<\/a> destru\u00edram mais de 1.000 ha de floresta e polu\u00edram pelo menos cinco importantes rios que banham o interior do territ\u00f3rio.<\/p>\n\n<p><strong>O que mudou no ch\u00e3o da floresta?<\/strong><\/p>\n\n<p>A amea\u00e7a contra a Amaz\u00f4nia e os povos da floresta n\u00e3o \u00e9 de hoje. Mas desde o in\u00edcio de seu mandato, o governo Bolsonaro enfraqueceu as a\u00e7\u00f5es de fiscaliza\u00e7\u00e3o ambiental nos mosaicos e abandonou importantes instrumentos para a prote\u00e7\u00e3o da Amaz\u00f4nia, tal como o Plano de Combate ao Desmatamento da Amaz\u00f4nia, sinalizando perigosamente em favor daqueles que insistem em desprezar as leis que garantem a prote\u00e7\u00e3o das TIs e UCs na regi\u00e3o, e que est\u00e3o no comando de um processo que, desde a posse de Bolsonaro at\u00e9 setembro, j\u00e1 consumiu pelo menos 765,5 mil hea de floresta.&nbsp;<\/p>\n\n<p><a href=\"https:\/\/www.patriaqueimadabrasil.org\/\">Em fevereiro<\/a>, 21 dos 27 superintendentes do Ibama foram exonerados, deixando os escrit\u00f3rios parados. Em abril foi criado o N\u00facleo de Concilia\u00e7\u00e3o Ambiental, que visa \u201caliviar\u201d as d\u00edvidas de desmatadores ilegais, enquanto o or\u00e7amento do Ibama foi cortado em 24% e o de combate ao fogo em 38%.&nbsp;&nbsp;<\/p>\n\n<p>Em maio, Bolsonaro anunciou planos de reduzir 67 Unidades de Conserva\u00e7\u00e3o, para n\u00e3o atrapalhar a abertura de estradas e outros projetos. Salles promete rever todas as 334 Unidades de Conserva\u00e7\u00e3o federais. Se considerarmos que Bolsonaro tem cumprido \u00e0 risca as promessas assumidas com seus financiadores de campanha, devemos temer que o governo leve a cabo tamb\u00e9m esta amea\u00e7a. N\u00e3o podemos permitir que isso aconte\u00e7a.&nbsp;<\/p>\n\n<p>Acompanhe a s\u00e9rie de reportagens <strong><em>Amaz\u00f4nia sob ataque:<\/em><\/strong><\/p>\n\n<p>&#8211; <a href=\"https:\/\/www.greenpeace.org\/brasil\/blog\/a-tragedia-dos-munduruku\/\">TI Munduruku &#8211; minera\u00e7\u00e3o por todos os lados<\/a><\/p>\n\n<p>&#8211; <a href=\"https:\/\/www.greenpeace.org\/brasil\/blog\/garimpos-ilegais-se-alastram-nas-proximidades-da-br-163\/\">Garimpos ilegais se alastram no entorno da BR-163<\/a>&nbsp;<\/p>\n\n<h2 class=\"wp-block-heading\"><strong>O que s\u00e3o Unidades de Conserva\u00e7\u00e3o?<\/strong> <\/h2>\n\n<figure class=\"wp-block-embed-youtube wp-block-embed is-type-video is-provider-youtube wp-embed-aspect-16-9 wp-has-aspect-ratio\"><div class=\"wp-block-embed__wrapper\">\n<lite-youtube style=\"background-image: url('https:\/\/i.ytimg.com\/vi\/sneJLWkL3CE\/hqdefault.jpg');\" videoid=\"sneJLWkL3CE\" params=\"rel=0\"><\/lite-youtube>\n<\/div><\/figure>\n\n<p class=\"has-background has-blue-60-background-color\">As unidades de conserva\u00e7\u00e3o (UC) s\u00e3o espa\u00e7os territoriais, incluindo seus recursos ambientais, com caracter\u00edsticas naturais relevantes, que t\u00eam a fun\u00e7\u00e3o de assegurar a representatividade de amostras significativas e ecologicamente vi\u00e1veis das diferentes popula\u00e7\u00f5es, habitats e ecossistemas do territ\u00f3rio nacional e das \u00e1guas jurisdicionais, preservando o patrim\u00f4nio biol\u00f3gico existente.<br><br>As UC asseguram \u00e0s popula\u00e7\u00f5es tradicionais o uso sustent\u00e1vel dos recursos naturais de forma racional e ainda propiciam \u00e0s comunidades do entorno o desenvolvimento de atividades econ\u00f4micas sustent\u00e1veis. <br><br> <strong>Unidades de Prote\u00e7\u00e3o Integral: <\/strong>&nbsp;o principal objetivo dessas unidades \u00e9 a prote\u00e7\u00e3o da natureza, por isso as regras e normas s\u00e3o mais restritivas. Nesse grupo \u00e9 permitido apenas o uso indireto dos recursos naturais, ou seja, aquele que n\u00e3o envolve consumo, coleta ou dano aos recursos naturais.&nbsp; <br><br> As categorias de prote\u00e7\u00e3o integral s\u00e3o: esta\u00e7\u00e3o ecol\u00f3gica, reserva biol\u00f3gica, parque, monumento natural e ref\u00fagio de vida silvestre.&nbsp; <br><br> <strong>Unidades de Uso Sustent\u00e1vel:<\/strong> s\u00e3o \u00e1reas que visam conciliar a conserva\u00e7\u00e3o da natureza com o uso sustent\u00e1vel dos recursos naturais. Nesse grupo, atividades que envolvem coleta e uso dos recursos naturais s\u00e3o permitidas, mas desde que praticadas de uma forma que a perenidade dos recursos ambientais renov\u00e1veis e dos processos ecol\u00f3gicos esteja assegurada. <br><br> As categorias de uso sustent\u00e1vel s\u00e3o: \u00e1rea de relevante interesse ecol\u00f3gico, floresta nacional, reserva de fauna, reserva de desenvolvimento sustent\u00e1vel, reserva extrativista, \u00e1rea de prote\u00e7\u00e3o ambiental (APA) e reserva particular do patrim\u00f4nio natural (RPPN). <br><br> Fonte:MMA <\/p>\n","protected":false},"excerpt":{"rendered":"<p>Redu\u00e7\u00e3o de pol\u00edticas de prote\u00e7\u00e3o \u00e0 floresta e seus povos vem resultando em aumento das invas\u00f5es e desmatamento ilegal, colocando em risco toda a Amaz\u00f4nia<\/p>\n","protected":false},"author":24,"featured_media":13177,"comment_status":"open","ping_status":"closed","sticky":false,"template":"","format":"standard","meta":{"ep_exclude_from_search":false,"p4_og_title":"","p4_og_description":"","p4_og_image":"","p4_og_image_id":"","p4_seo_canonical_url":"","p4_campaign_name":"not set","p4_local_project":"","p4_basket_name":"not set","p4_department":"","footnotes":""},"categories":[3],"tags":[22],"p4-page-type":[16],"class_list":["post-13165","post","type-post","status-publish","format-standard","has-post-thumbnail","hentry","category-proteja-a-natureza","tag-florestas","p4-page-type-blog"],"_links":{"self":[{"href":"https:\/\/www.greenpeace.org\/brasil\/wp-json\/wp\/v2\/posts\/13165","targetHints":{"allow":["GET"]}}],"collection":[{"href":"https:\/\/www.greenpeace.org\/brasil\/wp-json\/wp\/v2\/posts"}],"about":[{"href":"https:\/\/www.greenpeace.org\/brasil\/wp-json\/wp\/v2\/types\/post"}],"author":[{"embeddable":true,"href":"https:\/\/www.greenpeace.org\/brasil\/wp-json\/wp\/v2\/users\/24"}],"replies":[{"embeddable":true,"href":"https:\/\/www.greenpeace.org\/brasil\/wp-json\/wp\/v2\/comments?post=13165"}],"version-history":[{"count":20,"href":"https:\/\/www.greenpeace.org\/brasil\/wp-json\/wp\/v2\/posts\/13165\/revisions"}],"predecessor-version":[{"id":13277,"href":"https:\/\/www.greenpeace.org\/brasil\/wp-json\/wp\/v2\/posts\/13165\/revisions\/13277"}],"wp:featuredmedia":[{"embeddable":true,"href":"https:\/\/www.greenpeace.org\/brasil\/wp-json\/wp\/v2\/media\/13177"}],"wp:attachment":[{"href":"https:\/\/www.greenpeace.org\/brasil\/wp-json\/wp\/v2\/media?parent=13165"}],"wp:term":[{"taxonomy":"category","embeddable":true,"href":"https:\/\/www.greenpeace.org\/brasil\/wp-json\/wp\/v2\/categories?post=13165"},{"taxonomy":"post_tag","embeddable":true,"href":"https:\/\/www.greenpeace.org\/brasil\/wp-json\/wp\/v2\/tags?post=13165"},{"taxonomy":"p4-page-type","embeddable":true,"href":"https:\/\/www.greenpeace.org\/brasil\/wp-json\/wp\/v2\/p4-page-type?post=13165"}],"curies":[{"name":"wp","href":"https:\/\/api.w.org\/{rel}","templated":true}]}}