{"id":13338,"date":"2019-11-18T11:23:23","date_gmt":"2019-11-18T14:23:23","guid":{"rendered":"https:\/\/www.greenpeace.org\/brasil\/?p=13338"},"modified":"2022-03-04T10:07:49","modified_gmt":"2022-03-04T13:07:49","slug":"desmatamento-da-amazonia-tem-3a-maior-alta-percentual-da-historia","status":"publish","type":"post","link":"https:\/\/www.greenpeace.org\/brasil\/blog\/desmatamento-da-amazonia-tem-3a-maior-alta-percentual-da-historia\/","title":{"rendered":"Desmatamento da Amaz\u00f4nia tem 3\u00aa maior alta percentual da hist\u00f3ria"},"content":{"rendered":"\n<h4 class=\"wp-block-heading\">Com aumento de 30%, dados comprovam tend\u00eancia que vinha sendo apontada pelo Deter<\/h4>\n\n<p>O desmatamento da Amaz\u00f4nia atingiu 9.762 km\u00b2, entre agosto de 2018 e julho de 2019. O n\u00famero representa um <strong>aumento de 30% em rela\u00e7\u00e3o ao per\u00edodo anterior<\/strong>, segundo dados do Projeto de Monitoramento do Desmatamento na Amaz\u00f4nia Legal por Sat\u00e9lite (Prodes) do Instituto de Pesquisas Espaciais (Inpe) divulgados hoje, em S\u00e3o Jos\u00e9 dos Campos, pelo Minist\u00e9rio do Meio Ambiente (MMA) e o Minist\u00e9rio de Ci\u00eancia, Tecnologia, Inova\u00e7\u00f5es e Comunica\u00e7\u00f5es (MCTIC).<\/p>\n\n<figure class=\"wp-block-image size-large caption-style-blue-overlay caption-alignment-center\"><img loading=\"lazy\" decoding=\"async\" width=\"1024\" height=\"683\" src=\"https:\/\/www.greenpeace.org\/static\/planet4-brasil-stateless\/2019\/11\/8a6d8858-gp0sttzzm_pressmedia-1024x683.jpg\" alt=\"\" class=\"wp-image-13341\" srcset=\"https:\/\/www.greenpeace.org\/static\/planet4-brasil-stateless\/2019\/11\/8a6d8858-gp0sttzzm_pressmedia-1024x683.jpg 1024w, https:\/\/www.greenpeace.org\/static\/planet4-brasil-stateless\/2019\/11\/8a6d8858-gp0sttzzm_pressmedia-300x200.jpg 300w, https:\/\/www.greenpeace.org\/static\/planet4-brasil-stateless\/2019\/11\/8a6d8858-gp0sttzzm_pressmedia-768x512.jpg 768w, https:\/\/www.greenpeace.org\/static\/planet4-brasil-stateless\/2019\/11\/8a6d8858-gp0sttzzm_pressmedia-1536x1025.jpg 1536w, https:\/\/www.greenpeace.org\/static\/planet4-brasil-stateless\/2019\/11\/8a6d8858-gp0sttzzm_pressmedia-2048x1366.jpg 2048w, https:\/\/www.greenpeace.org\/static\/planet4-brasil-stateless\/2019\/11\/8a6d8858-gp0sttzzm_pressmedia-510x340.jpg 510w\" sizes=\"auto, (max-width: 1024px) 100vw, 1024px\" \/><figcaption>Desmatamento aumenta em 30%, o equivalente a quase 10.000 km\u00b2. \u00a9 F\u00e1bio Nascimento \/ Greenpeace<\/figcaption><\/figure>\n\n<p> A \u00e1rea de floresta destru\u00edda equivale a 1,4 milh\u00e3o de campos de futebol ou seis vezes a cidade de S\u00e3o Paulo. &nbsp;Os estados de Roraima (216%), Acre (55%) e Par\u00e1 (41%) registraram os maiores percentuais de aumento, e o Par\u00e1 liderou com a maior \u00e1rea desmatada (3.862 km\u00b2) no per\u00edodo. <\/p>\n\n<p><em>\u201c<\/em>A combina\u00e7\u00e3o de altas taxas de desmatamento com a falta de governan\u00e7a sacrifica vidas, coloca o pa\u00eds na contram\u00e3o da luta contra as mudan\u00e7as clim\u00e1ticas e traz preju\u00edzos \u00e0 economia, uma vez que o mercado internacional n\u00e3o quer comprar produtos contaminados por destrui\u00e7\u00e3o ambiental e viol\u00eancia\u201d, afirma Cristiane Mazzetti, da campanha Amaz\u00f4nia do Greenpeace.&nbsp;<\/p>\n\n<p><strong><em>Ranking de \u00e1rea desmatada, por estado<\/em><\/strong><\/p>\n\n<figure class=\"wp-block-table\"><table class=\"\"><tbody><tr><td> &nbsp; &nbsp; &nbsp; &nbsp;Estado<\/td><td>\u00c1rea (km\u00b2)<\/td><td><strong>Var. 2019-2018*<\/strong><\/td><\/tr><tr><td>1\u00ba &nbsp; Par\u00e1<\/td><td>3862<\/td><td>41%<\/td><\/tr><tr><td>2\u00ba &nbsp; Mato Grosso<\/td><td>1685<\/td><td>13%<\/td><\/tr><tr><td>3\u00ba &nbsp; Amazonas<\/td><td>1421<\/td><td>36%<\/td><\/tr><tr><td>4\u00ba &nbsp; Rond\u00f4nia<\/td><td>1245<\/td><td>-5%<\/td><\/tr><tr><td>5\u00ba &nbsp; Acre<\/td><td>688<\/td><td>55%<\/td><\/tr><tr><td>6\u00ba &nbsp; Roraima <\/td><td>617<\/td><td>216%<\/td><\/tr><tr><td>7\u00ba &nbsp; Maranh\u00e3o<\/td><td>215<\/td><td>-15%<\/td><\/tr><tr><td>8\u00ba &nbsp; Tocantins <\/td><td>21<\/td><td>-16%<\/td><\/tr><tr><td>9\u00ba &nbsp; Amap\u00e1<\/td><td>8<\/td><td>-67%<\/td><\/tr><tr><td><strong>TOTAL &nbsp; Amaz\u00f4nia Legal<\/strong><\/td><td><strong>9762<\/strong><\/td><td>30%<\/td><\/tr><\/tbody><\/table><\/figure>\n\n<p><sub>Fonte: Prodes 2019\/Inpe<\/sub><\/p>\n\n<p><strong>Desmonte sem precedentes&nbsp;<\/strong><br><\/p>\n\n<p>O Brasil alcan\u00e7ou resultados expressivos no combate ao desmatamento no passado. Em 2004 o desmatamento da Amaz\u00f4nia atingiu um dos maiores n\u00edveis da hist\u00f3ria, chegando a 27.7 mil km\u00b2. Mas a\u00e7\u00f5es do poder p\u00fablico, aliadas \u00e0 atua\u00e7\u00e3o de organiza\u00e7\u00f5es n\u00e3o governamentais e do setor privado, ajudaram a reverter este cen\u00e1rio e, pouco menos de uma d\u00e9cada depois, atingimos a menor taxa desde o in\u00edcio da s\u00e9rie. Mas a destrui\u00e7\u00e3o voltou a subir e, este ano, assistimos a um desmonte sem precedentes das pol\u00edticas ambientais constru\u00eddas ao longo dos anos.&nbsp;<br><\/p>\n\n<p>\u201cEstamos colhendo o que o governo plantou desde a campanha eleitoral. O projeto antiambiental de Bolsonaro sucateou a capacidade de combater o desmatamento, favorece quem pratica crime ambiental e estimula a viol\u00eancia contra os povos da floresta. Seu governo est\u00e1 jogando no lixo praticamente todo o trabalho realizado nas \u00faltimas d\u00e9cadas pela prote\u00e7\u00e3o do meio ambiente\u201d, diz Cristiane Mazzetti, da campanha Amaz\u00f4nia do Greenpeace.<br><\/p>\n\n<p>Em 2019, 22% das opera\u00e7\u00f5es de fiscaliza\u00e7\u00e3o planejadas pelo Ibama<a href=\"https:\/\/oglobo.globo.com\/sociedade\/ibama-corta-22-das-acoes-de-fiscalizacao-previstas-23937584\"> foram cortadas<\/a>. Em abril foi criado o N\u00facleo de Concilia\u00e7\u00e3o Ambiental, que visa \u201caliviar\u201d as d\u00edvidas de desmatadores ilegais, enquanto o or\u00e7amento do Ibama foi cortado em 24% e o de combate ao fogo em 38%,<a href=\"https:\/\/www.patriaqueimadabrasil.org\/\"> dentre outros retrocessos<\/a>.<\/p>\n\n<p>O <a href=\"https:\/\/www.greenpeace.org\/brasil\/blog\/grilagem-e-desmatamento-encontram-espaco-para-avancar-em-areas-protegidas\/\">desmatamento e invas\u00f5es em \u00e1reas protegidas<\/a> tamb\u00e9m vem aumentando, e &nbsp;enquanto Bolsonaro se coloca claramente contr\u00e1rio ao reconhecimento dos direitos ind\u00edgenas, mais sangue \u00e9 derramado. No in\u00edcio de novembro, <a href=\"https:\/\/www.greenpeace.org\/brasil\/blog\/nota-de-pesar-pelo-assassinato-de-mais-um-guardiao-guajajara\/\">Paulo Paulino Guajajara<\/a>, guardi\u00e3o da floresta, foi assassinado em uma emboscada preparada por madeireiros.&nbsp;<\/p>\n\n<p><strong>O Deter, afinal, apontava para a verdade<\/strong><\/p>\n\n<p>Em agosto deste ano, diante da enorme repercuss\u00e3o mundial devido ao aumento das de queimadas e dos alertas de desmatamento por toda a Amaz\u00f4nia, Bolsonaro exonerou o renomado f\u00edsico Ricardo Galv\u00e3o da dire\u00e7\u00e3o do Inpe, colocando em d\u00favida os dados da institui\u00e7\u00e3o. Contra fatos, entretanto, n\u00e3o h\u00e1 argumentos, e o Prodes acaba de confirmar a tend\u00eancia apontada pelos dados da institui\u00e7\u00e3o.<\/p>\n\n<p>E, para al\u00e9m da taxa publicada hoje, que mediu a perda de florestas at\u00e9 o m\u00eas de julho, a tend\u00eancia apontada pelo Deter \u00e9 que o desmatamento continua subindo<strong>.<\/strong> Segundo os dados, de agosto a outubro, os tr\u00eas primeiros meses que comp\u00f5em o pr\u00f3ximo per\u00edodo Prodes, houve um aumento de cerca de 100% da \u00e1rea com alertas de desmatamento na compara\u00e7\u00e3o com o mesmo per\u00edodo de 2018.&nbsp;&nbsp;<\/p>\n\n<p>O governo foi omisso e irrespons\u00e1vel quando decidiu ignorar os alertas do Deter, ao inv\u00e9s de agir, e o que vemos agora \u00e9 resultado desta deliberada falta de a\u00e7\u00e3o. Mas n\u00e3o podemos permitir que a curva do desmatamento continue subindo.&nbsp;<\/p>\n\n<p><\/p>\n\n<p><strong>Desmatamento sobe, mais risco para a economia&nbsp;&nbsp;<\/strong><br><\/p>\n\n<p>O<strong> <\/strong>desmonte das pol\u00edticas ambientais e o aumento do desmatamento n\u00e3o afetam apenas as popula\u00e7\u00f5es que vivem na floresta, mas tamb\u00e9m a reputa\u00e7\u00e3o do pa\u00eds no mercado internacional. Este ano, no auge da temporada de fogo e diante a ina\u00e7\u00e3o do governo em combat\u00ea-lo, diversas empresas anunciaram a suspens\u00e3o de compra de produtos brasileiros e lideran\u00e7as internacionais apresentaram resist\u00eancia em aprovar o acordo comercial entre a Uni\u00e3o Europeia e o Mercosul. O mercado internacional, do qual a economia do Brasil depende, j\u00e1 n\u00e3o quer mais ter participa\u00e7\u00e3o no desmatamento e em viola\u00e7\u00f5es de direitos humanos.<br><\/p>\n\n<p>Precisamos reverter imediatamente o desmonte ambiental em curso e exigir um plano efetivo de combate ao desmatamento. As empresas que compram produtos como soja e gado do Brasil tamb\u00e9m devem se posicionar contra essa pol\u00edtica antiambiental desastrosa de Bolsonaro, al\u00e9m de acelerarem seus esfor\u00e7os para retirar completamente o desmatamento de suas cadeias produtivas<br><\/p>\n\n<p>O fato \u00e9 que vivemos uma emerg\u00eancia clim\u00e1tica, onde fazer o m\u00ednimo j\u00e1 n\u00e3o \u00e9 suficiente.&nbsp; Neste momento precisamos de mais ambi\u00e7\u00e3o e n\u00e3o uma volta ao passado, como Bolsonaro vem trabalhando duro para fazer. Infelizmente, temos hoje um presidente que age contra o meio ambiente e as nossas florestas. Cabe agora aos brasileiros defend\u00ea-las.<\/p>\n<p><!--HubSpot Call-to-Action Code --><span class=\"hs-cta-wrapper\" id=\"hs-cta-wrapper-9cba6c8b-357b-40de-b0a2-790ca6e99f99\"><span class=\"hs-cta-node hs-cta-9cba6c8b-357b-40de-b0a2-790ca6e99f99\" id=\"hs-cta-9cba6c8b-357b-40de-b0a2-790ca6e99f99\"><\/span><\/span><\/p>\n<div id=\"hs-cta-ie-element\"><\/div>\n<p><script charset=\"utf-8\" src=\"https:\/\/js.hscta.net\/cta\/current.js\"><\/script><script type=\"text\/javascript\">hbspt.cta.load(537105, '9cba6c8b-357b-40de-b0a2-790ca6e99f99', {}); <\/script><!-- end HubSpot Call-to-Action Code --><\/p>\n<div class=\"EmptyMessage\">Block content is empty. Check the block&#8217;s settings or remove it.<\/div>","protected":false},"excerpt":{"rendered":"<p>Com aumento de 30%, dados comprovam tend\u00eancia que vinha sendo apontada pelo Deter<\/p>\n","protected":false},"author":28,"featured_media":13347,"comment_status":"open","ping_status":"closed","sticky":false,"template":"","format":"standard","meta":{"ep_exclude_from_search":false,"p4_og_title":"","p4_og_description":"","p4_og_image":"","p4_og_image_id":"","p4_seo_canonical_url":"","p4_campaign_name":"not set","p4_local_project":"","p4_basket_name":"not set","p4_department":"","footnotes":""},"categories":[3],"tags":[22,26],"p4-page-type":[16],"class_list":["post-13338","post","type-post","status-publish","format-standard","has-post-thumbnail","hentry","category-proteja-a-natureza","tag-florestas","tag-biodiversidade","p4-page-type-blog"],"_links":{"self":[{"href":"https:\/\/www.greenpeace.org\/brasil\/wp-json\/wp\/v2\/posts\/13338","targetHints":{"allow":["GET"]}}],"collection":[{"href":"https:\/\/www.greenpeace.org\/brasil\/wp-json\/wp\/v2\/posts"}],"about":[{"href":"https:\/\/www.greenpeace.org\/brasil\/wp-json\/wp\/v2\/types\/post"}],"author":[{"embeddable":true,"href":"https:\/\/www.greenpeace.org\/brasil\/wp-json\/wp\/v2\/users\/28"}],"replies":[{"embeddable":true,"href":"https:\/\/www.greenpeace.org\/brasil\/wp-json\/wp\/v2\/comments?post=13338"}],"version-history":[{"count":18,"href":"https:\/\/www.greenpeace.org\/brasil\/wp-json\/wp\/v2\/posts\/13338\/revisions"}],"predecessor-version":[{"id":35333,"href":"https:\/\/www.greenpeace.org\/brasil\/wp-json\/wp\/v2\/posts\/13338\/revisions\/35333"}],"wp:featuredmedia":[{"embeddable":true,"href":"https:\/\/www.greenpeace.org\/brasil\/wp-json\/wp\/v2\/media\/13347"}],"wp:attachment":[{"href":"https:\/\/www.greenpeace.org\/brasil\/wp-json\/wp\/v2\/media?parent=13338"}],"wp:term":[{"taxonomy":"category","embeddable":true,"href":"https:\/\/www.greenpeace.org\/brasil\/wp-json\/wp\/v2\/categories?post=13338"},{"taxonomy":"post_tag","embeddable":true,"href":"https:\/\/www.greenpeace.org\/brasil\/wp-json\/wp\/v2\/tags?post=13338"},{"taxonomy":"p4-page-type","embeddable":true,"href":"https:\/\/www.greenpeace.org\/brasil\/wp-json\/wp\/v2\/p4-page-type?post=13338"}],"curies":[{"name":"wp","href":"https:\/\/api.w.org\/{rel}","templated":true}]}}