{"id":13520,"date":"2019-11-25T19:41:26","date_gmt":"2019-11-25T22:41:26","guid":{"rendered":"https:\/\/www.greenpeace.org\/brasil\/?p=13520"},"modified":"2023-08-23T00:05:13","modified_gmt":"2023-08-23T03:05:13","slug":"moradores-do-sul-da-bahia-desenvolvem-barreiras-de-protecao-ao-petroleo","status":"publish","type":"post","link":"https:\/\/www.greenpeace.org\/brasil\/blog\/moradores-do-sul-da-bahia-desenvolvem-barreiras-de-protecao-ao-petroleo\/","title":{"rendered":"Moradores do sul da Bahia desenvolvem barreiras de prote\u00e7\u00e3o ao petr\u00f3leo"},"content":{"rendered":"\n<h4 class=\"wp-block-heading\">Em Caravelas e Mara\u00fa, volunt\u00e1rios desenvolvem tecnologias de conten\u00e7\u00e3o do \u00f3leo para proteger o ecossistema vulner\u00e1vel dos mangues; t\u00e9cnicas podem ser adaptadas para cada caso<\/h4>\n\n<figure class=\"wp-block-image size-large  caption-style-blue-overlay caption-alignment-center\"><img loading=\"lazy\" decoding=\"async\" width=\"1024\" height=\"767\" src=\"https:\/\/www.greenpeace.org\/static\/planet4-brasil-stateless\/2019\/11\/e4a33590-barreira-conten\u00e7\u00e3o2-1024x767.jpeg\" alt=\"\" class=\"wp-image-13522\" srcset=\"https:\/\/www.greenpeace.org\/static\/planet4-brasil-stateless\/2019\/11\/e4a33590-barreira-conten\u00e7\u00e3o2-1024x767.jpeg 1024w, https:\/\/www.greenpeace.org\/static\/planet4-brasil-stateless\/2019\/11\/e4a33590-barreira-conten\u00e7\u00e3o2-300x225.jpeg 300w, https:\/\/www.greenpeace.org\/static\/planet4-brasil-stateless\/2019\/11\/e4a33590-barreira-conten\u00e7\u00e3o2-768x575.jpeg 768w, https:\/\/www.greenpeace.org\/static\/planet4-brasil-stateless\/2019\/11\/e4a33590-barreira-conten\u00e7\u00e3o2-454x340.jpeg 454w, https:\/\/www.greenpeace.org\/static\/planet4-brasil-stateless\/2019\/11\/e4a33590-barreira-conten\u00e7\u00e3o2.jpeg 1280w\" sizes=\"auto, (max-width: 1024px) 100vw, 1024px\" \/><figcaption>Eco-barreira criada em Caravelas para direcionar o \u00f3leo a um ponto espec\u00edfico da praia, onde \u00e9 coletado mais facilmente. Foto: Nilmar Lage \/ Greenpeace<\/figcaption><\/figure>\n\n<p>Em meio ao caos, ao calor e \u00e0s fake news, quem tem tomado a frente para minimizar o impacto da polui\u00e7\u00e3o causada pelo <a href=\"https:\/\/www.greenpeace.org\/brasil\/blog\/apagao-em-alto-mar\/\">maior crime ambiental de derramamento de petr\u00f3leo no Brasil<\/a>, \u00e9 o povo. Em Caravelas, o professor Anders Schmidt, da Universidade Federal do Sul da Bahia, desenvolveu, com ajuda de empresas locais, ONGs e pescadores, uma tecnologia de barreiras aqu\u00e1ticas para conter a chegada do \u00f3leo no mangue.<br><\/p>\n\n<p>A conten\u00e7\u00e3o projetada por Anders \u00e9 formada por uma manta imperme\u00e1vel, ancorada na entrada da foz do rio e sustentada por tubos de a\u00e7o e troncos de eucalipto. A barreira atua de acordo com o movimento dos ventos e das mar\u00e9s, arrastando o petr\u00f3leo pela \u00e1gua at\u00e9 que ele chegue a um um trecho da praia chamado de \u201czona de sacrif\u00edcio\u201d. A barreira precisa receber manuten\u00e7\u00e3o constante, assim como \u00e9 necess\u00e1rio que se limpe a zona de sacrif\u00edcio sempre que houver dep\u00f3sito de petr\u00f3leo no local. <a href=\"https:\/\/www.sulbahianews.com.br\/professor-da-ufsb-realiza-testes-em-praias-de-caravelas-afetadas-pelo-oleo\/\">Veja detalhes t\u00e9cnicos da barreira<\/a>.<br><\/p>\n<div data-render=\"planet4-blocks\/gallery\" data-attributes=\"{&quot;attributes&quot;:{&quot;gallery_block_title&quot;:&quot;&quot;,&quot;gallery_block_description&quot;:&quot;&quot;,&quot;multiple_image&quot;:&quot;13525,13527,13528,13529&quot;,&quot;image_data&quot;:[{&quot;url&quot;:&quot;https:\\\/\\\/www.greenpeace.org\\\/static\\\/planet4-brasil-stateless\\\/2019\\\/11\\\/24511af9-barreira-conten\\u00e7\\u00e3o.jpeg&quot;,&quot;focalPoint&quot;:{&quot;x&quot;:0.5,&quot;y&quot;:0.5},&quot;id&quot;:&quot;13525&quot;},{&quot;url&quot;:&quot;https:\\\/\\\/www.greenpeace.org\\\/static\\\/planet4-brasil-stateless\\\/2019\\\/11\\\/ea5cddfd-barreira-conten\\u00e7\\u00e3o1.jpeg&quot;,&quot;focalPoint&quot;:{&quot;x&quot;:0.5,&quot;y&quot;:0.5},&quot;id&quot;:&quot;13527&quot;},{&quot;url&quot;:&quot;https:\\\/\\\/www.greenpeace.org\\\/static\\\/planet4-brasil-stateless\\\/2019\\\/11\\\/fe2bf718-barreira-conten\\u00e7\\u00e3o3.jpeg&quot;,&quot;focalPoint&quot;:{&quot;x&quot;:0.5,&quot;y&quot;:0.5},&quot;id&quot;:&quot;13528&quot;},{&quot;url&quot;:&quot;https:\\\/\\\/www.greenpeace.org\\\/static\\\/planet4-brasil-stateless\\\/2019\\\/11\\\/ff56684a-barreira-conten\\u00e7\\u00e3o4.jpeg&quot;,&quot;focalPoint&quot;:{&quot;x&quot;:0.5,&quot;y&quot;:0.5},&quot;id&quot;:&quot;13529&quot;}],&quot;gallery_block_style&quot;:0,&quot;gallery_block_focus_points&quot;:&quot;&quot;,&quot;images&quot;:[{&quot;image_src&quot;:&quot;https:\\\/\\\/www.greenpeace.org\\\/static\\\/planet4-brasil-stateless\\\/2019\\\/11\\\/24511af9-barreira-conten\\u00e7\\u00e3o.jpeg&quot;,&quot;image_srcset&quot;:&quot;https:\\\/\\\/www.greenpeace.org\\\/static\\\/planet4-brasil-stateless\\\/2019\\\/11\\\/24511af9-barreira-conten\\u00e7\\u00e3o.jpeg 1280w, https:\\\/\\\/www.greenpeace.org\\\/static\\\/planet4-brasil-stateless\\\/2019\\\/11\\\/24511af9-barreira-conten\\u00e7\\u00e3o-300x200.jpeg 300w, https:\\\/\\\/www.greenpeace.org\\\/static\\\/planet4-brasil-stateless\\\/2019\\\/11\\\/24511af9-barreira-conten\\u00e7\\u00e3o-1024x682.jpeg 1024w, https:\\\/\\\/www.greenpeace.org\\\/static\\\/planet4-brasil-stateless\\\/2019\\\/11\\\/24511af9-barreira-conten\\u00e7\\u00e3o-768x512.jpeg 768w, https:\\\/\\\/www.greenpeace.org\\\/static\\\/planet4-brasil-stateless\\\/2019\\\/11\\\/24511af9-barreira-conten\\u00e7\\u00e3o-510x340.jpeg 510w&quot;,&quot;image_sizes&quot;:false,&quot;alt_text&quot;:&quot;&quot;,&quot;caption&quot;:&quot;Uma das extremidades da barreira fica na areia da praia, em um local chamado de \\u201czona de sacrif\\u00edcio\\u201d: \\u00e9 nessa \\u00e1rea que o petr\\u00f3leo barrado se deposita. Fotos: Nilmar Lage\\\/ Greenpeace&quot;,&quot;focus_image&quot;:&quot;&quot;,&quot;credits&quot;:&quot;&quot;},{&quot;image_src&quot;:&quot;https:\\\/\\\/www.greenpeace.org\\\/static\\\/planet4-brasil-stateless\\\/2019\\\/11\\\/ea5cddfd-barreira-conten\\u00e7\\u00e3o1.jpeg&quot;,&quot;image_srcset&quot;:&quot;https:\\\/\\\/www.greenpeace.org\\\/static\\\/planet4-brasil-stateless\\\/2019\\\/11\\\/ea5cddfd-barreira-conten\\u00e7\\u00e3o1.jpeg 1280w, https:\\\/\\\/www.greenpeace.org\\\/static\\\/planet4-brasil-stateless\\\/2019\\\/11\\\/ea5cddfd-barreira-conten\\u00e7\\u00e3o1-300x200.jpeg 300w, https:\\\/\\\/www.greenpeace.org\\\/static\\\/planet4-brasil-stateless\\\/2019\\\/11\\\/ea5cddfd-barreira-conten\\u00e7\\u00e3o1-1024x682.jpeg 1024w, https:\\\/\\\/www.greenpeace.org\\\/static\\\/planet4-brasil-stateless\\\/2019\\\/11\\\/ea5cddfd-barreira-conten\\u00e7\\u00e3o1-768x512.jpeg 768w, https:\\\/\\\/www.greenpeace.org\\\/static\\\/planet4-brasil-stateless\\\/2019\\\/11\\\/ea5cddfd-barreira-conten\\u00e7\\u00e3o1-510x340.jpeg 510w&quot;,&quot;image_sizes&quot;:false,&quot;alt_text&quot;:&quot;&quot;,&quot;caption&quot;:&quot;Volunt\\u00e1rios participam da instala\\u00e7\\u00e3o da barreira de conten\\u00e7\\u00e3o. Foto: Nilmar Lage \\\/ Greenpeace&quot;,&quot;focus_image&quot;:&quot;&quot;,&quot;credits&quot;:&quot;&quot;},{&quot;image_src&quot;:&quot;https:\\\/\\\/www.greenpeace.org\\\/static\\\/planet4-brasil-stateless\\\/2019\\\/11\\\/fe2bf718-barreira-conten\\u00e7\\u00e3o3.jpeg&quot;,&quot;image_srcset&quot;:&quot;https:\\\/\\\/www.greenpeace.org\\\/static\\\/planet4-brasil-stateless\\\/2019\\\/11\\\/fe2bf718-barreira-conten\\u00e7\\u00e3o3.jpeg 1280w, https:\\\/\\\/www.greenpeace.org\\\/static\\\/planet4-brasil-stateless\\\/2019\\\/11\\\/fe2bf718-barreira-conten\\u00e7\\u00e3o3-300x200.jpeg 300w, https:\\\/\\\/www.greenpeace.org\\\/static\\\/planet4-brasil-stateless\\\/2019\\\/11\\\/fe2bf718-barreira-conten\\u00e7\\u00e3o3-1024x682.jpeg 1024w, https:\\\/\\\/www.greenpeace.org\\\/static\\\/planet4-brasil-stateless\\\/2019\\\/11\\\/fe2bf718-barreira-conten\\u00e7\\u00e3o3-768x512.jpeg 768w, https:\\\/\\\/www.greenpeace.org\\\/static\\\/planet4-brasil-stateless\\\/2019\\\/11\\\/fe2bf718-barreira-conten\\u00e7\\u00e3o3-510x340.jpeg 510w&quot;,&quot;image_sizes&quot;:false,&quot;alt_text&quot;:&quot;&quot;,&quot;caption&quot;:&quot;O bi\\u00f3logo marinho Anders Schmidt, que criou a barreira de conten\\u00e7\\u00e3o, \\u00e9 especialista no caranguejo-u\\u00e7\\u00e1. Foto: Nilmar Lage \\\/ Greenpeace &quot;,&quot;focus_image&quot;:&quot;&quot;,&quot;credits&quot;:&quot;&quot;},{&quot;image_src&quot;:&quot;https:\\\/\\\/www.greenpeace.org\\\/static\\\/planet4-brasil-stateless\\\/2019\\\/11\\\/ff56684a-barreira-conten\\u00e7\\u00e3o4.jpeg&quot;,&quot;image_srcset&quot;:&quot;https:\\\/\\\/www.greenpeace.org\\\/static\\\/planet4-brasil-stateless\\\/2019\\\/11\\\/ff56684a-barreira-conten\\u00e7\\u00e3o4.jpeg 1280w, https:\\\/\\\/www.greenpeace.org\\\/static\\\/planet4-brasil-stateless\\\/2019\\\/11\\\/ff56684a-barreira-conten\\u00e7\\u00e3o4-300x200.jpeg 300w, https:\\\/\\\/www.greenpeace.org\\\/static\\\/planet4-brasil-stateless\\\/2019\\\/11\\\/ff56684a-barreira-conten\\u00e7\\u00e3o4-1024x682.jpeg 1024w, https:\\\/\\\/www.greenpeace.org\\\/static\\\/planet4-brasil-stateless\\\/2019\\\/11\\\/ff56684a-barreira-conten\\u00e7\\u00e3o4-768x512.jpeg 768w, https:\\\/\\\/www.greenpeace.org\\\/static\\\/planet4-brasil-stateless\\\/2019\\\/11\\\/ff56684a-barreira-conten\\u00e7\\u00e3o4-510x340.jpeg 510w&quot;,&quot;image_sizes&quot;:false,&quot;alt_text&quot;:&quot;&quot;,&quot;caption&quot;:&quot;Volunt\\u00e1rios fazem a retirada do \\u00f3leo na areia da praia, em Caravelas. Foto: Nilmar Lage \\\/ Greenpeace&quot;,&quot;focus_image&quot;:&quot;&quot;,&quot;credits&quot;:&quot;&quot;}]}}\"><\/div>\n<p><strong>Em Piracanga, na pen\u00ednsula de Mara\u00fa,<\/strong> o fot\u00f3grafo Willians Gomes reuniu uma equipe de moradores para desenvolverem, juntos, uma ecobarreira, criando filtros que barram a entrada do \u00f3leo e permitem a passagem de peixes e outros animais marinhos pela foz do rio Piracanga.<\/p>\n\n<p>Quando os primeiros fragmentos de \u00f3leo apareceram, a barreira foi rapidamente constru\u00edda com materiais que tinham dispon\u00edveis. S\u00e3o quatro redes de conten\u00e7\u00e3o, feitas com sombrite (uma tela de pl\u00e1stico, usada em viveiros de plantas), cascas de coco (que s\u00e3o abundantes na regi\u00e3o) e garrafas de pl\u00e1stico (colhidas nas ruas). Dois \u00faltimos filtros feitos de manta absorvente ainda ser\u00e3o instalados para captar part\u00edculas menores do \u00f3leo.<br><\/p>\n<div data-render=\"planet4-blocks\/gallery\" data-attributes=\"{&quot;attributes&quot;:{&quot;gallery_block_title&quot;:&quot;&quot;,&quot;gallery_block_description&quot;:&quot;&quot;,&quot;multiple_image&quot;:&quot;13531,13532,13533&quot;,&quot;image_data&quot;:[{&quot;url&quot;:&quot;https:\\\/\\\/www.greenpeace.org\\\/static\\\/planet4-brasil-stateless\\\/2019\\\/11\\\/0b191c2f-barreira-conten\\u00e7\\u00e3o7.jpeg&quot;,&quot;focalPoint&quot;:{&quot;x&quot;:0.5,&quot;y&quot;:0.5},&quot;id&quot;:&quot;13531&quot;},{&quot;url&quot;:&quot;https:\\\/\\\/www.greenpeace.org\\\/static\\\/planet4-brasil-stateless\\\/2019\\\/11\\\/ef206807-barreira-conten\\u00e7\\u00e3o6.jpeg&quot;,&quot;focalPoint&quot;:{&quot;x&quot;:0.5,&quot;y&quot;:0.5},&quot;id&quot;:&quot;13532&quot;},{&quot;url&quot;:&quot;https:\\\/\\\/www.greenpeace.org\\\/static\\\/planet4-brasil-stateless\\\/2019\\\/11\\\/97ca9981-barreira-conten\\u00e7\\u00e3o5.jpeg&quot;,&quot;focalPoint&quot;:{&quot;x&quot;:0.5,&quot;y&quot;:0.5},&quot;id&quot;:&quot;13533&quot;}],&quot;gallery_block_style&quot;:0,&quot;gallery_block_focus_points&quot;:&quot;&quot;,&quot;images&quot;:[{&quot;image_src&quot;:&quot;https:\\\/\\\/www.greenpeace.org\\\/static\\\/planet4-brasil-stateless\\\/2019\\\/11\\\/0b191c2f-barreira-conten\\u00e7\\u00e3o7.jpeg&quot;,&quot;image_srcset&quot;:&quot;https:\\\/\\\/www.greenpeace.org\\\/static\\\/planet4-brasil-stateless\\\/2019\\\/11\\\/0b191c2f-barreira-conten\\u00e7\\u00e3o7.jpeg 1280w, https:\\\/\\\/www.greenpeace.org\\\/static\\\/planet4-brasil-stateless\\\/2019\\\/11\\\/0b191c2f-barreira-conten\\u00e7\\u00e3o7-300x225.jpeg 300w, https:\\\/\\\/www.greenpeace.org\\\/static\\\/planet4-brasil-stateless\\\/2019\\\/11\\\/0b191c2f-barreira-conten\\u00e7\\u00e3o7-1024x767.jpeg 1024w, https:\\\/\\\/www.greenpeace.org\\\/static\\\/planet4-brasil-stateless\\\/2019\\\/11\\\/0b191c2f-barreira-conten\\u00e7\\u00e3o7-768x575.jpeg 768w, https:\\\/\\\/www.greenpeace.org\\\/static\\\/planet4-brasil-stateless\\\/2019\\\/11\\\/0b191c2f-barreira-conten\\u00e7\\u00e3o7-454x340.jpeg 454w&quot;,&quot;image_sizes&quot;:false,&quot;alt_text&quot;:&quot;&quot;,&quot;caption&quot;:&quot;Todos os dias, \\u00e9 preciso recolher as part\\u00edculas de petr\\u00f3leo que se alojam na areia da praia, perto da foz do rio; essas part\\u00edculas s\\u00e3o impedidas de entrar no mangue atrav\\u00e9s do sistema de filtros da barreira. Foto: Nilmar Lage \\\/ Greenpeace&quot;,&quot;focus_image&quot;:&quot;&quot;,&quot;credits&quot;:&quot;&quot;},{&quot;image_src&quot;:&quot;https:\\\/\\\/www.greenpeace.org\\\/static\\\/planet4-brasil-stateless\\\/2019\\\/11\\\/ef206807-barreira-conten\\u00e7\\u00e3o6.jpeg&quot;,&quot;image_srcset&quot;:&quot;https:\\\/\\\/www.greenpeace.org\\\/static\\\/planet4-brasil-stateless\\\/2019\\\/11\\\/ef206807-barreira-conten\\u00e7\\u00e3o6.jpeg 1280w, https:\\\/\\\/www.greenpeace.org\\\/static\\\/planet4-brasil-stateless\\\/2019\\\/11\\\/ef206807-barreira-conten\\u00e7\\u00e3o6-300x200.jpeg 300w, https:\\\/\\\/www.greenpeace.org\\\/static\\\/planet4-brasil-stateless\\\/2019\\\/11\\\/ef206807-barreira-conten\\u00e7\\u00e3o6-1024x682.jpeg 1024w, https:\\\/\\\/www.greenpeace.org\\\/static\\\/planet4-brasil-stateless\\\/2019\\\/11\\\/ef206807-barreira-conten\\u00e7\\u00e3o6-768x512.jpeg 768w, https:\\\/\\\/www.greenpeace.org\\\/static\\\/planet4-brasil-stateless\\\/2019\\\/11\\\/ef206807-barreira-conten\\u00e7\\u00e3o6-510x340.jpeg 510w&quot;,&quot;image_sizes&quot;:false,&quot;alt_text&quot;:&quot;&quot;,&quot;caption&quot;:&quot;O sistema de filtros instalado na foz do rio Piracanga, na pen\\u00ednsula de Mara\\u00fa, foi constru\\u00eddo com materiais encontrados na regi\\u00e3o. Foto: Nilmar Lage \\\/ Greenpeace&quot;,&quot;focus_image&quot;:&quot;&quot;,&quot;credits&quot;:&quot;&quot;},{&quot;image_src&quot;:&quot;https:\\\/\\\/www.greenpeace.org\\\/static\\\/planet4-brasil-stateless\\\/2019\\\/11\\\/97ca9981-barreira-conten\\u00e7\\u00e3o5.jpeg&quot;,&quot;image_srcset&quot;:&quot;https:\\\/\\\/www.greenpeace.org\\\/static\\\/planet4-brasil-stateless\\\/2019\\\/11\\\/97ca9981-barreira-conten\\u00e7\\u00e3o5.jpeg 1280w, https:\\\/\\\/www.greenpeace.org\\\/static\\\/planet4-brasil-stateless\\\/2019\\\/11\\\/97ca9981-barreira-conten\\u00e7\\u00e3o5-300x200.jpeg 300w, https:\\\/\\\/www.greenpeace.org\\\/static\\\/planet4-brasil-stateless\\\/2019\\\/11\\\/97ca9981-barreira-conten\\u00e7\\u00e3o5-1024x682.jpeg 1024w, https:\\\/\\\/www.greenpeace.org\\\/static\\\/planet4-brasil-stateless\\\/2019\\\/11\\\/97ca9981-barreira-conten\\u00e7\\u00e3o5-768x512.jpeg 768w, https:\\\/\\\/www.greenpeace.org\\\/static\\\/planet4-brasil-stateless\\\/2019\\\/11\\\/97ca9981-barreira-conten\\u00e7\\u00e3o5-510x340.jpeg 510w&quot;,&quot;image_sizes&quot;:false,&quot;alt_text&quot;:&quot;&quot;,&quot;caption&quot;:&quot;Equipamentos repletos do \\u00f3leo coletado nas barreiras. \\u00a9 Nilmar Lage \\\/ Greenpeace&quot;,&quot;focus_image&quot;:&quot;&quot;,&quot;credits&quot;:&quot;&quot;}]}}\"><\/div>\n<p>\u201cQuando estiver conclu\u00eddo, o filtro do rio Piracanga ter\u00e1 seis etapas. Esse sistema tem conseguido filtrar 99% do petr\u00f3leo que chega em part\u00edculas. As mantas devem absorver o \u00f3leo dilu\u00eddo, que fica boiando na superf\u00edcie da \u00e1gua\u201d, diz Williams.<\/p>\n\n<figure class=\"wp-block-embed-youtube wp-block-embed is-type-video is-provider-youtube wp-embed-aspect-16-9 wp-has-aspect-ratio\"><div class=\"wp-block-embed__wrapper\">\n<lite-youtube style=\"background-image: url('https:\/\/i.ytimg.com\/vi\/Z2YhT-sllf8\/hqdefault.jpg');\" videoid=\"Z2YhT-sllf8\" params=\"rel=0\"><\/lite-youtube>\n<\/div><\/figure>\n\n<h4 class=\"wp-block-heading\"><strong>O que o mangue tem de especial?<\/strong><\/h4>\n\n<p>Esse ecossistema vulner\u00e1vel \u00e0 mudan\u00e7as ambientais \u00e9 a fonte de renda de milhares de fam\u00edlias do Nordeste que praticamente n\u00e3o existem para o governo. Ele est\u00e1 presente em mais de um milh\u00e3o de hectares em quase todo o litoral brasileiro, do Oiapoque \u00e0 Santa Catarina, e presente em todos os estados do Nordeste.<br><\/p>\n\n<p>Quando a mar\u00e9 enche, o petr\u00f3leo que chega do mar avan\u00e7a pela foz dos rios, atingindo em cheio os manguezais. <strong>O mangue \u00e9 um ecossistema rico, important\u00edssimo para a manuten\u00e7\u00e3o da vida no mar, na \u00e1gua doce, na terra e no ar<\/strong>, j\u00e1 que ali vivem representantes de todos os elos da cadeia alimentar e \u00e9 o ber\u00e7\u00e1rio de esp\u00e9cies fundamentais para o equil\u00edbrio ecol\u00f3gico e a economia da sociedade.<br><\/p>\n\n<p>Quando o mangue est\u00e1 sujo, o preju\u00edzo \u00e9 grande. No Nordeste, grande parte dos moradores das vilas mais pobres na regi\u00e3o litor\u00e2nea dependem deles para sobreviver. \u00c9 ali que essas pessoas coletam artesanalmente crust\u00e1ceos e mariscos que garantem sua subsist\u00eancia.<\/p>\n\n<p>Com o <a href=\"https:\/\/noticias.uol.com.br\/ultimas-noticias\/agencia-estado\/2019\/10\/24\/oleo-afeta-mercado-de-pescado-e-estudo-da-ufba-alerta-sobre-contaminacao.htm\">risco dos animais estarem contaminados pelo petr\u00f3leo<\/a>, as fam\u00edlias n\u00e3o conseguem vender seus produtos e correm o risco de passar fome. Para piorar a situa\u00e7\u00e3o desse ecossistema fr\u00e1gil, no in\u00edcio de novembro, enquanto o desastre ambiental acontecia, o governo Bolsonaro <a href=\"https:\/\/exame.abril.com.br\/brasil\/em-meio-a-crise-do-oleo-governo-retira-diretriz-de-protecao-de-manguezal\/\">retirou diretrizes para proteger os manguezais brasileiros<\/a>.<br><\/p>\n\n<p>O governo, al\u00e9m de agir de forma morosa em rela\u00e7\u00e3o ao petr\u00f3leo no Nordeste, est\u00e1 liberando a destrui\u00e7\u00e3o da nossa natureza. N\u00e3o vamos deixar que isso aconte\u00e7a. <a href=\"https:\/\/www.greenpeace.org.br\/parem-a-destruicao-ambiental?_ga=2.109288579.76573579.1574688895-1018853360.1571760266\">Participe do abaixo-assinado<\/a> e ajude-nos a pressionar para que o governo <strong>Pare a Destrui\u00e7\u00e3o Ambiental<\/strong>. <\/p>\n\n<p><\/p>\n<div class=\"EmptyMessage\">Block content is empty. Check the block&#8217;s settings or remove it.<\/div>","protected":false},"excerpt":{"rendered":"<p>Em Caravelas e Mara\u00fa, volunt\u00e1rios desenvolvem tecnologias de conten\u00e7\u00e3o do \u00f3leo para proteger o ecossistema vulner\u00e1vel dos mangues; t\u00e9cnicas podem ser adaptadas para cada caso<\/p>\n","protected":false},"author":61,"featured_media":13522,"comment_status":"open","ping_status":"closed","sticky":false,"template":"","format":"standard","meta":{"ep_exclude_from_search":false,"p4_og_title":"","p4_og_description":"","p4_og_image":"","p4_og_image_id":"","p4_seo_canonical_url":"","p4_campaign_name":"not set","p4_local_project":"","p4_basket_name":"not set","p4_department":"","footnotes":""},"categories":[64,2],"tags":[7,27],"p4-page-type":[16],"class_list":["post-13520","post","type-post","status-publish","format-standard","has-post-thumbnail","hentry","category-oceanos","category-transforme-a-sociedade","tag-energia","tag-oceanos","p4-page-type-blog"],"_links":{"self":[{"href":"https:\/\/www.greenpeace.org\/brasil\/wp-json\/wp\/v2\/posts\/13520","targetHints":{"allow":["GET"]}}],"collection":[{"href":"https:\/\/www.greenpeace.org\/brasil\/wp-json\/wp\/v2\/posts"}],"about":[{"href":"https:\/\/www.greenpeace.org\/brasil\/wp-json\/wp\/v2\/types\/post"}],"author":[{"embeddable":true,"href":"https:\/\/www.greenpeace.org\/brasil\/wp-json\/wp\/v2\/users\/61"}],"replies":[{"embeddable":true,"href":"https:\/\/www.greenpeace.org\/brasil\/wp-json\/wp\/v2\/comments?post=13520"}],"version-history":[{"count":18,"href":"https:\/\/www.greenpeace.org\/brasil\/wp-json\/wp\/v2\/posts\/13520\/revisions"}],"predecessor-version":[{"id":35329,"href":"https:\/\/www.greenpeace.org\/brasil\/wp-json\/wp\/v2\/posts\/13520\/revisions\/35329"}],"wp:featuredmedia":[{"embeddable":true,"href":"https:\/\/www.greenpeace.org\/brasil\/wp-json\/wp\/v2\/media\/13522"}],"wp:attachment":[{"href":"https:\/\/www.greenpeace.org\/brasil\/wp-json\/wp\/v2\/media?parent=13520"}],"wp:term":[{"taxonomy":"category","embeddable":true,"href":"https:\/\/www.greenpeace.org\/brasil\/wp-json\/wp\/v2\/categories?post=13520"},{"taxonomy":"post_tag","embeddable":true,"href":"https:\/\/www.greenpeace.org\/brasil\/wp-json\/wp\/v2\/tags?post=13520"},{"taxonomy":"p4-page-type","embeddable":true,"href":"https:\/\/www.greenpeace.org\/brasil\/wp-json\/wp\/v2\/p4-page-type?post=13520"}],"curies":[{"name":"wp","href":"https:\/\/api.w.org\/{rel}","templated":true}]}}