{"id":13755,"date":"2019-12-04T10:00:00","date_gmt":"2019-12-04T13:00:00","guid":{"rendered":"https:\/\/www.greenpeace.org\/brasil\/?p=13755"},"modified":"2024-05-27T09:16:22","modified_gmt":"2024-05-27T12:16:22","slug":"a-crise-climatica-e-reflexo-do-que-acontece-com-os-oceanos-diz-relatorio","status":"publish","type":"post","link":"https:\/\/www.greenpeace.org\/brasil\/blog\/a-crise-climatica-e-reflexo-do-que-acontece-com-os-oceanos-diz-relatorio\/","title":{"rendered":"A crise clim\u00e1tica \u00e9 reflexo do que acontece com os oceanos, diz relat\u00f3rio"},"content":{"rendered":"\n<h4 class=\"wp-block-heading\">Novo relat\u00f3rio do Greenpeace mostra como o aumento das temperaturas da Terra est\u00e1 conectado ao bem-estar dos oceanos, e as sa\u00eddas para evitarmos um colapso nos ecossistemas marinhos<br><\/h4>\n\n<p>\u00c9 um ciclo vicioso: se o clima esquenta, o n\u00edvel da \u00e1gua nos oceanos aumenta, impactando a biodiversidade e, consequentemente, a humanidade. Isso \u00e9 o que est\u00e1 acontecendo no momento atual e precisamos mudar esse cen\u00e1rio.&nbsp;<br><\/p>\n\n<figure class=\"wp-block-image size-large caption-style-blue-overlay caption-alignment-center\"><img loading=\"lazy\" decoding=\"async\" width=\"800\" height=\"534\" src=\"https:\/\/www.greenpeace.org\/static\/planet4-brasil-stateless\/2019\/12\/cf0b8907-gp0stqm9l_web_size.jpg\" alt=\"\" class=\"wp-image-13756\" srcset=\"https:\/\/www.greenpeace.org\/static\/planet4-brasil-stateless\/2019\/12\/cf0b8907-gp0stqm9l_web_size.jpg 800w, https:\/\/www.greenpeace.org\/static\/planet4-brasil-stateless\/2019\/12\/cf0b8907-gp0stqm9l_web_size-300x200.jpg 300w, https:\/\/www.greenpeace.org\/static\/planet4-brasil-stateless\/2019\/12\/cf0b8907-gp0stqm9l_web_size-768x513.jpg 768w, https:\/\/www.greenpeace.org\/static\/planet4-brasil-stateless\/2019\/12\/cf0b8907-gp0stqm9l_web_size-510x340.jpg 510w\" sizes=\"auto, (max-width: 800px) 100vw, 800px\" \/><figcaption>Recife de corais, na Tail\u00e2ndia. Uma \u00e1rea em risco devido aos planos de constru\u00e7\u00e3o de um porto. Foto: \n\u00a9 Sirachai Arunrugstichai \/ Greenpeace <\/figcaption><\/figure>\n\n<p>O colapso dos oceanos, devido ao uso de combust\u00edveis f\u00f3sseis, \u00e9 r\u00e1pido e se d\u00e1 em larga escala, j\u00e1 impactando a estrutura e as fun\u00e7\u00f5es do ecossistema em todo e resultando no aquecimento, no aumento do n\u00edvel do mar, na acidifica\u00e7\u00e3o e desoxigena\u00e7\u00e3o das \u00e1guas. Isso \u00e9 o que declara o novo relat\u00f3rio do Greenpeace \u201cEm \u00e1gua quente: a crise clim\u00e1tica e a necessidade urgente de prote\u00e7\u00e3o do oceano\u201d (no original:<em> <\/em><a href=\"https:\/\/greenpeace.org\/international\/in-hot-water\/\"><em>In Hot Water: The Climate Crisis and the Urgent Need for Ocean Protection<\/em><\/a><em>, <\/em>sem tradu\u00e7\u00e3o para o portugu\u00eas).<br><br>&#8220;A qu\u00edmica dos oceanos est\u00e1 mudando. Para as pessoas e para a vida selvagem, a crise clim\u00e1tica \u00e9 uma crise oce\u00e2nica e j\u00e1 estamos em \u00e1guas quentes\u201d, disse Taehyun Park, consultor pol\u00edtico clim\u00e1tico global do Greenpeace no Leste Asi\u00e1tico. &#8220;O oceano \u00e9 um meio de subsist\u00eancia para muitas pessoas, \u00e9 fonte de alimentos para milh\u00f5es e fornece o oxig\u00eanio respiramos\u201d, completou.<\/p>\n\n<p>O relat\u00f3rio, al\u00e9m de abordar o problema clim\u00e1tico, pede aos l\u00edderes mundiais provid\u00eancias, aproveitando uma s\u00e9rie de eventos que v\u00e3o acontecer ao longo do ano que vem &#8211; uma janela de oportunidade \u00fanica para abordar o colapso clim\u00e1tico, a perda de biodiversidade e a prote\u00e7\u00e3o dos oceanos. Em 2020, acontecer\u00e1, por exemplo, uma reuni\u00e3o sobre clima no Reino Unido e na Espanha, nos quais, espera-se, um Tratado Global dos Oceanos possa ser acordado. E, em outubro, se dar\u00e1 a Conven\u00e7\u00e3o de Biodiversidade Biol\u00f3gica na China. <br><\/p>\n\n<p>Se protegermos pelo menos 30% dos oceanos com uma rede de santu\u00e1rios, os ecossistemas marinhos podem criar resist\u00eancia e suportar melhor as mudan\u00e7as clim\u00e1ticas. Al\u00e9m disso, poder\u00e3o ajudar a mitigar a degrada\u00e7\u00e3o do clima, protegendo o armazenamento de carbono. <br><br>O novo estudo do Greenpeace ainda identifica os ecossistemas na linha de frente dos impactos clim\u00e1ticos e recomenda \u00e1reas priorit\u00e1rias <a href=\"https:\/\/www.greenpeace.org\/brasil\/blog\/por-que-devemos-proteger-30-dos-oceanos\/\">para os governos protegerem com santu\u00e1rios marinhos.<\/a> Entre eles, estariam o \u00c1rtico e a Ant\u00e1rtida, \u00e1reas de recifes de corais, manguezais, prados de ervas marinhas, o Mar dos Sarga\u00e7os no Atl\u00e2ntico e as zonas ultra profundas, que devem permanecer fora do alcance da ind\u00fastria de minera\u00e7\u00e3o. &#8220;A ci\u00eancia n\u00e3o \u00e9 um debate, \u00e9 uma receita&#8221;, disse Park. <\/p>\n\n<p>\u201cOs governos precisam reduzir drasticamente nossas emiss\u00f5es de combust\u00edveis f\u00f3sseis e criar urgentemente uma rede de santu\u00e1rios oce\u00e2nicos, que sejam livres de atividades humanas prejudiciais. Esses espa\u00e7os seguros permitiriam a recupera\u00e7\u00e3o de nossos oceanos e animais e, por sua vez, nos ajudariam a evitar os piores impactos da emerg\u00eancia clim\u00e1tica\u201d, afirmou.&nbsp;<br><\/p>\n\n<p>O relat\u00f3rio foi lan\u00e7ado enquanto o Greenpeace It\u00e1lia inaugurou uma esta\u00e7\u00e3o-piloto para monitorar o aumento das temperaturas no Mar Mediterr\u00e2neo, um ponto importante para os impactos clim\u00e1ticos. Um Tratado Global dos Oceanos da ONU aumentaria a capacidade dos governos do Mediterr\u00e2neo de agir coletivamente para proteger a vida marinha.<br><br>Quer fazer a sua parte na prote\u00e7\u00e3o dos oceanos? <a href=\"https:\/\/www.greenpeace.org.br\/proteja-os-oceanos\">Entre em nosso abaixo-assinado e apoie a cria\u00e7\u00e3o de um Tratado Global dos Oceanos<\/a><br><\/p>\n","protected":false},"excerpt":{"rendered":"<p>Novo relat\u00f3rio do Greenpeace mostra como o aumento das temperaturas da Terra est\u00e1 conectado ao bem-estar dos oceanos, e as sa\u00eddas para evitarmos um colapso nos ecossistemas marinhos<\/p>\n","protected":false},"author":25,"featured_media":13756,"comment_status":"open","ping_status":"closed","sticky":false,"template":"","format":"standard","meta":{"ep_exclude_from_search":false,"p4_og_title":"","p4_og_description":"","p4_og_image":"","p4_og_image_id":"","p4_seo_canonical_url":"","p4_campaign_name":"not set","p4_local_project":"","p4_basket_name":"not set","p4_department":"","footnotes":""},"categories":[64,3],"tags":[6,27],"p4-page-type":[16],"class_list":["post-13755","post","type-post","status-publish","format-standard","has-post-thumbnail","hentry","category-oceanos","category-proteja-a-natureza","tag-clima","tag-oceanos","p4-page-type-blog"],"_links":{"self":[{"href":"https:\/\/www.greenpeace.org\/brasil\/wp-json\/wp\/v2\/posts\/13755","targetHints":{"allow":["GET"]}}],"collection":[{"href":"https:\/\/www.greenpeace.org\/brasil\/wp-json\/wp\/v2\/posts"}],"about":[{"href":"https:\/\/www.greenpeace.org\/brasil\/wp-json\/wp\/v2\/types\/post"}],"author":[{"embeddable":true,"href":"https:\/\/www.greenpeace.org\/brasil\/wp-json\/wp\/v2\/users\/25"}],"replies":[{"embeddable":true,"href":"https:\/\/www.greenpeace.org\/brasil\/wp-json\/wp\/v2\/comments?post=13755"}],"version-history":[{"count":8,"href":"https:\/\/www.greenpeace.org\/brasil\/wp-json\/wp\/v2\/posts\/13755\/revisions"}],"predecessor-version":[{"id":53004,"href":"https:\/\/www.greenpeace.org\/brasil\/wp-json\/wp\/v2\/posts\/13755\/revisions\/53004"}],"wp:featuredmedia":[{"embeddable":true,"href":"https:\/\/www.greenpeace.org\/brasil\/wp-json\/wp\/v2\/media\/13756"}],"wp:attachment":[{"href":"https:\/\/www.greenpeace.org\/brasil\/wp-json\/wp\/v2\/media?parent=13755"}],"wp:term":[{"taxonomy":"category","embeddable":true,"href":"https:\/\/www.greenpeace.org\/brasil\/wp-json\/wp\/v2\/categories?post=13755"},{"taxonomy":"post_tag","embeddable":true,"href":"https:\/\/www.greenpeace.org\/brasil\/wp-json\/wp\/v2\/tags?post=13755"},{"taxonomy":"p4-page-type","embeddable":true,"href":"https:\/\/www.greenpeace.org\/brasil\/wp-json\/wp\/v2\/p4-page-type?post=13755"}],"curies":[{"name":"wp","href":"https:\/\/api.w.org\/{rel}","templated":true}]}}