{"id":13812,"date":"2019-12-06T15:55:55","date_gmt":"2019-12-06T18:55:55","guid":{"rendered":"https:\/\/www.greenpeace.org\/brasil\/?p=13812"},"modified":"2021-12-01T09:31:21","modified_gmt":"2021-12-01T12:31:21","slug":"empresas-globais-e-investidores-defendem-a-moratoria-da-soja","status":"publish","type":"post","link":"https:\/\/www.greenpeace.org\/brasil\/blog\/empresas-globais-e-investidores-defendem-a-moratoria-da-soja\/","title":{"rendered":"Empresas globais e investidores defendem a Morat\u00f3ria da Soja"},"content":{"rendered":"\n<h4 class=\"wp-block-heading\"><strong>Mercado europeu manda recado para Brasil: sem a Morat\u00f3ria da Soja, as portas da Europa &#8211; um mercado de US$ 5 bilh\u00f5es\/ano &#8211; podem se fechar para o principal produto agr\u00edcola de exporta\u00e7\u00e3o do pa\u00eds <\/strong><\/h4>\n\n<figure class=\"wp-block-image size-large  caption-style-blue-overlay caption-alignment-center\"><img loading=\"lazy\" decoding=\"async\" width=\"1024\" height=\"683\" src=\"https:\/\/www.greenpeace.org\/static\/planet4-brasil-stateless\/2019\/12\/82ba4ca6-gp0stpt7l_medium_res-1024x683.jpg\" alt=\"Uma \u00e1rvore solit\u00e1ria interrompe o infinito padr\u00e3o de linhas formado pelos brotos de soja, em Nova Mutum, no Mato Grosso. Ali n\u00e3o h\u00e1 mais lugar para a floresta.\" class=\"wp-image-13818\" srcset=\"https:\/\/www.greenpeace.org\/static\/planet4-brasil-stateless\/2019\/12\/82ba4ca6-gp0stpt7l_medium_res-1024x683.jpg 1024w, https:\/\/www.greenpeace.org\/static\/planet4-brasil-stateless\/2019\/12\/82ba4ca6-gp0stpt7l_medium_res-300x200.jpg 300w, https:\/\/www.greenpeace.org\/static\/planet4-brasil-stateless\/2019\/12\/82ba4ca6-gp0stpt7l_medium_res-768x512.jpg 768w, https:\/\/www.greenpeace.org\/static\/planet4-brasil-stateless\/2019\/12\/82ba4ca6-gp0stpt7l_medium_res-510x340.jpg 510w, https:\/\/www.greenpeace.org\/static\/planet4-brasil-stateless\/2019\/12\/82ba4ca6-gp0stpt7l_medium_res.jpg 1200w\" sizes=\"auto, (max-width: 1024px) 100vw, 1024px\" \/><figcaption> Planta\u00e7\u00e3o de soja na Amaz\u00f4nia : morat\u00f3ria ajudou a reduzir o desmatamento no bioma.  \u00a9Bruno Kelly \/ Greenpeace <\/figcaption><\/figure>\n\n<p>\u201cNossa posi\u00e7\u00e3o \u00e9 clara: n\u00f3s queremos ser capazes de continuar comprando ou investindo na ind\u00fastria da soja brasileira, mas se a Morat\u00f3ria da Soja na Amaz\u00f4nia n\u00e3o for mantida, isso colocar\u00e1 em risco nossos neg\u00f3cios envolvendo o produto\u201d. A frase \u00e9 um recado a produtores, governo e grandes investidores (<em>traders<\/em>) operando no Brasil, e n\u00e3o deixa d\u00favidas: sem a Morat\u00f3ria da Soja, as portas da Europa &#8211; <a href=\"https:\/\/br.reuters.com\/article\/topNews\/idBRKBN1XZ1D1-OBRTP\">um mercado de US$ 5 bilh\u00f5es\/ano<\/a> &#8211; podem se fechar para o principal produto agr\u00edcola de exporta\u00e7\u00e3o do pa\u00eds.&nbsp;<br><\/p>\n\n<p>A mensagem faz parte de uma <a href=\"https:\/\/www.fairr.org\/engagements\/amazon-soy-moratorium\/\" target=\"_blank\" rel=\"noreferrer noopener\" aria-label=\" (abre numa nova aba)\">carta aberta<\/a> de mais de 80 investidores e empresas consumidoras da soja brasileira, em rea\u00e7\u00e3o a uma campanha contra a Morat\u00f3ria da Soja iniciada em outubro deste ano por produtores do gr\u00e3o do Estado do Par\u00e1. Eles afirmam ser apoiados pelo governo Bolsonaro, que, por sua vez, tem trabalhado para enfraquecer \u00f3rg\u00e3os e pol\u00edticas fundamentais de combate ao desmatamento.<br><\/p>\n\n<p>O Greenpeace entende que, no contexto atual, onde a governan\u00e7a ambiental foi fortemente reduzida no Brasil, a postura das empresas compradoras da soja brasileira \u00e9 fundamental.<strong> A Morat\u00f3ria da Soja, vigente desde 2006, tem se mostrado eficaz em reduzir a participa\u00e7\u00e3o da cadeia de soja no desmatamento direto na Amaz\u00f4nia.<\/strong> Essa importante ferramenta <a href=\"http:\/\/abiove.org.br\/relatorios\/moratoria-da-soja-relatorio-do-11o-ano\/\" target=\"_blank\" rel=\"noreferrer noopener\" aria-label=\"reduziu em quase 80% o desmatamento (abre numa nova aba)\">reduziu em quase 80% o desmatamento<\/a> nos 95 munic\u00edpios produtores do gr\u00e3o. <\/p>\n\n<p><strong>Cerrado tamb\u00e9m est\u00e1 amea\u00e7ado<\/strong><\/p>\n\n<p>No entanto, isso n\u00e3o basta: as empresas signat\u00e1rias da morat\u00f3ria na Amaz\u00f4nia s\u00e3o as mesmas que <strong>operam sem controle no Cerrado<\/strong>, onde a expans\u00e3o acelerada da cultura da soja traz uma s\u00e9rie de impactos negativos, incluindo viol\u00eancia contra comunidades locais e desmatamento de um bioma j\u00e1 altamente amea\u00e7ado, como mostra o <a href=\"https:\/\/www.greenpeace.org\/brasil\/blog\/cultivando-violencia-licenca-para-desmatar\/\">relat\u00f3rio rec\u00e9m-lan\u00e7ado \u201cCultivando Viol\u00eancia\u201d<\/a>, do Greenpeace Internacional.&nbsp;<\/p>\n\n<p>\u201cVivemos em um per\u00edodo de emerg\u00eancia clim\u00e1tica, pol\u00edtica antiambiental e escalada de viol\u00eancia do campo. \u00c9 inexplic\u00e1vel e inaceit\u00e1vel que as <em>traders<\/em> signat\u00e1rias da Morat\u00f3ria na Amaz\u00f4nia mostrem tanta resist\u00eancia em expandir o acordo para outras regi\u00f5es sens\u00edveis, como \u00e9 o caso do Cerrado\u201d, questiona Paulo Ad\u00e1rio, estrategista s\u00eanior de florestas do Greenpeace. \u201cElas devem oferecer a seus clientes apenas produtos que tenham origem comprovada e livre de desmatamento e viol\u00eancia\u201d.<br><\/p>\n<div class=\"EmptyMessage\">Block content is empty. Check the block&#8217;s settings or remove it.<\/div>","protected":false},"excerpt":{"rendered":"<p>Mercado europeu manda recado para Brasil: sem a Morat\u00f3ria da Soja, as portas da Europa podem se fechar para o principal produto agr\u00edcola de exporta\u00e7\u00e3o do pa\u00eds <\/p>\n","protected":false},"author":19,"featured_media":13818,"comment_status":"open","ping_status":"closed","sticky":false,"template":"","format":"standard","meta":{"ep_exclude_from_search":false,"p4_og_title":"","p4_og_description":"","p4_og_image":"","p4_og_image_id":"","p4_seo_canonical_url":"","p4_campaign_name":"not set","p4_local_project":"","p4_basket_name":"not set","p4_department":"","footnotes":""},"categories":[3],"tags":[6,18,22],"p4-page-type":[16],"class_list":["post-13812","post","type-post","status-publish","format-standard","has-post-thumbnail","hentry","category-proteja-a-natureza","tag-clima","tag-agroecologia","tag-florestas","p4-page-type-blog"],"_links":{"self":[{"href":"https:\/\/www.greenpeace.org\/brasil\/wp-json\/wp\/v2\/posts\/13812","targetHints":{"allow":["GET"]}}],"collection":[{"href":"https:\/\/www.greenpeace.org\/brasil\/wp-json\/wp\/v2\/posts"}],"about":[{"href":"https:\/\/www.greenpeace.org\/brasil\/wp-json\/wp\/v2\/types\/post"}],"author":[{"embeddable":true,"href":"https:\/\/www.greenpeace.org\/brasil\/wp-json\/wp\/v2\/users\/19"}],"replies":[{"embeddable":true,"href":"https:\/\/www.greenpeace.org\/brasil\/wp-json\/wp\/v2\/comments?post=13812"}],"version-history":[{"count":11,"href":"https:\/\/www.greenpeace.org\/brasil\/wp-json\/wp\/v2\/posts\/13812\/revisions"}],"predecessor-version":[{"id":35321,"href":"https:\/\/www.greenpeace.org\/brasil\/wp-json\/wp\/v2\/posts\/13812\/revisions\/35321"}],"wp:featuredmedia":[{"embeddable":true,"href":"https:\/\/www.greenpeace.org\/brasil\/wp-json\/wp\/v2\/media\/13818"}],"wp:attachment":[{"href":"https:\/\/www.greenpeace.org\/brasil\/wp-json\/wp\/v2\/media?parent=13812"}],"wp:term":[{"taxonomy":"category","embeddable":true,"href":"https:\/\/www.greenpeace.org\/brasil\/wp-json\/wp\/v2\/categories?post=13812"},{"taxonomy":"post_tag","embeddable":true,"href":"https:\/\/www.greenpeace.org\/brasil\/wp-json\/wp\/v2\/tags?post=13812"},{"taxonomy":"p4-page-type","embeddable":true,"href":"https:\/\/www.greenpeace.org\/brasil\/wp-json\/wp\/v2\/p4-page-type?post=13812"}],"curies":[{"name":"wp","href":"https:\/\/api.w.org\/{rel}","templated":true}]}}