{"id":14040,"date":"2019-12-12T17:55:15","date_gmt":"2019-12-12T20:55:15","guid":{"rendered":"https:\/\/www.greenpeace.org\/brasil\/?p=14040"},"modified":"2021-12-01T09:31:19","modified_gmt":"2021-12-01T12:31:19","slug":"bolsonaro-da-presentao-de-natal-para-quem-desmata-ilegalmente","status":"publish","type":"post","link":"https:\/\/www.greenpeace.org\/brasil\/blog\/bolsonaro-da-presentao-de-natal-para-quem-desmata-ilegalmente\/","title":{"rendered":"Bolsonaro d\u00e1 present\u00e3o de Natal para quem desmata ilegalmente"},"content":{"rendered":"\n<h4 class=\"wp-block-heading\">Nova Medida Provis\u00f3ria prev\u00ea que peda\u00e7o gigantesco de terras p\u00fablicas ocupadas ilegalmente na Amaz\u00f4nia seja regularizado<br><\/h4>\n\n<figure class=\"wp-block-image size-large  caption-style-medium caption-alignment-center\"><img loading=\"lazy\" decoding=\"async\" width=\"1024\" height=\"683\" src=\"https:\/\/www.greenpeace.org\/static\/planet4-brasil-stateless\/2019\/12\/3903bf41-gp0sttsea_medium_res-1024x683.jpg\" alt=\"\" class=\"wp-image-14042\" srcset=\"https:\/\/www.greenpeace.org\/static\/planet4-brasil-stateless\/2019\/12\/3903bf41-gp0sttsea_medium_res-1024x683.jpg 1024w, https:\/\/www.greenpeace.org\/static\/planet4-brasil-stateless\/2019\/12\/3903bf41-gp0sttsea_medium_res-300x200.jpg 300w, https:\/\/www.greenpeace.org\/static\/planet4-brasil-stateless\/2019\/12\/3903bf41-gp0sttsea_medium_res-768x512.jpg 768w, https:\/\/www.greenpeace.org\/static\/planet4-brasil-stateless\/2019\/12\/3903bf41-gp0sttsea_medium_res-510x340.jpg 510w, https:\/\/www.greenpeace.org\/static\/planet4-brasil-stateless\/2019\/12\/3903bf41-gp0sttsea_medium_res.jpg 1200w\" sizes=\"auto, (max-width: 1024px) 100vw, 1024px\" \/><figcaption>Com a nova legisla\u00e7\u00e3o, governo Bolsonaro mostra que o crime ambiental compensa na Amaz\u00f4nia.<div class=\"credit icon-left\"> \u00a9 Victor Moriyama \/ Greenpeace<\/div><\/figcaption><\/figure>\n\n<p>Os problemas ambientais na Amaz\u00f4nia se intensificaram em 2019, mas, acredite, a situa\u00e7\u00e3o sempre pode piorar. Com a <a rel=\"noreferrer noopener\" aria-label=\" (abre numa nova aba)\" href=\"http:\/\/www.in.gov.br\/web\/dou\/-\/medida-provisoria-n-910-de-10-de-dezembro-de-2019-232671090\" target=\"_blank\">Medida Provis\u00f3ria (MP) 910<\/a> assinada nesta ter\u00e7a-feira pelo Presidente Jair Bolsonaro, criminosos ganharam um present\u00e3o de Natal. Quem perde, mais uma vez, \u00e9 a floresta e as pessoas que dependem dela para viver.\u00a0<br><\/p>\n\n<p>A nova legisla\u00e7\u00e3o permitir\u00e1 que um peda\u00e7o gigantesco de terras p\u00fablicas que foi desmatado ilegalmente entre 2008 e dezembro de 2018 na Amaz\u00f4nia seja legalizado. Na pr\u00e1tica, isso quer dizer que crimes como desmatamento e invas\u00e3o de terras p\u00fablicas est\u00e3o sendo n\u00e3o apenas estimulados, como tamb\u00e9m anistiados e premiados por Bolsonaro, trazendo graves preju\u00edzos para a manuten\u00e7\u00e3o do equil\u00edbrio ambiental e para o patrim\u00f4nio dos brasileiros.<br><\/p>\n\n<p>O novo texto piora legisla\u00e7\u00f5es anteriores em duas principais quest\u00f5es. A primeira,<strong> temporal<\/strong>, \u00e9 a permiss\u00e3o para que terras p\u00fablicas ocupadas ilegalmente antes de maio de 2014 sejam regularizadas, com a possibilidade desse prazo se estender at\u00e9 2018 (!). Os prazos anteriores eram 2008 e 2011, respectivamente. A segunda \u00e9 que <strong>facilidades no processo<\/strong>, que eram dadas apenas a pequenas propriedades (at\u00e9 quatro m\u00f3dulos fiscais), agora poder\u00e3o ser utilizadas para regularizar im\u00f3veis de at\u00e9 15 m\u00f3dulos fiscais, o que configura m\u00e9dia propriedade (na Amaz\u00f4nia, isso equivale a at\u00e9 1650 campos de futebol).<br><\/p>\n\n<p>Assim como aconteceu com iniciativas anteriores, com as leis n\u00ba 11.952\/2009 e n\u00ba 13.465\/2017, a MP 910 \u00e9 uma falsa solu\u00e7\u00e3o, porque oficializa a grilagem e manda uma mensagem clara de que o crime compensa, quando deveria priorizar direitos territoriais de agricultores familiares, popula\u00e7\u00f5es ind\u00edgenas, tradicionais e quilombolas e a prote\u00e7\u00e3o do meio ambiente.&nbsp;<br><\/p>\n\n<p>Durante a campanha eleitoral, Bolsonaro <a href=\"https:\/\/www.greenpeace.org\/brasil\/blog\/eleicoes-2018-presidenciaveis-apresentam-propostas-contra-o-meio-ambiente\/\">havia prometido<\/a> avan\u00e7ar sobre \u00e1reas protegidas, enfraquecer \u00f3rg\u00e3os de fiscaliza\u00e7\u00e3o, como o Ibama, e acabar com a \u201cind\u00fastria da multa\u201d. N\u00e3o bastasse o Presidente passar 2019 inteiro<a href=\"https:\/\/governodadestruicao.org\/\" target=\"_blank\" rel=\"noreferrer noopener\" aria-label=\" (abre numa nova aba)\"> colocando em pr\u00e1tica uma pol\u00edtica antiambiental<\/a>, agora termina o ano beneficiando aqueles que cometeram crimes contra o meio ambiente.<br><\/p>\n\n<p>Um levantamento do Instituto de Pesquisa Ambiental da Amaz\u00f4nia (Ipam) mostra que 35% dos mais de 900 mil hectares de Floresta Amaz\u00f4nica destru\u00eddos entre agosto de 2018 e julho de 2019 aconteceram em terras p\u00fablicas griladas, o que comprova a conex\u00e3o entre grilagem e desmatamento.&nbsp;&nbsp;<br><\/p>\n\n<p>A falta de regulariza\u00e7\u00e3o fundi\u00e1ria contribui de forma direta para o aumento do desmatamento, traz preju\u00edzo ao patrim\u00f4nio p\u00fablico e estimula a viol\u00eancia contra camponeses, ind\u00edgenas, quilombolas e comunidades tradicionais. No entanto, feita dessa forma, s\u00f3 serve para legalizar o roubo de terras p\u00fablicas e a destrui\u00e7\u00e3o da maior floresta tropical do mundo.<br><\/p>\n\n<p>\u201cO Estado brasileiro precisa apresentar uma solu\u00e7\u00e3o \u00e0 altura da gravidade do problema. N\u00e3o podemos aceitar solu\u00e7\u00f5es simplistas para um problema t\u00e3o complexo\u201d, diz Danicley Aguiar, da Campanha de Amaz\u00f4nia do Greenpeace Brasil. \u201cMais do que sair emitindo t\u00edtulos ao primeiro que pedir, \u00e9 fundamental ordenar a gest\u00e3o, unificando as bases de dados e garantindo toda a estrutura necess\u00e1ria aos \u00f3rg\u00e3os fundi\u00e1rios, para qualificar a tomada de decis\u00e3o e assegurar o aperfei\u00e7oamento do processo de regulariza\u00e7\u00e3o fundi\u00e1ria\u201d.<\/p>\n\n<p>Voc\u00ea pode ajudar a pressionar pela prote\u00e7\u00e3o das florestas. <\/p>\n\n<div class=\"wp-block-button is-style-cta\"><a class=\"wp-block-button__link has-background has-green-500-background-color\" href=\"https:\/\/www.greenpeace.org.br\/todos-pela-amazonia\">PARTICIPE Do abaixo-assinado pela Amaz\u00f4nia<\/a><\/div>\n\n<p><br><\/p>\n<div class=\"EmptyMessage\">Block content is empty. Check the block&#8217;s settings or remove it.<\/div>","protected":false},"excerpt":{"rendered":"<p>Nova Medida Provis\u00f3ria prev\u00ea que peda\u00e7o gigantesco de terras p\u00fablicas ocupadas ilegalmente na Amaz\u00f4nia seja regularizado<\/p>\n","protected":false},"author":19,"featured_media":14042,"comment_status":"open","ping_status":"closed","sticky":false,"template":"","format":"standard","meta":{"ep_exclude_from_search":false,"p4_og_title":"","p4_og_description":"","p4_og_image":"","p4_og_image_id":"","p4_seo_canonical_url":"","p4_campaign_name":"not set","p4_local_project":"not set","p4_basket_name":"not set","p4_department":"","footnotes":""},"categories":[3],"tags":[8,22],"p4-page-type":[16],"class_list":["post-14040","post","type-post","status-publish","format-standard","has-post-thumbnail","hentry","category-proteja-a-natureza","tag-resista","tag-florestas","p4-page-type-blog"],"_links":{"self":[{"href":"https:\/\/www.greenpeace.org\/brasil\/wp-json\/wp\/v2\/posts\/14040","targetHints":{"allow":["GET"]}}],"collection":[{"href":"https:\/\/www.greenpeace.org\/brasil\/wp-json\/wp\/v2\/posts"}],"about":[{"href":"https:\/\/www.greenpeace.org\/brasil\/wp-json\/wp\/v2\/types\/post"}],"author":[{"embeddable":true,"href":"https:\/\/www.greenpeace.org\/brasil\/wp-json\/wp\/v2\/users\/19"}],"replies":[{"embeddable":true,"href":"https:\/\/www.greenpeace.org\/brasil\/wp-json\/wp\/v2\/comments?post=14040"}],"version-history":[{"count":9,"href":"https:\/\/www.greenpeace.org\/brasil\/wp-json\/wp\/v2\/posts\/14040\/revisions"}],"predecessor-version":[{"id":35318,"href":"https:\/\/www.greenpeace.org\/brasil\/wp-json\/wp\/v2\/posts\/14040\/revisions\/35318"}],"wp:featuredmedia":[{"embeddable":true,"href":"https:\/\/www.greenpeace.org\/brasil\/wp-json\/wp\/v2\/media\/14042"}],"wp:attachment":[{"href":"https:\/\/www.greenpeace.org\/brasil\/wp-json\/wp\/v2\/media?parent=14040"}],"wp:term":[{"taxonomy":"category","embeddable":true,"href":"https:\/\/www.greenpeace.org\/brasil\/wp-json\/wp\/v2\/categories?post=14040"},{"taxonomy":"post_tag","embeddable":true,"href":"https:\/\/www.greenpeace.org\/brasil\/wp-json\/wp\/v2\/tags?post=14040"},{"taxonomy":"p4-page-type","embeddable":true,"href":"https:\/\/www.greenpeace.org\/brasil\/wp-json\/wp\/v2\/p4-page-type?post=14040"}],"curies":[{"name":"wp","href":"https:\/\/api.w.org\/{rel}","templated":true}]}}