{"id":14296,"date":"2020-01-21T12:04:26","date_gmt":"2020-01-21T15:04:26","guid":{"rendered":"https:\/\/www.greenpeace.org\/brasil\/?p=14296"},"modified":"2020-01-21T12:20:05","modified_gmt":"2020-01-21T15:20:05","slug":"agropecuaria-para-europeu-ver","status":"publish","type":"post","link":"https:\/\/www.greenpeace.org\/brasil\/blog\/agropecuaria-para-europeu-ver\/","title":{"rendered":"Agropecu\u00e1ria para europeu ver"},"content":{"rendered":"\n<h4 class=\"wp-block-heading\">Em Berlim, as declara\u00e7\u00f5es da Ministra Tereza Cristina sobre a sustentabilidade da agricultura brasileira fantasiam sobre futuro e s\u00e3o recebidas com protestos  <\/h4>\n\n<figure class=\"wp-block-image size-large  caption-style-blue-overlay caption-alignment-center\"><img loading=\"lazy\" decoding=\"async\" width=\"800\" height=\"534\" src=\"https:\/\/www.greenpeace.org\/static\/planet4-brasil-stateless\/2020\/01\/3cd2e99a-gp0stufyx_web_size.jpg\" alt=\"\" class=\"wp-image-14297\" srcset=\"https:\/\/www.greenpeace.org\/static\/planet4-brasil-stateless\/2020\/01\/3cd2e99a-gp0stufyx_web_size.jpg 800w, https:\/\/www.greenpeace.org\/static\/planet4-brasil-stateless\/2020\/01\/3cd2e99a-gp0stufyx_web_size-300x200.jpg 300w, https:\/\/www.greenpeace.org\/static\/planet4-brasil-stateless\/2020\/01\/3cd2e99a-gp0stufyx_web_size-768x513.jpg 768w, https:\/\/www.greenpeace.org\/static\/planet4-brasil-stateless\/2020\/01\/3cd2e99a-gp0stufyx_web_size-510x340.jpg 510w\" sizes=\"auto, (max-width: 800px) 100vw, 800px\" \/><figcaption>Junto com diversas organiza\u00e7\u00f5es, volunt\u00e1rios do Greenpeace Alemanha protestaram em frente ao F\u00f3rum Global para Alimenta\u00e7\u00e3o e Agricultura (GFFA), em Berlim. ( <a href=\"https:\/\/media.greenpeace.org\/C.aspx?VP3=DirectSearch&amp;AID=KWF6MYRLD3U\">\u00a9 Chris Grodotzki \/ Greenpeace<\/a> )<\/figcaption><\/figure>\n\n<p>A ministra da agricultura, pecu\u00e1ria e abastecimento, Tereza Cristina, foi recebida sob protestos na \u00faltima quinta-feira (16), em Berlim, onde participou, a convite do governo alem\u00e3o, da abertura do F\u00f3rum Global para Alimenta\u00e7\u00e3o e Agricultura (GFFA). Os manifestantes traziam cartazes chamando aten\u00e7\u00e3o para a agenda antiambiental do governo brasileiro como um todo, que \u00e9 seguida \u00e0 risca pela pasta da agricultura. Entre as mensagens estavam manifesta\u00e7\u00f5es a favor da prote\u00e7\u00e3o \u00e0 floresta, dos direitos ind\u00edgenas e pela redu\u00e7\u00e3o do uso de veneno na agricultura &#8211; esse \u00faltimo, um ponto sens\u00edvel \u00e0 ministra, que tem a defesa do uso e libera\u00e7\u00e3o de agrot\u00f3xicos no Brasil como uma das principais marcas de sua gest\u00e3o.\u00a0<\/p>\n\n<p>Antes de embarcar para a capital alem\u00e3 ela mencionou, em suas redes sociais, que essa seria uma grande oportunidade para o Brasil mostrar ao mundo o que pensa sobre a agricultura do futuro. Mas o discurso n\u00e3o trouxe nenhuma novidade, apenas reflex\u00f5es vazias sobre a import\u00e2ncia dos pequenos agricultores, da mulher agricultora e da bioeconomia. Na pr\u00e1tica, entretanto, a pol\u00edtica levada \u00e0 cabo pelo minist\u00e9rio \u00e9 do s\u00e9culo passado:\u00a0 incentivo aos grandes latif\u00fandios e a monocultura, <a href=\"https:\/\/www.greenpeace.org\/brasil\/blog\/2019-o-ano-mais-toxico-do-brasil\/\">uso intensivo de agrot\u00f3xicos<\/a> e esgotamento ambiental. <a href=\"https:\/\/www.dw.com\/pt-br\/a-agricultura-n%C3%A3o-pode-ser-a-vil%C3%A3-do-clima-diz-tereza-cristina\/a-52033299\">Uma declara\u00e7\u00e3o que deixa clara essa falta de lideran\u00e7a e responsabilidade do governo foi de que a \u201cagricultura n\u00e3o pode ser a vil\u00e3 do clima\u201d<\/a>, enquanto todas as evid\u00eancias apontam <a href=\"https:\/\/www.greenpeace.org\/brasil\/blog\/contagem-regressiva-para-a-extincao\/\">o atual modelo de produ\u00e7\u00e3o de commodities como um dos principais emissores de gases do efeito estufa<\/a>.<\/p>\n\n<p>O que ficou claro \u00e9 que, ao inv\u00e9s de trazer propostas de novos rumos, a ministra decidiu se defender e refor\u00e7ar posi\u00e7\u00f5es indefens\u00e1veis do atual governo em rela\u00e7\u00e3o ao meio ambiente. Tereza parece seguir alheia ao que acontece no pr\u00f3prio quintal. Ao inv\u00e9s de ser protagonista de mudan\u00e7a, a ministra se exime de responsabilidade. <a href=\"https:\/\/oglobo.globo.com\/sociedade\/sustentabilidade\/a-agricultura-nao-tem-nada-ver-com-amazonia-diz-ministra-tereza-cristina-sobre-desmatamento-24087780\">No final do ano passado, ela havia declarado que a agricultura nada tinha a ver com a Amaz\u00f4nia<\/a>.&nbsp;<\/p>\n\n<p>E, nisso, ela insistiu novamente em Berlim &#8211; argumento que, n\u00e3o a toa, arrancou gritos de \u201cmentira\u201d da plateia. A ministra, que comanda a pasta da agropecu\u00e1ria brasileira, segue mantendo sil\u00eancio sobre o fato que grande parte do bioma amaz\u00f4nico <a href=\"https:\/\/www.greenpeace.org\/brasil\/blog\/desmatamento-da-amazonia-tem-3a-maior-alta-percentual-da-historia\/\">segue sendo desmatado<\/a> e <a href=\"https:\/\/g1.globo.com\/natureza\/desafio-natureza\/noticia\/2019\/10\/16\/pasto-na-amazonia-aumenta-74percent-em-30-anos-entenda-em-3-pontos-a-relacao-entre-pecuaria-e-desmatamento.ghtml\">que existe uma forte rela\u00e7\u00e3o disso com a atividade pecu\u00e1ria no bioma<\/a>.\u00a0<\/p>\n\n<p>Hoje, mais importante do que falar vagamente do futuro, precisamos de medidas efetivas para enfrentar os desafios ambientais que j\u00e1 estamos vivendo, come\u00e7ando por assumir que, sim, o modelo agr\u00edcola atual e a agricultura e pecu\u00e1ria brasileira t\u00eam contribu\u00eddo direta e significativamente para o aquecimento global. Al\u00e9m disto, a cada dia que passa, mais veneno \u00e9 liberado, mais direitos sociais s\u00e3o desrespeitados e mais viol\u00eancia no campo \u00e9 registrada.\u00a0 Seguir neste rumo de negar tais mudan\u00e7as e, portanto, de n\u00e3o agir a respeito, ir\u00e1 nos colocar em um rumo cada vez mais perigoso e nos jogar para um futuro mais sombrio.\u00a0<\/p>\n\n<p>O que foi evidenciado nas declara\u00e7\u00f5es da ministra \u00e9 que os impactos ambientais da agropecu\u00e1ria continuam a ser minimizados, ignorados ou at\u00e9 defendidos. E se essa for de fato a posi\u00e7\u00e3o do poder p\u00fablico, a produ\u00e7\u00e3o de alimentos continuar\u00e1 a ser parte do problema e pode se concretizar n\u00e3o apenas como a vil\u00e3 do nosso, <a href=\"https:\/\/www.bbc.com\/portuguese\/brasil-48875534\">mas tamb\u00e9m de seu pr\u00f3prio futuro<\/a>.<\/p>\n","protected":false},"excerpt":{"rendered":"<p>Em Berlim, as declara\u00e7\u00f5es da Ministra Tereza Cristina sobre a sustentabilidade da agricultura brasileira fantasiam sobre futuro e s\u00e3o recebidas com protestos <\/p>\n","protected":false},"author":24,"featured_media":14297,"comment_status":"open","ping_status":"closed","sticky":false,"template":"","format":"standard","meta":{"ep_exclude_from_search":false,"p4_og_title":"","p4_og_description":"","p4_og_image":"","p4_og_image_id":"","p4_seo_canonical_url":"","p4_campaign_name":"not set","p4_local_project":"","p4_basket_name":"not set","p4_department":"","footnotes":""},"categories":[2],"tags":[18],"p4-page-type":[16],"class_list":["post-14296","post","type-post","status-publish","format-standard","has-post-thumbnail","hentry","category-transforme-a-sociedade","tag-agroecologia","p4-page-type-blog"],"_links":{"self":[{"href":"https:\/\/www.greenpeace.org\/brasil\/wp-json\/wp\/v2\/posts\/14296","targetHints":{"allow":["GET"]}}],"collection":[{"href":"https:\/\/www.greenpeace.org\/brasil\/wp-json\/wp\/v2\/posts"}],"about":[{"href":"https:\/\/www.greenpeace.org\/brasil\/wp-json\/wp\/v2\/types\/post"}],"author":[{"embeddable":true,"href":"https:\/\/www.greenpeace.org\/brasil\/wp-json\/wp\/v2\/users\/24"}],"replies":[{"embeddable":true,"href":"https:\/\/www.greenpeace.org\/brasil\/wp-json\/wp\/v2\/comments?post=14296"}],"version-history":[{"count":5,"href":"https:\/\/www.greenpeace.org\/brasil\/wp-json\/wp\/v2\/posts\/14296\/revisions"}],"predecessor-version":[{"id":14304,"href":"https:\/\/www.greenpeace.org\/brasil\/wp-json\/wp\/v2\/posts\/14296\/revisions\/14304"}],"wp:featuredmedia":[{"embeddable":true,"href":"https:\/\/www.greenpeace.org\/brasil\/wp-json\/wp\/v2\/media\/14297"}],"wp:attachment":[{"href":"https:\/\/www.greenpeace.org\/brasil\/wp-json\/wp\/v2\/media?parent=14296"}],"wp:term":[{"taxonomy":"category","embeddable":true,"href":"https:\/\/www.greenpeace.org\/brasil\/wp-json\/wp\/v2\/categories?post=14296"},{"taxonomy":"post_tag","embeddable":true,"href":"https:\/\/www.greenpeace.org\/brasil\/wp-json\/wp\/v2\/tags?post=14296"},{"taxonomy":"p4-page-type","embeddable":true,"href":"https:\/\/www.greenpeace.org\/brasil\/wp-json\/wp\/v2\/p4-page-type?post=14296"}],"curies":[{"name":"wp","href":"https:\/\/api.w.org\/{rel}","templated":true}]}}