{"id":14345,"date":"2020-01-24T12:07:20","date_gmt":"2020-01-24T15:07:20","guid":{"rendered":"https:\/\/www.greenpeace.org\/brasil\/?p=14345"},"modified":"2021-12-01T09:31:11","modified_gmt":"2021-12-01T12:31:11","slug":"a-resistencia-continua-encontro-em-mato-grosso-abre-as-mobilizacoes-indigenas-de-2020","status":"publish","type":"post","link":"https:\/\/www.greenpeace.org\/brasil\/blog\/a-resistencia-continua-encontro-em-mato-grosso-abre-as-mobilizacoes-indigenas-de-2020\/","title":{"rendered":"A resist\u00eancia continua: encontro em Mato Grosso abre as mobiliza\u00e7\u00f5es ind\u00edgenas de 2020"},"content":{"rendered":"\n<h4 class=\"wp-block-heading\">Convocado pelo cacique Raoni, evento antecipa um ano de muita luta e o fortalecimento da alian\u00e7a entre ind\u00edgenas e comunidades tradicionais<\/h4>\n\n<figure class=\"wp-block-image size-large  caption-style-blue-overlay caption-alignment-center\"><img loading=\"lazy\" decoding=\"async\" width=\"1024\" height=\"694\" src=\"https:\/\/www.greenpeace.org\/static\/planet4-brasil-stateless\/2020\/01\/2f39d67e-dsc06484-1024x694.jpg\" title=\"O cacique Raoni reunido com as 450 lideran\u00e7as, de 45 povos ind\u00edgenas.\" alt=\"\" class=\"wp-image-14346\" srcset=\"https:\/\/www.greenpeace.org\/static\/planet4-brasil-stateless\/2020\/01\/2f39d67e-dsc06484-1024x694.jpg 1024w, https:\/\/www.greenpeace.org\/static\/planet4-brasil-stateless\/2020\/01\/2f39d67e-dsc06484-300x203.jpg 300w, https:\/\/www.greenpeace.org\/static\/planet4-brasil-stateless\/2020\/01\/2f39d67e-dsc06484-768x520.jpg 768w, https:\/\/www.greenpeace.org\/static\/planet4-brasil-stateless\/2020\/01\/2f39d67e-dsc06484-1536x1041.jpg 1536w, https:\/\/www.greenpeace.org\/static\/planet4-brasil-stateless\/2020\/01\/2f39d67e-dsc06484-2048x1387.jpg 2048w, https:\/\/www.greenpeace.org\/static\/planet4-brasil-stateless\/2020\/01\/2f39d67e-dsc06484-2016x1366.jpg 2016w, https:\/\/www.greenpeace.org\/static\/planet4-brasil-stateless\/2020\/01\/2f39d67e-dsc06484-502x340.jpg 502w\" sizes=\"auto, (max-width: 1024px) 100vw, 1024px\" \/><figcaption> O evento reuniu 450 lideran\u00e7as, de 45 povos ind\u00edgenas<div class=\"credit icon-left\"> \u00a9 M\u00eddia Ninja<\/div><\/figcaption><\/figure>\n\n<p>\u201cEstamos juntos defendendo a prote\u00e7\u00e3o dos nossos territ\u00f3rios. Essa luta n\u00e3o \u00e1 apenas dos povos ind\u00edgenas, mas de todos n\u00f3s, \u00e9 uma luta pela prote\u00e7\u00e3o do planeta\u201d. Este trecho do Manifesto do Piara\u00e7u &#8211; documento final do encontro realizado na Terra Ind\u00edgena Capoto-Jarina, no Mato Grosso &#8211; revela a real dimens\u00e3o e import\u00e2ncia da defesa da floresta e de todos os povos que nela vivem.<\/p>\n\n<p>E, segundo as mais de 450 lideran\u00e7as, dos 45 povos ind\u00edgenas, que participaram do evento entre os dias 14 e 17 de janeiro, o planeta nunca esteve t\u00e3o amea\u00e7ado. Por isso, os debates focaram, especialmente, nos riscos que a pol\u00edtica, anti-ind\u00edgena, antiambiental e genocida promovida pelo governo Bolsonaro imp\u00f5e a eles.&nbsp;<\/p>\n\n<p>O encontro foi convocado pelo cacique Raoni Metuktire, do povo Kayap\u00f3, que apesar de seu hist\u00f3rico de lutas pela Amaz\u00f4nia e pelos direitos ind\u00edgenas foi atacado por Bolsonaro em discurso na Organiza\u00e7\u00e3o das Na\u00e7\u00f5es Unidas (ONU), em setembro de 2019.&nbsp;<\/p>\n<div data-render=\"planet4-blocks\/gallery\" data-attributes=\"{&quot;attributes&quot;:{&quot;multiple_image&quot;:&quot;14354,14353,14352,14351,14350,14349&quot;,&quot;image_data&quot;:[{&quot;url&quot;:&quot;https:\\\/\\\/www.greenpeace.org\\\/static\\\/planet4-brasil-stateless\\\/2020\\\/01\\\/c2274bae-dsc06545-scaled.jpg&quot;,&quot;focalPoint&quot;:{&quot;x&quot;:0.5,&quot;y&quot;:0.5},&quot;id&quot;:14354},{&quot;url&quot;:&quot;https:\\\/\\\/www.greenpeace.org\\\/static\\\/planet4-brasil-stateless\\\/2020\\\/01\\\/5eae3c8d-dsc06159-scaled.jpg&quot;,&quot;focalPoint&quot;:{&quot;x&quot;:0.5,&quot;y&quot;:0.5},&quot;id&quot;:14353},{&quot;url&quot;:&quot;https:\\\/\\\/www.greenpeace.org\\\/static\\\/planet4-brasil-stateless\\\/2020\\\/01\\\/6a96021c-whatsapp-image-2020-01-20-at-17.06.36.jpeg&quot;,&quot;focalPoint&quot;:{&quot;x&quot;:0.5,&quot;y&quot;:0.5},&quot;id&quot;:14352},{&quot;url&quot;:&quot;https:\\\/\\\/www.greenpeace.org\\\/static\\\/planet4-brasil-stateless\\\/2020\\\/01\\\/f04e87dd-whatsapp-image-2020-01-20-at-17.06.34.jpeg&quot;,&quot;focalPoint&quot;:{&quot;x&quot;:0.5,&quot;y&quot;:0.5},&quot;id&quot;:14351},{&quot;url&quot;:&quot;https:\\\/\\\/www.greenpeace.org\\\/static\\\/planet4-brasil-stateless\\\/2020\\\/01\\\/397f37b9-whatsapp-image-2020-01-20-at-17.07.23.jpeg&quot;,&quot;focalPoint&quot;:{&quot;x&quot;:0.5,&quot;y&quot;:0.5},&quot;id&quot;:14350},{&quot;url&quot;:&quot;https:\\\/\\\/www.greenpeace.org\\\/static\\\/planet4-brasil-stateless\\\/2020\\\/01\\\/5fb54fd2-whatsapp-image-2020-01-20-at-17.06.35.jpeg&quot;,&quot;focalPoint&quot;:{&quot;x&quot;:0.5,&quot;y&quot;:0.5},&quot;id&quot;:14349}],&quot;gallery_block_style&quot;:0,&quot;gallery_block_title&quot;:&quot;&quot;,&quot;gallery_block_description&quot;:&quot;&quot;,&quot;gallery_block_focus_points&quot;:&quot;&quot;,&quot;images&quot;:[{&quot;image_src&quot;:&quot;https:\\\/\\\/www.greenpeace.org\\\/static\\\/planet4-brasil-stateless\\\/2020\\\/01\\\/c2274bae-dsc06545-scaled.jpg&quot;,&quot;image_srcset&quot;:&quot;https:\\\/\\\/www.greenpeace.org\\\/static\\\/planet4-brasil-stateless\\\/2020\\\/01\\\/c2274bae-dsc06545-scaled.jpg 2560w, https:\\\/\\\/www.greenpeace.org\\\/static\\\/planet4-brasil-stateless\\\/2020\\\/01\\\/c2274bae-dsc06545-300x200.jpg 300w, https:\\\/\\\/www.greenpeace.org\\\/static\\\/planet4-brasil-stateless\\\/2020\\\/01\\\/c2274bae-dsc06545-1024x683.jpg 1024w, https:\\\/\\\/www.greenpeace.org\\\/static\\\/planet4-brasil-stateless\\\/2020\\\/01\\\/c2274bae-dsc06545-768x512.jpg 768w, https:\\\/\\\/www.greenpeace.org\\\/static\\\/planet4-brasil-stateless\\\/2020\\\/01\\\/c2274bae-dsc06545-1536x1024.jpg 1536w, https:\\\/\\\/www.greenpeace.org\\\/static\\\/planet4-brasil-stateless\\\/2020\\\/01\\\/c2274bae-dsc06545-2048x1366.jpg 2048w, https:\\\/\\\/www.greenpeace.org\\\/static\\\/planet4-brasil-stateless\\\/2020\\\/01\\\/c2274bae-dsc06545-510x340.jpg 510w&quot;,&quot;image_sizes&quot;:false,&quot;alt_text&quot;:&quot;&quot;,&quot;caption&quot;:&quot;\\u201c Essa luta n\\u00e3o \\u00e1 apenas dos povos ind\\u00edgenas, mas de todos n\\u00f3s, \\u00e9 uma luta pela prote\\u00e7\\u00e3o do planeta\\u201d -  trecho do Manifesto do Piara\\u00e7u&quot;,&quot;focus_image&quot;:&quot;&quot;,&quot;credits&quot;:&quot;\\u00a9 M\\u00eddia Ninja&quot;},{&quot;image_src&quot;:&quot;https:\\\/\\\/www.greenpeace.org\\\/static\\\/planet4-brasil-stateless\\\/2020\\\/01\\\/5eae3c8d-dsc06159-scaled.jpg&quot;,&quot;image_srcset&quot;:&quot;https:\\\/\\\/www.greenpeace.org\\\/static\\\/planet4-brasil-stateless\\\/2020\\\/01\\\/5eae3c8d-dsc06159-scaled.jpg 2560w, https:\\\/\\\/www.greenpeace.org\\\/static\\\/planet4-brasil-stateless\\\/2020\\\/01\\\/5eae3c8d-dsc06159-300x204.jpg 300w, https:\\\/\\\/www.greenpeace.org\\\/static\\\/planet4-brasil-stateless\\\/2020\\\/01\\\/5eae3c8d-dsc06159-1024x697.jpg 1024w, https:\\\/\\\/www.greenpeace.org\\\/static\\\/planet4-brasil-stateless\\\/2020\\\/01\\\/5eae3c8d-dsc06159-768x523.jpg 768w, https:\\\/\\\/www.greenpeace.org\\\/static\\\/planet4-brasil-stateless\\\/2020\\\/01\\\/5eae3c8d-dsc06159-1536x1046.jpg 1536w, https:\\\/\\\/www.greenpeace.org\\\/static\\\/planet4-brasil-stateless\\\/2020\\\/01\\\/5eae3c8d-dsc06159-2048x1395.jpg 2048w, https:\\\/\\\/www.greenpeace.org\\\/static\\\/planet4-brasil-stateless\\\/2020\\\/01\\\/5eae3c8d-dsc06159-2006x1366.jpg 2006w, https:\\\/\\\/www.greenpeace.org\\\/static\\\/planet4-brasil-stateless\\\/2020\\\/01\\\/5eae3c8d-dsc06159-499x340.jpg 499w&quot;,&quot;image_sizes&quot;:false,&quot;alt_text&quot;:&quot;&quot;,&quot;caption&quot;:&quot;\\u201c Essa luta n\\u00e3o \\u00e1 apenas dos povos ind\\u00edgenas, mas de todos n\\u00f3s, \\u00e9 uma luta pela prote\\u00e7\\u00e3o do planeta\\u201d -  trecho do Manifesto do Piara\\u00e7u&quot;,&quot;focus_image&quot;:&quot;&quot;,&quot;credits&quot;:&quot;\\u00a9 M\\u00eddia Ninja&quot;},{&quot;image_src&quot;:&quot;https:\\\/\\\/www.greenpeace.org\\\/static\\\/planet4-brasil-stateless\\\/2020\\\/01\\\/6a96021c-whatsapp-image-2020-01-20-at-17.06.36.jpeg&quot;,&quot;image_srcset&quot;:&quot;https:\\\/\\\/www.greenpeace.org\\\/static\\\/planet4-brasil-stateless\\\/2020\\\/01\\\/6a96021c-whatsapp-image-2020-01-20-at-17.06.36.jpeg 1280w, https:\\\/\\\/www.greenpeace.org\\\/static\\\/planet4-brasil-stateless\\\/2020\\\/01\\\/6a96021c-whatsapp-image-2020-01-20-at-17.06.36-300x200.jpeg 300w, https:\\\/\\\/www.greenpeace.org\\\/static\\\/planet4-brasil-stateless\\\/2020\\\/01\\\/6a96021c-whatsapp-image-2020-01-20-at-17.06.36-1024x682.jpeg 1024w, https:\\\/\\\/www.greenpeace.org\\\/static\\\/planet4-brasil-stateless\\\/2020\\\/01\\\/6a96021c-whatsapp-image-2020-01-20-at-17.06.36-768x511.jpeg 768w, https:\\\/\\\/www.greenpeace.org\\\/static\\\/planet4-brasil-stateless\\\/2020\\\/01\\\/6a96021c-whatsapp-image-2020-01-20-at-17.06.36-510x340.jpeg 510w&quot;,&quot;image_sizes&quot;:false,&quot;alt_text&quot;:&quot;&quot;,&quot;caption&quot;:&quot;\\u201c Essa luta n\\u00e3o \\u00e1 apenas dos povos ind\\u00edgenas, mas de todos n\\u00f3s, \\u00e9 uma luta pela prote\\u00e7\\u00e3o do planeta\\u201d -  trecho do Manifesto do Piara\\u00e7u&quot;,&quot;focus_image&quot;:&quot;&quot;,&quot;credits&quot;:&quot;\\u00a9 M\\u00eddia \\u00cdndia&quot;},{&quot;image_src&quot;:&quot;https:\\\/\\\/www.greenpeace.org\\\/static\\\/planet4-brasil-stateless\\\/2020\\\/01\\\/f04e87dd-whatsapp-image-2020-01-20-at-17.06.34.jpeg&quot;,&quot;image_srcset&quot;:&quot;https:\\\/\\\/www.greenpeace.org\\\/static\\\/planet4-brasil-stateless\\\/2020\\\/01\\\/f04e87dd-whatsapp-image-2020-01-20-at-17.06.34.jpeg 1280w, https:\\\/\\\/www.greenpeace.org\\\/static\\\/planet4-brasil-stateless\\\/2020\\\/01\\\/f04e87dd-whatsapp-image-2020-01-20-at-17.06.34-300x200.jpeg 300w, https:\\\/\\\/www.greenpeace.org\\\/static\\\/planet4-brasil-stateless\\\/2020\\\/01\\\/f04e87dd-whatsapp-image-2020-01-20-at-17.06.34-1024x682.jpeg 1024w, https:\\\/\\\/www.greenpeace.org\\\/static\\\/planet4-brasil-stateless\\\/2020\\\/01\\\/f04e87dd-whatsapp-image-2020-01-20-at-17.06.34-768x512.jpeg 768w, https:\\\/\\\/www.greenpeace.org\\\/static\\\/planet4-brasil-stateless\\\/2020\\\/01\\\/f04e87dd-whatsapp-image-2020-01-20-at-17.06.34-510x340.jpeg 510w&quot;,&quot;image_sizes&quot;:false,&quot;alt_text&quot;:&quot;&quot;,&quot;caption&quot;:&quot;\\u201c Essa luta n\\u00e3o \\u00e1 apenas dos povos ind\\u00edgenas, mas de todos n\\u00f3s, \\u00e9 uma luta pela prote\\u00e7\\u00e3o do planeta\\u201d -  trecho do Manifesto do Piara\\u00e7u&quot;,&quot;focus_image&quot;:&quot;&quot;,&quot;credits&quot;:&quot;\\u00a9 M\\u00eddia \\u00cdndia&quot;},{&quot;image_src&quot;:&quot;https:\\\/\\\/www.greenpeace.org\\\/static\\\/planet4-brasil-stateless\\\/2020\\\/01\\\/397f37b9-whatsapp-image-2020-01-20-at-17.07.23.jpeg&quot;,&quot;image_srcset&quot;:&quot;https:\\\/\\\/www.greenpeace.org\\\/static\\\/planet4-brasil-stateless\\\/2020\\\/01\\\/397f37b9-whatsapp-image-2020-01-20-at-17.07.23.jpeg 960w, https:\\\/\\\/www.greenpeace.org\\\/static\\\/planet4-brasil-stateless\\\/2020\\\/01\\\/397f37b9-whatsapp-image-2020-01-20-at-17.07.23-300x200.jpeg 300w, https:\\\/\\\/www.greenpeace.org\\\/static\\\/planet4-brasil-stateless\\\/2020\\\/01\\\/397f37b9-whatsapp-image-2020-01-20-at-17.07.23-768x512.jpeg 768w, https:\\\/\\\/www.greenpeace.org\\\/static\\\/planet4-brasil-stateless\\\/2020\\\/01\\\/397f37b9-whatsapp-image-2020-01-20-at-17.07.23-510x340.jpeg 510w&quot;,&quot;image_sizes&quot;:false,&quot;alt_text&quot;:&quot;&quot;,&quot;caption&quot;:&quot;\\u201c Essa luta n\\u00e3o \\u00e1 apenas dos povos ind\\u00edgenas, mas de todos n\\u00f3s, \\u00e9 uma luta pela prote\\u00e7\\u00e3o do planeta\\u201d -  trecho do Manifesto do Piara\\u00e7u&quot;,&quot;focus_image&quot;:&quot;&quot;,&quot;credits&quot;:&quot;\\u00a9 M\\u00eddia \\u00cdndia&quot;},{&quot;image_src&quot;:&quot;https:\\\/\\\/www.greenpeace.org\\\/static\\\/planet4-brasil-stateless\\\/2020\\\/01\\\/5fb54fd2-whatsapp-image-2020-01-20-at-17.06.35.jpeg&quot;,&quot;image_srcset&quot;:&quot;https:\\\/\\\/www.greenpeace.org\\\/static\\\/planet4-brasil-stateless\\\/2020\\\/01\\\/5fb54fd2-whatsapp-image-2020-01-20-at-17.06.35.jpeg 1280w, https:\\\/\\\/www.greenpeace.org\\\/static\\\/planet4-brasil-stateless\\\/2020\\\/01\\\/5fb54fd2-whatsapp-image-2020-01-20-at-17.06.35-300x200.jpeg 300w, https:\\\/\\\/www.greenpeace.org\\\/static\\\/planet4-brasil-stateless\\\/2020\\\/01\\\/5fb54fd2-whatsapp-image-2020-01-20-at-17.06.35-1024x682.jpeg 1024w, https:\\\/\\\/www.greenpeace.org\\\/static\\\/planet4-brasil-stateless\\\/2020\\\/01\\\/5fb54fd2-whatsapp-image-2020-01-20-at-17.06.35-768x511.jpeg 768w, https:\\\/\\\/www.greenpeace.org\\\/static\\\/planet4-brasil-stateless\\\/2020\\\/01\\\/5fb54fd2-whatsapp-image-2020-01-20-at-17.06.35-510x340.jpeg 510w&quot;,&quot;image_sizes&quot;:false,&quot;alt_text&quot;:&quot;&quot;,&quot;caption&quot;:&quot;\\u201c Essa luta n\\u00e3o \\u00e1 apenas dos povos ind\\u00edgenas, mas de todos n\\u00f3s, \\u00e9 uma luta pela prote\\u00e7\\u00e3o do planeta\\u201d -  trecho do Manifesto do Piara\\u00e7u&quot;,&quot;focus_image&quot;:&quot;&quot;,&quot;credits&quot;:&quot;\\u00a9 M\\u00eddia \\u00cdndia&quot;}]}}\"><\/div>\n<p><strong>Afrontas \u00e0 Constitui\u00e7\u00e3o<\/strong><\/p>\n\n<p>Al\u00e9m do total desprezo pelo que determina a Constitui\u00e7\u00e3o Federal em rela\u00e7\u00e3o \u00e0 obriga\u00e7\u00e3o de efetivar as demarca\u00e7\u00f5es das terras tradicionais, a gest\u00e3o Bolsonaro pretende abrir os territ\u00f3rios ind\u00edgenas para a explora\u00e7\u00e3o de min\u00e9rio, petr\u00f3leo e g\u00e1s, constru\u00e7\u00e3o de hidrel\u00e9tricas e instala\u00e7\u00e3o de agropecu\u00e1ria. E o que \u00e9 mais chocante: o projeto de lei em elabora\u00e7\u00e3o pelo governo, a princ\u00edpio, n\u00e3o d\u00e1 poder de veto aos ind\u00edgenas que, segundo a Carta Maior, t\u00eam usufruto exclusivo de seus territ\u00f3rios.<\/p>\n\n<p>\u201cA gente atendeu ao chamado do cacique Raoni compreendendo a urg\u00eancia de j\u00e1 neste in\u00edcio de ano o movimento fortalecer suas bases para este necess\u00e1rio enfrentamento \u00e0s graves ofensivas do governo. Foi nossa primeira a\u00e7\u00e3o de combate e contraponto \u00e0 inten\u00e7\u00e3o de permitir que mineradoras e pecuaristas explorem nossas terras, assim como contra o arrendamento e todo este desmonte das pol\u00edticas e direitos ind\u00edgenas. Este encontro ser\u00e1 seguido de muitas outras a\u00e7\u00f5es como esta, daqui at\u00e9 o final de 2020\u201d, anunciou S\u00f4nia Guajajara, da coordena\u00e7\u00e3o da Articula\u00e7\u00e3o dos Povos Ind\u00edgenas do Brasil (Apib).<\/p>\n\n<p>No Manifesto do Piara\u00e7u, as lideran\u00e7as presentes afirmam que n\u00e3o aceitar\u00e3o garimpo, minera\u00e7\u00e3o, arrendamento, madeireiros, pescadores ilegais ou hidrel\u00e9tricas em suas terras. \u201cSomos contra tudo aquilo que destr\u00f3i nossas florestas e nossos rios\u201d.<\/p>\n\n<p>A lideran\u00e7a do sul do Par\u00e1, O-\u00e9 Kaiap\u00f3, destacou dois aspectos que tamb\u00e9m foram ressaltados no documento final: \u201ceste encontro foi de suma import\u00e2ncia porque tanto nossos jovens como nossas mulheres protagonizaram boa parte dos debates sobre educa\u00e7\u00e3o, sa\u00fade, territ\u00f3rio e meio ambiente\u201d.<\/p>\n\n<p><strong>Alian\u00e7as necess\u00e1rias<\/strong><\/p>\n\n<p>S\u00f4nia Guajajara considera que o atual contexto pol\u00edtico exige o fortalecimento das alian\u00e7as com ribeirinhos, quilombolas e outras comunidades tradicionais, assim como com o movimento negro, de estudantes, mulheres, LGBT. \u201cSomente tendo unidade na luta \u00e9 que vamos conseguir resistir porque a avalanche que vem por a\u00ed \u00e9 enorme\u201d.<\/p>\n\n<p>O Greenpeace tem se posicionado ao lado dos povos ind\u00edgenas e defende que a demarca\u00e7\u00e3o de seus territ\u00f3rios \u00e9 uma maneira de assegurar seus direitos e modos de vida, garantidos pela Constitui\u00e7\u00e3o. Al\u00e9m disso, as terras ind\u00edgenas protegem e asseguram a manuten\u00e7\u00e3o da floresta em p\u00e9, o que \u00e9 fundamental em um contexto de emerg\u00eancia clim\u00e1tica e crise da biodiversidade que estamos atravessando.&nbsp;<\/p>\n\n<p>Leia o <a href=\"https:\/\/drive.google.com\/file\/d\/1HSsR0JnJcw3MYlKRzrinzgWsjVicw43s\/view\">Manifesto do Piara\u00e7u<\/a><br><\/p>\n<div class=\"EmptyMessage\">Block content is empty. Check the block&#8217;s settings or remove it.<\/div>","protected":false},"excerpt":{"rendered":"<p>Convocado pelo cacique Raoni, evento antecipa um ano de muita luta e o fortalecimento da alian\u00e7a entre ind\u00edgenas e comunidades tradicionais<\/p>\n","protected":false},"author":28,"featured_media":14346,"comment_status":"open","ping_status":"closed","sticky":false,"template":"","format":"standard","meta":{"ep_exclude_from_search":false,"p4_og_title":"","p4_og_description":"","p4_og_image":"","p4_og_image_id":"","p4_seo_canonical_url":"","p4_campaign_name":"not set","p4_local_project":"","p4_basket_name":"not set","p4_department":"","footnotes":""},"categories":[3],"tags":[22],"p4-page-type":[16],"class_list":["post-14345","post","type-post","status-publish","format-standard","has-post-thumbnail","hentry","category-proteja-a-natureza","tag-florestas","p4-page-type-blog"],"_links":{"self":[{"href":"https:\/\/www.greenpeace.org\/brasil\/wp-json\/wp\/v2\/posts\/14345","targetHints":{"allow":["GET"]}}],"collection":[{"href":"https:\/\/www.greenpeace.org\/brasil\/wp-json\/wp\/v2\/posts"}],"about":[{"href":"https:\/\/www.greenpeace.org\/brasil\/wp-json\/wp\/v2\/types\/post"}],"author":[{"embeddable":true,"href":"https:\/\/www.greenpeace.org\/brasil\/wp-json\/wp\/v2\/users\/28"}],"replies":[{"embeddable":true,"href":"https:\/\/www.greenpeace.org\/brasil\/wp-json\/wp\/v2\/comments?post=14345"}],"version-history":[{"count":6,"href":"https:\/\/www.greenpeace.org\/brasil\/wp-json\/wp\/v2\/posts\/14345\/revisions"}],"predecessor-version":[{"id":35308,"href":"https:\/\/www.greenpeace.org\/brasil\/wp-json\/wp\/v2\/posts\/14345\/revisions\/35308"}],"wp:featuredmedia":[{"embeddable":true,"href":"https:\/\/www.greenpeace.org\/brasil\/wp-json\/wp\/v2\/media\/14346"}],"wp:attachment":[{"href":"https:\/\/www.greenpeace.org\/brasil\/wp-json\/wp\/v2\/media?parent=14345"}],"wp:term":[{"taxonomy":"category","embeddable":true,"href":"https:\/\/www.greenpeace.org\/brasil\/wp-json\/wp\/v2\/categories?post=14345"},{"taxonomy":"post_tag","embeddable":true,"href":"https:\/\/www.greenpeace.org\/brasil\/wp-json\/wp\/v2\/tags?post=14345"},{"taxonomy":"p4-page-type","embeddable":true,"href":"https:\/\/www.greenpeace.org\/brasil\/wp-json\/wp\/v2\/p4-page-type?post=14345"}],"curies":[{"name":"wp","href":"https:\/\/api.w.org\/{rel}","templated":true}]}}