{"id":14372,"date":"2020-01-28T12:48:19","date_gmt":"2020-01-28T15:48:19","guid":{"rendered":"https:\/\/www.greenpeace.org\/brasil\/?p=14372"},"modified":"2025-07-02T04:34:13","modified_gmt":"2025-07-02T07:34:13","slug":"essa-luta-nao-e-apenas-dos-povos-indigenas-mas-de-todos-nos-e-uma-luta-pela-vida-do-planeta","status":"publish","type":"post","link":"https:\/\/www.greenpeace.org\/brasil\/blog\/essa-luta-nao-e-apenas-dos-povos-indigenas-mas-de-todos-nos-e-uma-luta-pela-vida-do-planeta\/","title":{"rendered":"\u201cEssa luta n\u00e3o \u00e9 apenas dos povos ind\u00edgenas, mas de todos n\u00f3s, \u00e9 uma luta pela vida do Planeta\u201d"},"content":{"rendered":"\n<h4 class=\"wp-block-heading\">A frase acima \u00e9 do Manifesto do Piara\u00e7u, no qual lideran\u00e7as ind\u00edgenas de diversos povos reafirmam a defesa de seus territ\u00f3rios e o rep\u00fadio \u00e0 abertura das terras ind\u00edgenas para a explora\u00e7\u00e3o<br><\/h4>\n\n<figure class=\"wp-block-image size-large  caption-style-blue-overlay caption-alignment-center\"><img loading=\"lazy\" decoding=\"async\" width=\"1024\" height=\"683\" src=\"https:\/\/www.greenpeace.org\/static\/planet4-brasil-stateless\/2020\/01\/adc9e63e-gp03cmp_medium_res_with_credit_line-1024x683.jpg\" alt=\"Imagem mostra floresta desmatada e destru\u00edda pela explora\u00e7\u00e3o garimpeira, com rio de cor turva e barrenta ao lado das \u00e1rvores derrubadas.\" class=\"wp-image-14373\" srcset=\"https:\/\/www.greenpeace.org\/static\/planet4-brasil-stateless\/2020\/01\/adc9e63e-gp03cmp_medium_res_with_credit_line-1024x683.jpg 1024w, https:\/\/www.greenpeace.org\/static\/planet4-brasil-stateless\/2020\/01\/adc9e63e-gp03cmp_medium_res_with_credit_line-300x200.jpg 300w, https:\/\/www.greenpeace.org\/static\/planet4-brasil-stateless\/2020\/01\/adc9e63e-gp03cmp_medium_res_with_credit_line-768x512.jpg 768w, https:\/\/www.greenpeace.org\/static\/planet4-brasil-stateless\/2020\/01\/adc9e63e-gp03cmp_medium_res_with_credit_line-510x340.jpg 510w, https:\/\/www.greenpeace.org\/static\/planet4-brasil-stateless\/2020\/01\/adc9e63e-gp03cmp_medium_res_with_credit_line.jpg 1200w\" sizes=\"auto, (max-width: 1024px) 100vw, 1024px\" \/><figcaption>Garimpo causa destrui\u00e7\u00e3o em floresta protegida no Par\u00e1, em 2011.  \u00a9 Marizilda Cruppe\/Greenpeace<\/figcaption><\/figure>\n\n<p>O ano mal come\u00e7ou e as amea\u00e7as aos povos ind\u00edgenas est\u00e3o ainda mais graves. Entre o final de 2019 e o in\u00edcio de 2020, o governo Bolsonaro anunciou que tem um projeto pronto para encaminhar ao Congresso Nacional sobre a abertura das terras ind\u00edgenas para explora\u00e7\u00e3o econ\u00f4mica.&nbsp;<\/p>\n\n<p>Segundo <a href=\"https:\/\/oglobo.globo.com\/brasil\/projeto-do-governo-libera-exploracao-economica-ampla-em-terras-indigenas-1-24184572\">reportagem do jornal O Globo<\/a>, o projeto, que ainda n\u00e3o foi divulgado, envolveria abrir as terras ind\u00edgenas para diversos tipos de atividades predat\u00f3rias, como, al\u00e9m da explora\u00e7\u00e3o mineral, a possibilidade de constru\u00e7\u00e3o de hidrel\u00e9tricas, a explora\u00e7\u00e3o de petr\u00f3leo e g\u00e1s e a agropecu\u00e1ria. Tudo isso seria feito sem permitir que os ind\u00edgenas tenham poder de veto a essas atividades que ocorreriam dentro de suas pr\u00f3prias terras. A Constitui\u00e7\u00e3o Federal garante aos povos ind\u00edgenas o direito de viverem de acordo com seus costumes e tradi\u00e7\u00f5es e \u00e9 dever do governo garantir que este direito seja cumprido.&nbsp;<\/p>\n\n<p>Entre 14 e 17 de janeiro, 450 lideran\u00e7as ind\u00edgenas de 45 povos j\u00e1 se mobilizaram contra essas amea\u00e7as e <a href=\"https:\/\/www.greenpeace.org\/brasil\/blog\/a-resistencia-continua-encontro-em-mato-grosso-abre-as-mobilizacoes-indigenas-de-2020\/\">realizaram um encontro <\/a>para manifestar seu rep\u00fadio a este projeto que pode ser apresentado a qualquer momento pelo governo Bolsonaro. Do encontro, eles divulgaram o Manifesto do Piara\u00e7u, que revela a import\u00e2ncia da defesa da floresta e de todos os povos que nela vivem:<\/p>\n\n<p>\u201cN\u00e3o precisamos destruir para produzir. N\u00e3o podem vender as nossas riquezas, o dinheiro n\u00e3o paga por elas. O nosso territ\u00f3rio \u00e9 muito rico, n\u00e3o de dinheiro, somos ricos de diversidade e toda essa floresta depende da nossa cultura para ficar em p\u00e9. O que vale para n\u00f3s \u00e9 a nossa terra. Isso vale mais do que a vida. E quem pode sustentar a natureza somos n\u00f3s, que nunca destru\u00edmos ou polu\u00edmos o nosso rio. N\u00f3s cuidamos da nossa terra, sabemos o valor que ela tem. Precisamos proteger aquilo que nossos antepassados deixaram para n\u00f3s\u201d, afirma o manifesto. (<a href=\"https:\/\/drive.google.com\/file\/d\/1HSsR0JnJcw3MYlKRzrinzgWsjVicw43s\/view\">Leia a \u00edntegra aqui<\/a>).<\/p>\n\n<p><strong>Mas por que a abertura das terras ind\u00edgenas para a explora\u00e7\u00e3o \u00e9 t\u00e3o negativa?<\/strong><\/p>\n\n<p>A explora\u00e7\u00e3o econ\u00f4mica das terras ind\u00edgenas por meio de atividades predat\u00f3rias fere o direito constitucional dos povos ind\u00edgenas de viver conforme seus costumes e tradi\u00e7\u00f5es e agrava as amea\u00e7as \u00e0 conserva\u00e7\u00e3o da floresta e da biodiversidade, especialmente na Amaz\u00f4nia, onde se encontra a maior parte das terras ind\u00edgenas, o maior interesse miner\u00e1rio e as maiores tens\u00f5es e conflitos de terra.<\/p>\n\n<p>\u201cO governo est\u00e1 tentando vender uma imagem de que a explora\u00e7\u00e3o das Terras Ind\u00edgenas traria progresso para os povos ind\u00edgenas. Mas a verdade \u00e9 que o dinheiro iria embora na m\u00e3o de poucos. Para os ind\u00edgenas, ficariam os impactos nos rios, na floresta e na sua organiza\u00e7\u00e3o social\u201d, afirma Luiza Lima, da campanha de Pol\u00edticas P\u00fablicas do Greenpeace. \u201cEstes impactos, ali\u00e1s, v\u00e3o al\u00e9m dos pr\u00f3prios territ\u00f3rios, podendo contaminar recursos h\u00eddricos essenciais \u00e0 manuten\u00e7\u00e3o da sa\u00fade p\u00fablica dos brasileiros\u201d.\u00a0<\/p>\n\n<p>Al\u00e9m disso, as terras ind\u00edgenas protegem e asseguram a manuten\u00e7\u00e3o da floresta em p\u00e9, o que \u00e9 fundamental no atual contexto de emerg\u00eancia clim\u00e1tica e crise da biodiversidade que o mundo est\u00e1 presenciando.&nbsp;J\u00e1 a explora\u00e7\u00e3o mineral&nbsp; \u00e9 uma atividade de alt\u00edssimo impacto, com grande potencial de contaminar solo e \u00e1gua, al\u00e9m dos animais. <\/p>\n\n<p>Muitos povos ind\u00edgenas j\u00e1 enfrentam esse tipo de situa\u00e7\u00e3o em seus territ\u00f3rios e lidam cotidianamente com a viol\u00eancia trazida por essa explora\u00e7\u00e3o. Como se n\u00e3o bastasse, al\u00e9m de causar danos ambientais pela sua explora\u00e7\u00e3o em si, a explora\u00e7\u00e3o mineral muitas vezes vem acompanhada de outras atividades predat\u00f3rias que causam press\u00e3o sobre a floresta, como a invas\u00e3o ilegal para retirada de madeira ou o roubo de outras riquezas.<\/p>\n\n<p>Segundo dados do Instituto Socioambiental (ISA) publicados em <a href=\"https:\/\/reporterbrasil.org.br\/2019\/10\/projeto-do-governo-de-ampliar-mineracao-ameaca-30-das-terras-indigenas-do-pais\/\">reportagem da Rep\u00f3rter Brasil<\/a>, as \u00e1reas que atraem interesse das empresas de minera\u00e7\u00e3o equivalem a 28 milh\u00f5es de campos de futebol e atingem 160 etnias, sendo 12 delas de povos isolados.<\/p>\n\n<p>O Greenpeace Brasil defende que todas as terras ind\u00edgenas sejam demarcadas e protegidas, conforme prev\u00ea a Constitui\u00e7\u00e3o Brasileira. O Estado deve cumprir seu papel de proteger e promover os direitos ind\u00edgenas, garantindo que os povos possam escolher livremente o seu modo de vida, sem comprometer sua sobreviv\u00eancia f\u00edsica e cultural.<br><\/p>\n\n<p><\/p>\n\n<p><br><\/p>\n","protected":false},"excerpt":{"rendered":"<p>Lideran\u00e7as ind\u00edgenas de diversos povos reafirmam a defesa de seus territ\u00f3rios e o rep\u00fadio \u00e0 abertura das terras ind\u00edgenas para a explora\u00e7\u00e3o.<\/p>\n","protected":false},"author":28,"featured_media":14373,"comment_status":"open","ping_status":"closed","sticky":false,"template":"","format":"standard","meta":{"ep_exclude_from_search":false,"p4_og_title":"","p4_og_description":"","p4_og_image":"","p4_og_image_id":"","p4_seo_canonical_url":"","p4_campaign_name":"not set","p4_local_project":"","p4_basket_name":"not set","p4_department":"","footnotes":""},"categories":[49],"tags":[22],"p4-page-type":[16],"class_list":["post-14372","post","type-post","status-publish","format-standard","has-post-thumbnail","hentry","category-amazonia","tag-florestas","p4-page-type-blog"],"_links":{"self":[{"href":"https:\/\/www.greenpeace.org\/brasil\/wp-json\/wp\/v2\/posts\/14372","targetHints":{"allow":["GET"]}}],"collection":[{"href":"https:\/\/www.greenpeace.org\/brasil\/wp-json\/wp\/v2\/posts"}],"about":[{"href":"https:\/\/www.greenpeace.org\/brasil\/wp-json\/wp\/v2\/types\/post"}],"author":[{"embeddable":true,"href":"https:\/\/www.greenpeace.org\/brasil\/wp-json\/wp\/v2\/users\/28"}],"replies":[{"embeddable":true,"href":"https:\/\/www.greenpeace.org\/brasil\/wp-json\/wp\/v2\/comments?post=14372"}],"version-history":[{"count":8,"href":"https:\/\/www.greenpeace.org\/brasil\/wp-json\/wp\/v2\/posts\/14372\/revisions"}],"predecessor-version":[{"id":58735,"href":"https:\/\/www.greenpeace.org\/brasil\/wp-json\/wp\/v2\/posts\/14372\/revisions\/58735"}],"wp:featuredmedia":[{"embeddable":true,"href":"https:\/\/www.greenpeace.org\/brasil\/wp-json\/wp\/v2\/media\/14373"}],"wp:attachment":[{"href":"https:\/\/www.greenpeace.org\/brasil\/wp-json\/wp\/v2\/media?parent=14372"}],"wp:term":[{"taxonomy":"category","embeddable":true,"href":"https:\/\/www.greenpeace.org\/brasil\/wp-json\/wp\/v2\/categories?post=14372"},{"taxonomy":"post_tag","embeddable":true,"href":"https:\/\/www.greenpeace.org\/brasil\/wp-json\/wp\/v2\/tags?post=14372"},{"taxonomy":"p4-page-type","embeddable":true,"href":"https:\/\/www.greenpeace.org\/brasil\/wp-json\/wp\/v2\/p4-page-type?post=14372"}],"curies":[{"name":"wp","href":"https:\/\/api.w.org\/{rel}","templated":true}]}}