{"id":1448,"date":"2009-02-28T22:44:00","date_gmt":"2009-02-28T22:44:00","guid":{"rendered":"https:\/\/www.greenpeace.org\/brasil\/blog\/nossos-oceanos-e-o-clima\/"},"modified":"2019-11-06T05:21:39","modified_gmt":"2019-11-06T08:21:39","slug":"nossos-oceanos-e-o-clima","status":"publish","type":"post","link":"https:\/\/www.greenpeace.org\/brasil\/blog\/nossos-oceanos-e-o-clima\/","title":{"rendered":"Nossos oceanos e o clima"},"content":{"rendered":"<div class=\"post-content\">\n<h4><em>Nossos oceanos produzem 70% do oxig\u00eanio que respiramos e abrigam 80% das esp\u00e9cies animais e vegetais<\/em><\/h4>\n<table style=\"padding: 4px; background: #ebedf0; text-align: center;\">\n<tbody>\n<tr>\n<td width=\"200px\"><img loading=\"lazy\" decoding=\"async\" title=\"timbebas\" src=\"https:\/\/www.greenpeace.org\/static\/planet4-brasil-stateless\/2018\/07\/281_274.jpg\" alt=\"\" width=\"400\" height=\"268\" \/><\/td>\n<\/tr>\n<tr>\n<td>Foto: Greenpeace \/ Alcides Falanghe<\/td>\n<\/tr>\n<\/tbody>\n<\/table>\n<p>\u00c9 indiscut\u00edvel a import\u00e2ncia dos oceanos para o nosso planeta. Toda vida que existe na Terra depende deles. Eles produzem 70% do oxig\u00eanio que respiramos e abrigam 80% das esp\u00e9cies animais e vegetais. S\u00e3o fonte de alimentos, energia, \u00e1gua e sal, entre outras mat\u00e9rias-primas importantes. Milh\u00f5es de pessoas vivem em comunidades costeiras, utilizando os mares como meio de transporte, lazer e turismo. Os oceanos s\u00e3o, especialmente, um importante regulador clim\u00e1tico, absorvendo boa parte do calor gerado no planeta e acomodando varia\u00e7\u00f5es de temperatura, e ainda s\u00e3o o maior sumidouro de carbono da Terra, absorvendo cerca de 90% de todas as emiss\u00f5es de CO2. H\u00e1 ainda uma biodiversidade enorme e incr\u00edvel existente no fundo do mar que n\u00f3s, da terra, n\u00e3o conseguimos enxergar. Um ecossistema complexo, perfeito e equilibrado.<\/p>\n<p>Mas, essa vida marinha est\u00e1 amea\u00e7ada. O decl\u00ednio na qualidade das \u00e1guas resultante da polui\u00e7\u00e3o e da ocupa\u00e7\u00e3o desenfreada da zona costeira, mais as mudan\u00e7as clim\u00e1ticas que aumentam a temperatura da \u00e1gua e a intensidade da radia\u00e7\u00e3o solar, causam, por exemplo, o branqueamento dos corais e a mortalidade em massa desses seres e, consequentemente, a perda da biodiversidade. A regi\u00e3o onde estamos agora, Abrolhos, \u00e9 a maior \u00e1rea recifal do Atl\u00e2ntico Sul, e hoje j\u00e1 sente de perto os impactos do aquecimento global. Abrolhos possui uma grande \u00e1rea de algas calc\u00e1reas, que s\u00e3o grandes dep\u00f3sitos de carbono e ajudam a manter a fun\u00e7\u00e3o regulat\u00f3ria natural dos oceanos como pulm\u00e3o do planeta. Dados cient\u00edficos prev\u00eaem tamb\u00e9m que a acidifica\u00e7\u00e3o dos oceanos ser\u00e1 outra s\u00e9ria amea\u00e7a aos recifes de coral. Como os oceanos absorvem volumes cada vez maiores de di\u00f3xido de carbono da atmosfera, a acidez da \u00e1gua aumenta e o pH diminui, o que prejudica gravemente a capacidade dos corais constru\u00edrem seus esqueletos, que formam as funda\u00e7\u00f5es dos recifes. Os corais c\u00e9rebro, que ocorrem apenas na costa brasileira, s\u00e3o os maiores respons\u00e1veis pela forma\u00e7\u00e3o coral\u00ednea existente no Banco dos Abrolhos, e est\u00e3o igualmente amea\u00e7ados.<\/p>\n<p>Juntamente com a Conservation International, documentamos a vida marinha no Recife das Timbebas, para estudar os impactos das mudan\u00e7as clim\u00e1ticas nesta regi\u00e3o. <a href=\"http:\/\/www.flickr.com\/photos\/greenpeacebrasil\/sets\/72157614588214500\/\" target=\"_blank\" rel=\"noopener noreferrer\">Confira as fotos<\/a>:<\/p>\n<p><object width=\"400\" height=\"300\" classid=\"clsid:d27cdb6e-ae6d-11cf-96b8-444553540000\" codebase=\"http:\/\/download.macromedia.com\/pub\/shockwave\/cabs\/flash\/swflash.cab#version=6,0,40,0\"><param name=\"flashvars\" value=\"&amp;offsite=true&amp;lang=pt-br&amp;page_show_url=%2Fphotos%2Fgreenpeacebrasil%2Fsets%2F72157614588214500%2Fshow%2F&amp;page_show_back_url=%2Fphotos%2Fgreenpeacebrasil%2Fsets%2F72157614588214500%2F&amp;set_id=72157614588214500&amp;jump_to=\" \/><param name=\"allowFullScreen\" value=\"true\" \/><param name=\"src\" value=\"http:\/\/www.flickr.com\/apps\/slideshow\/show.swf?v=67348\" \/><embed type=\"application\/x-shockwave-flash\" width=\"400\" height=\"300\" src=\"http:\/\/www.flickr.com\/apps\/slideshow\/show.swf?v=67348\" allowfullscreen=\"allowfullscreen\" flashvars=\"&amp;offsite=true&amp;lang=pt-br&amp;page_show_url=%2Fphotos%2Fgreenpeacebrasil%2Fsets%2F72157614588214500%2Fshow%2F&amp;page_show_back_url=%2Fphotos%2Fgreenpeacebrasil%2Fsets%2F72157614588214500%2F&amp;set_id=72157614588214500&amp;jump_to=\" \/><\/object><\/p>\n<\/div>\n","protected":false},"excerpt":{"rendered":"<p>Nossos oceanos produzem 70% do oxig\u00eanio que respiramos e abrigam 80% das esp\u00e9cies animais e vegetais. <\/p>\n","protected":false},"author":28,"featured_media":1450,"comment_status":"open","ping_status":"open","sticky":false,"template":"","format":"standard","meta":{"ep_exclude_from_search":false,"p4_og_title":"","p4_og_description":"","p4_og_image":"","p4_og_image_id":"","p4_seo_canonical_url":"","p4_campaign_name":"","p4_local_project":"","p4_basket_name":"","p4_department":"","footnotes":""},"categories":[3],"tags":[26,6],"p4-page-type":[16],"class_list":["post-1448","post","type-post","status-publish","format-standard","has-post-thumbnail","hentry","category-proteja-a-natureza","tag-biodiversidade","tag-clima","p4-page-type-blog"],"_links":{"self":[{"href":"https:\/\/www.greenpeace.org\/brasil\/wp-json\/wp\/v2\/posts\/1448","targetHints":{"allow":["GET"]}}],"collection":[{"href":"https:\/\/www.greenpeace.org\/brasil\/wp-json\/wp\/v2\/posts"}],"about":[{"href":"https:\/\/www.greenpeace.org\/brasil\/wp-json\/wp\/v2\/types\/post"}],"author":[{"embeddable":true,"href":"https:\/\/www.greenpeace.org\/brasil\/wp-json\/wp\/v2\/users\/28"}],"replies":[{"embeddable":true,"href":"https:\/\/www.greenpeace.org\/brasil\/wp-json\/wp\/v2\/comments?post=1448"}],"version-history":[{"count":4,"href":"https:\/\/www.greenpeace.org\/brasil\/wp-json\/wp\/v2\/posts\/1448\/revisions"}],"predecessor-version":[{"id":13015,"href":"https:\/\/www.greenpeace.org\/brasil\/wp-json\/wp\/v2\/posts\/1448\/revisions\/13015"}],"wp:featuredmedia":[{"embeddable":true,"href":"https:\/\/www.greenpeace.org\/brasil\/wp-json\/wp\/v2\/media\/1450"}],"wp:attachment":[{"href":"https:\/\/www.greenpeace.org\/brasil\/wp-json\/wp\/v2\/media?parent=1448"}],"wp:term":[{"taxonomy":"category","embeddable":true,"href":"https:\/\/www.greenpeace.org\/brasil\/wp-json\/wp\/v2\/categories?post=1448"},{"taxonomy":"post_tag","embeddable":true,"href":"https:\/\/www.greenpeace.org\/brasil\/wp-json\/wp\/v2\/tags?post=1448"},{"taxonomy":"p4-page-type","embeddable":true,"href":"https:\/\/www.greenpeace.org\/brasil\/wp-json\/wp\/v2\/p4-page-type?post=1448"}],"curies":[{"name":"wp","href":"https:\/\/api.w.org\/{rel}","templated":true}]}}