{"id":1451,"date":"2009-03-23T17:02:00","date_gmt":"2009-03-23T17:02:00","guid":{"rendered":"https:\/\/www.greenpeace.org\/brasil\/blog\/por-que-salvar-os-oceanos-e-tao-importante\/"},"modified":"2019-11-06T05:21:39","modified_gmt":"2019-11-06T08:21:39","slug":"por-que-salvar-os-oceanos-e-tao-importante","status":"publish","type":"post","link":"https:\/\/www.greenpeace.org\/brasil\/blog\/por-que-salvar-os-oceanos-e-tao-importante\/","title":{"rendered":"Por que salvar os oceanos \u00e9 t\u00e3o importante?"},"content":{"rendered":"<div class=\"post-content\">\n<div>\n<h4><em>A pergunta \u00e9 recorrente quando participamos de qualquer atividade<\/em><\/h4>\n<p>A resposta \u00e9 simples: por que os oceanos s\u00e3o respons\u00e1veis por absorver 90% de todo o CO2 presente hoje na atmosfera. Eles s\u00e3o os verdadeiros pulm\u00f5es do planeta! Cobrem nada mais, nada menos que 70% da superf\u00edcie da Terra.<\/p>\n<p>Hoje o Brasil tem apenas 0,4% de sua costa protegida sob alguma modalidade de unidade de conserva\u00e7\u00e3o. Menor que a m\u00e9dia mundial de 1%, insuficiente para a recupera\u00e7\u00e3o da biodiversidade e para a sa\u00fade dos oceanos.<\/p>\n<table style=\"padding: 4px; background: #ebedf0; text-align: center;\">\n<tbody>\n<tr>\n<td width=\"200px\"><img loading=\"lazy\" decoding=\"async\" title=\"corais_millepora-alcicornis2\" src=\"https:\/\/www.greenpeace.org\/static\/planet4-brasil-stateless\/2018\/07\/296_289.jpg\" alt=\"foto: Greenpeace\/Alcides Falanghe\" width=\"400\" height=\"267\" \/><\/td>\n<\/tr>\n<tr>\n<td>foto: Greenpeace\/Alcides Falanghe<\/td>\n<\/tr>\n<\/tbody>\n<\/table>\n<p>O Greenpeace luta pela implementa\u00e7\u00e3o de \u00e1reas marinhas protegidas, n\u00e3o s\u00f3 no Brasil, <a target=\"_blank\" rel=\"noopener noreferrer\">como fez com a a\u00e7\u00e3o em Abrolhos h\u00e1 algumas semanas;<\/a> \u00a0como tamb\u00e9m na India, onde a gigante TATA Motors, tem a inten\u00e7\u00e3o de construir um porto na cidade de Dhamra, bem em cima da \u00e1rea de reprodu\u00e7\u00e3o de tartarugas oliva.<\/p>\n<p><a href=\"http:\/\/www.greenpeace.org.br\/cop\/envie_msg.php\" target=\"_blank\" rel=\"noopener noreferrer\"> Ajude o Greenpeace Brasil a cobrar do governo Lula a prote\u00e7\u00e3o dos Oceanos aqui!\u00a0<\/a><br \/>\n<a href=\"http:\/\/www.greenpeace.in\/turtle\/take-action\" target=\"_blank\" rel=\"noopener noreferrer\"> E ajude o Greenpeace \u00cdndia a conseguir proteger este santu\u00e1rio de procria\u00e7\u00e3o de tartarugas.<\/a><\/p>\n<p>Proteger os Oceanos.<br \/>\n\u00c9 agora ou agora.<\/p>\n<\/div>\n<\/div>\n","protected":false},"excerpt":{"rendered":"<p>A pergunta \u00e9 recorrente quando participamos de qualquer atividade<\/p>\n","protected":false},"author":28,"featured_media":1452,"comment_status":"open","ping_status":"open","sticky":false,"template":"","format":"standard","meta":{"ep_exclude_from_search":false,"p4_og_title":"","p4_og_description":"","p4_og_image":"","p4_og_image_id":"","p4_seo_canonical_url":"","p4_campaign_name":"","p4_local_project":"","p4_basket_name":"","p4_department":"","footnotes":""},"categories":[3],"tags":[26,6],"p4-page-type":[16],"class_list":["post-1451","post","type-post","status-publish","format-standard","has-post-thumbnail","hentry","category-proteja-a-natureza","tag-biodiversidade","tag-clima","p4-page-type-blog"],"_links":{"self":[{"href":"https:\/\/www.greenpeace.org\/brasil\/wp-json\/wp\/v2\/posts\/1451","targetHints":{"allow":["GET"]}}],"collection":[{"href":"https:\/\/www.greenpeace.org\/brasil\/wp-json\/wp\/v2\/posts"}],"about":[{"href":"https:\/\/www.greenpeace.org\/brasil\/wp-json\/wp\/v2\/types\/post"}],"author":[{"embeddable":true,"href":"https:\/\/www.greenpeace.org\/brasil\/wp-json\/wp\/v2\/users\/28"}],"replies":[{"embeddable":true,"href":"https:\/\/www.greenpeace.org\/brasil\/wp-json\/wp\/v2\/comments?post=1451"}],"version-history":[{"count":5,"href":"https:\/\/www.greenpeace.org\/brasil\/wp-json\/wp\/v2\/posts\/1451\/revisions"}],"predecessor-version":[{"id":13014,"href":"https:\/\/www.greenpeace.org\/brasil\/wp-json\/wp\/v2\/posts\/1451\/revisions\/13014"}],"wp:featuredmedia":[{"embeddable":true,"href":"https:\/\/www.greenpeace.org\/brasil\/wp-json\/wp\/v2\/media\/1452"}],"wp:attachment":[{"href":"https:\/\/www.greenpeace.org\/brasil\/wp-json\/wp\/v2\/media?parent=1451"}],"wp:term":[{"taxonomy":"category","embeddable":true,"href":"https:\/\/www.greenpeace.org\/brasil\/wp-json\/wp\/v2\/categories?post=1451"},{"taxonomy":"post_tag","embeddable":true,"href":"https:\/\/www.greenpeace.org\/brasil\/wp-json\/wp\/v2\/tags?post=1451"},{"taxonomy":"p4-page-type","embeddable":true,"href":"https:\/\/www.greenpeace.org\/brasil\/wp-json\/wp\/v2\/p4-page-type?post=1451"}],"curies":[{"name":"wp","href":"https:\/\/api.w.org\/{rel}","templated":true}]}}