{"id":14636,"date":"2020-02-13T14:48:51","date_gmt":"2020-02-13T17:48:51","guid":{"rendered":"https:\/\/www.greenpeace.org\/brasil\/?p=14636"},"modified":"2024-05-24T14:42:35","modified_gmt":"2024-05-24T17:42:35","slug":"como-esta-a-mobilidade-urbana-no-brasil","status":"publish","type":"post","link":"https:\/\/www.greenpeace.org\/brasil\/blog\/como-esta-a-mobilidade-urbana-no-brasil\/","title":{"rendered":"Como est\u00e1 a mobilidade urbana no Brasil?"},"content":{"rendered":"\n<h4 class=\"wp-block-heading\">Em novo relat\u00f3rio, o Greenpeace traz um levantamento dos observat\u00f3rios de mobilidade urbana e uma proposta de plataforma para unific\u00e1-los.<\/h4>\n\n<figure class=\"wp-block-image size-large  caption-style-blue-overlay caption-alignment-center\"><img loading=\"lazy\" decoding=\"async\" width=\"1024\" height=\"700\" src=\"https:\/\/www.greenpeace.org\/static\/planet4-brasil-stateless\/2020\/02\/e6a0a1b7-gp0stpdv5_medium_res-1024x700.jpg\" alt=\"\" class=\"wp-image-14642\" srcset=\"https:\/\/www.greenpeace.org\/static\/planet4-brasil-stateless\/2020\/02\/e6a0a1b7-gp0stpdv5_medium_res-1024x700.jpg 1024w, https:\/\/www.greenpeace.org\/static\/planet4-brasil-stateless\/2020\/02\/e6a0a1b7-gp0stpdv5_medium_res-300x205.jpg 300w, https:\/\/www.greenpeace.org\/static\/planet4-brasil-stateless\/2020\/02\/e6a0a1b7-gp0stpdv5_medium_res-768x525.jpg 768w, https:\/\/www.greenpeace.org\/static\/planet4-brasil-stateless\/2020\/02\/e6a0a1b7-gp0stpdv5_medium_res-498x340.jpg 498w, https:\/\/www.greenpeace.org\/static\/planet4-brasil-stateless\/2020\/02\/e6a0a1b7-gp0stpdv5_medium_res.jpg 1200w\" sizes=\"auto, (max-width: 1024px) 100vw, 1024px\" \/><figcaption>Foto: \u00a9 Paul Langrock \/ Greenpeace<\/figcaption><\/figure>\n\n<p>H\u00e1 algum tempo o Brasil passa por uma verdadeira transforma\u00e7\u00e3o na sua gest\u00e3o de pol\u00edticas p\u00fablicas para a mobilidade urbana com marcos regulat\u00f3rios importantes como a Pol\u00edtica Nacional de Mobilidade Urbana e o Estatuto das Metr\u00f3poles.&nbsp;<\/p>\n\n<p>Tais iniciativas t\u00eam como prerrogativa moldar a forma como os munic\u00edpios pensam e priorizam os diferentes modos de transporte dentro de seus limites. A\u00e7\u00f5es de monitoramento das pol\u00edticas de mobilidade urbana, aquisi\u00e7\u00e3o e produ\u00e7\u00e3o de base de dados, al\u00e9m de in\u00fameras outras iniciativas de plataformas, v\u00eam surgindo para responder aos desafios que munic\u00edpios de m\u00e9dio e grande porte t\u00eam enfrentado com a aplica\u00e7\u00e3o de planos de mobilidade urbana e com planos diretores \u2013 algumas vezes aplicados em conjunto.&nbsp;<\/p>\n\n<p>Por conta deste cen\u00e1rio, o Greenpeace iniciou ao final de 2018 a realiza\u00e7\u00e3o de estudo de viabilidade para cria\u00e7\u00e3o da proposta de um &#8220;Hub de Mobilidade&#8221;. Essa iniciativa teve como objetivo a apresenta\u00e7\u00e3o de forma estruturada de informa\u00e7\u00f5es que pudessem subsidiar a cria\u00e7\u00e3o de uma proposta de observat\u00f3rio.&nbsp;<\/p>\n\n<p>O relat\u00f3rio &#8220;Observat\u00f3rios de Mobilidade Urbana &#8211; <em>An\u00e1lise qualitativa das ferramentas existentes e proposta de unidade dentro desse universo<\/em>&#8221; \u00e9 resultado de escuta ativa por parte do Greenpeace com uma proposta de plataforma a ser desenvolvida e aperfei\u00e7oada.&nbsp;<\/p>\n\n<p>Seria, ent\u00e3o, poss\u00edvel pensarmos na cria\u00e7\u00e3o de um ambiente \u00fanico que sirva como base para a tomada de decis\u00f5es estrat\u00e9gicas sobre mobilidade urbana, diminuindo seus impactos negativos na vida das pessoas e sobre o meio ambiente? Essa \u00e9 a pergunta fundamental que norteou o levantamento apresentado aqui.&nbsp;<\/p>\n\n<p><a href=\"https:\/\/www.greenpeace.org\/brasil\/?p=14786\/\">Confira os resultados no nosso relat\u00f3rio aqui.&nbsp;<br><\/a><\/p>\n\n<p><\/p>\n\n<p><br><\/p>\n\n<p><\/p>\n","protected":false},"excerpt":{"rendered":"<p>Em novo relat\u00f3rio, o Greenpeace traz um levantamento dos observat\u00f3rios de mobilidade urbana e uma proposta de plataforma para unific\u00e1-los.<\/p>\n","protected":false},"author":25,"featured_media":14642,"comment_status":"open","ping_status":"closed","sticky":false,"template":"","format":"standard","meta":{"ep_exclude_from_search":false,"p4_og_title":"","p4_og_description":"","p4_og_image":"","p4_og_image_id":"","p4_seo_canonical_url":"","p4_campaign_name":"not set","p4_local_project":"","p4_basket_name":"not set","p4_department":"","footnotes":""},"categories":[48,2],"tags":[],"p4-page-type":[16],"class_list":["post-14636","post","type-post","status-publish","format-standard","has-post-thumbnail","hentry","category-justica-climatica","category-transforme-a-sociedade","p4-page-type-blog"],"_links":{"self":[{"href":"https:\/\/www.greenpeace.org\/brasil\/wp-json\/wp\/v2\/posts\/14636","targetHints":{"allow":["GET"]}}],"collection":[{"href":"https:\/\/www.greenpeace.org\/brasil\/wp-json\/wp\/v2\/posts"}],"about":[{"href":"https:\/\/www.greenpeace.org\/brasil\/wp-json\/wp\/v2\/types\/post"}],"author":[{"embeddable":true,"href":"https:\/\/www.greenpeace.org\/brasil\/wp-json\/wp\/v2\/users\/25"}],"replies":[{"embeddable":true,"href":"https:\/\/www.greenpeace.org\/brasil\/wp-json\/wp\/v2\/comments?post=14636"}],"version-history":[{"count":5,"href":"https:\/\/www.greenpeace.org\/brasil\/wp-json\/wp\/v2\/posts\/14636\/revisions"}],"predecessor-version":[{"id":52930,"href":"https:\/\/www.greenpeace.org\/brasil\/wp-json\/wp\/v2\/posts\/14636\/revisions\/52930"}],"wp:featuredmedia":[{"embeddable":true,"href":"https:\/\/www.greenpeace.org\/brasil\/wp-json\/wp\/v2\/media\/14642"}],"wp:attachment":[{"href":"https:\/\/www.greenpeace.org\/brasil\/wp-json\/wp\/v2\/media?parent=14636"}],"wp:term":[{"taxonomy":"category","embeddable":true,"href":"https:\/\/www.greenpeace.org\/brasil\/wp-json\/wp\/v2\/categories?post=14636"},{"taxonomy":"post_tag","embeddable":true,"href":"https:\/\/www.greenpeace.org\/brasil\/wp-json\/wp\/v2\/tags?post=14636"},{"taxonomy":"p4-page-type","embeddable":true,"href":"https:\/\/www.greenpeace.org\/brasil\/wp-json\/wp\/v2\/p4-page-type?post=14636"}],"curies":[{"name":"wp","href":"https:\/\/api.w.org\/{rel}","templated":true}]}}