{"id":1502,"date":"2015-02-25T00:00:00","date_gmt":"2015-02-25T00:00:00","guid":{"rendered":"https:\/\/www.greenpeace.org\/brasil\/blog\/vamos-salvar-a-floresta-boreal\/"},"modified":"2019-11-06T05:21:27","modified_gmt":"2019-11-06T08:21:27","slug":"vamos-salvar-a-floresta-boreal","status":"publish","type":"post","link":"https:\/\/www.greenpeace.org\/brasil\/blog\/vamos-salvar-a-floresta-boreal\/","title":{"rendered":"Vamos salvar a floresta Boreal?"},"content":{"rendered":"<h4 class=\"leader\"><em>O bioma, que possui o maior potencial de estocagem de CO2 do mundo, est\u00e1 amea\u00e7ado no Canad\u00e1 devido a atua\u00e7\u00e3o irrespons\u00e1vel de empresas como a Resolute Forest Products em \u00e1reas sens\u00edveis<\/em><\/h4>\n<div>\n<div class=\"events-box big-box left\">\n<div class=\"frame\">\n<div style=\"width: 615px\" class=\"wp-caption alignnone\"><a class=\"open-img EnlargeImage\" title=\"\" href=\"https:\/\/www.greenpeace.org\/static\/planet4-brasil-stateless\/2018\/07\/Desmatamento-Boreal-2.jpg\"><img loading=\"lazy\" decoding=\"async\" id=\"ctl00_cphContentArea_Property3_ctl00_ctl02_Image1\" class=\"Thumbnail\" style=\"border-width: 0px;\" src=\"https:\/\/www.greenpeace.org\/static\/planet4-brasil-stateless\/2018\/07\/Desmatamento-Boreal-2.jpg\" alt=\"\" width=\"605\" height=\"403\" \/><\/a><p class=\"wp-caption-text\">A floresta Boreal \u00e9 o bioma com a maior capacidade de sequestro de carbono do mundo. Mas sua manuten\u00e7\u00e3o vem sendo amea\u00e7ada no Canad\u00e1, pela explora\u00e7\u00e3o irrespons\u00e1vel de madeira (\u00a9 Francois Pesante\/Greenpeace)<\/p><\/div>\n<p>A maioria das pessoas j\u00e1 ouviu falar da floresta Amaz\u00f4nica e da urgente necessidade de garantir sua prote\u00e7\u00e3o, certo? Mas existem outras florestas pelo mundo que est\u00e3o t\u00e3o amea\u00e7adas quanto o bioma tropical e cuja situa\u00e7\u00e3o \u00e9 menos conhecida. Esse \u00e9 o caso da floresta Boreal, que est\u00e1 sofrendo s\u00e9rios impactos neste exato momento.<\/p>\n<\/div>\n<\/div>\n<p class=\"Normal1\">A floresta Boreal, que se estende ao longo de todo o hemisf\u00e9rio Norte do planeta, desde a Am\u00e9rica do Norte at\u00e9 o Jap\u00e3o, passando pela R\u00fassia e pela Escandin\u00e1via, vem sendo amea\u00e7ada no Canad\u00e1 por uma empresa da qual voc\u00ea provavelmente nunca ouviu falar: a Resolute Forest Products. Embora seu nome seja pouco conhecido no Brasil, \u00e9 poss\u00edvel que ao menos um dos produtos da Resolute j\u00e1 tenha passado por suas m\u00e3os, em forma de jornais e revistas. A empresa \u00e9 uma das maiores produtoras de papel, celulose e outros produtos florestais do Canad\u00e1.<\/p>\n<p class=\"Normal1\">A Resolute tem extra\u00eddo \u00e1rvores em territ\u00f3rios de povos ind\u00edgenas, sem seu consentimento, e destru\u00eddo habitats cr\u00edticos para as renas amea\u00e7adas. Como se n\u00e3o bastasse, a empresa tem agido judicialmente contra o Greenpeace, para impedir que a organiza\u00e7\u00e3o revele o que a companhia anda fazendo na Floresta Boreal do Canad\u00e1.<\/p>\n<h4 class=\"Normal1\"><strong>\u201cFloresta Boreal\u201d quem?<\/strong><\/h4>\n<p class=\"Normal1\">A floresta Boreal ocupa uma grande faixa de terra ao norte do planeta e sua vegeta\u00e7\u00e3o \u00e9 composta por con\u00edferas, plantas extremamente resistentes ao clima rigoroso da regi\u00e3o, onde a temperatura oscila entre -54\u00ba e 21\u00a0\u00b0C. Entre as \u00e1rvores desta classe est\u00e3o os pinheiros, as sequ\u00f3ias e as arauc\u00e1rias, comuns no sul do Brasil. Devido a sua resist\u00eancia e durabilidade, algumas das \u00e1rvores mais antigas do mundo s\u00e3o desta categoria.<\/p>\n<p class=\"Normal1\">O potencial de estocagem ou sequestro de CO2 destas plantas n\u00e3o se compara ao potencial de esp\u00e9cies tropicais. O solo do bioma, no entanto, tem um enorme potencial de sequestro, o que torna a Floresta Boreal o maior reservat\u00f3rio de CO2 do mundo. Para se ter uma ideia, enquanto as florestas tropicais de todo o mundo, incluindo a Amaz\u00f4nia, ocupam uma \u00e1rea de 17,6 milh\u00f5es de quil\u00f4metros quadrados (Km\u00b2) e possuem capacidade para estocar 428 gigatoneladas de carbono (Gt de C), a floresta boreal, que ocupa 13,7 milh\u00f5es de Km\u00b2, tem capacidade para retirar da atmosfera 559 Gt de C.<\/p>\n<div class=\"events-box middle-box left\">\n<div class=\"frame\">\n<div id=\"attachment_3420\" style=\"width: 1034px\" class=\"wp-caption alignnone\"><img loading=\"lazy\" decoding=\"async\" aria-describedby=\"caption-attachment-3420\" class=\"wp-image-3420 size-large\" src=\"https:\/\/www.greenpeace.org\/static\/planet4-brasil-stateless\/2015\/02\/GP03QV2_Medium_res-1024x683.jpg\" alt=\"O Woodland Caribou, ou Rena das Montanhas.\" width=\"1024\" height=\"683\" srcset=\"https:\/\/www.greenpeace.org\/static\/planet4-brasil-stateless\/2015\/02\/GP03QV2_Medium_res-1024x683.jpg 1024w, https:\/\/www.greenpeace.org\/static\/planet4-brasil-stateless\/2015\/02\/GP03QV2_Medium_res-300x200.jpg 300w, https:\/\/www.greenpeace.org\/static\/planet4-brasil-stateless\/2015\/02\/GP03QV2_Medium_res-768x512.jpg 768w, https:\/\/www.greenpeace.org\/static\/planet4-brasil-stateless\/2015\/02\/GP03QV2_Medium_res-510x340.jpg 510w, https:\/\/www.greenpeace.org\/static\/planet4-brasil-stateless\/2015\/02\/GP03QV2_Medium_res.jpg 1200w\" sizes=\"auto, (max-width: 1024px) 100vw, 1024px\" \/><p id=\"caption-attachment-3420\" class=\"wp-caption-text\">O Woodland Caribou, ou Rena das Montanhas, necessita de extensos territ\u00f3rios intactos para manter suas popula\u00e7\u00f5es.<\/p><\/div>\n<p>Al\u00e9m disso, o bioma abriga esp\u00e9cies como lebres, esquilos, raposas e linces, e recebe, todos os ver\u00f5es, milhares de p\u00e1ssaros que buscam alimentos em seus lagos rec\u00e9m descongelados. Neste cen\u00e1rio vive uma esp\u00e9cie que encontra-se seriamente amea\u00e7ada, o Woodland Caribou \u2013 ou Renas das Montanhas.<\/p>\n<\/div>\n<\/div>\n<p>A esp\u00e9cie tem sido gravemente impactada pela a\u00e7\u00e3o do homem, pois necessita de extensos territ\u00f3rios intactos para manter suas popula\u00e7\u00f5es. Mas estas \u00e1reas v\u00eam sendo amea\u00e7adas pela a\u00e7\u00e3o de empresas como a Resolute, que exploram esp\u00e9cies nativas de con\u00edferas para a produ\u00e7\u00e3o de papel e outros produtos.<\/p>\n<p class=\"Normal1\">A floresta n\u00e3o pode se defender sozinha. Ela precisa da nossa ajuda. Ent\u00e3o diga ao presidente da Resolute, Richard Garneau, que n\u00e3o vamos desaparecer<em>.<\/em>\u00a0Que queremos proteger as florestas do mundo e a Resolute pode fazer sua parte preservando a floresta Boreal.<\/p>\n<p class=\"Normal1\"><a href=\"http:\/\/greenpeace.org.br\/protejaasflorestas\/\"><img loading=\"lazy\" decoding=\"async\" style=\"text-align: center; display: block; margin-left: auto; margin-right: auto;\" title=\"Assine a peti\u00e7\u00e3o\" src=\"https:\/\/www.greenpeace.org\/static\/planet4-brasil-stateless\/2018\/07\/bt-assine-verde.jpg\" alt=\"Assine a peti\u00e7\u00e3o\" width=\"184\" height=\"43\" \/><\/a><\/p>\n<\/div>\n","protected":false},"excerpt":{"rendered":"<p>O bioma, que possui o maior potencial de estocagem de CO2 do mundo, est\u00e1 amea\u00e7ado no Canad\u00e1 devido a atua\u00e7\u00e3o irrespons\u00e1vel de empresas como a Resolute Forest Products em \u00e1reas sens\u00edveis.<\/p>\n","protected":false},"author":28,"featured_media":1504,"comment_status":"open","ping_status":"open","sticky":false,"template":"","format":"standard","meta":{"ep_exclude_from_search":false,"p4_og_title":"","p4_og_description":"","p4_og_image":"","p4_og_image_id":"","p4_seo_canonical_url":"","p4_campaign_name":"","p4_local_project":"","p4_basket_name":"","p4_department":"","footnotes":""},"categories":[3],"tags":[22],"p4-page-type":[16],"class_list":["post-1502","post","type-post","status-publish","format-standard","has-post-thumbnail","hentry","category-proteja-a-natureza","tag-florestas","p4-page-type-blog"],"_links":{"self":[{"href":"https:\/\/www.greenpeace.org\/brasil\/wp-json\/wp\/v2\/posts\/1502","targetHints":{"allow":["GET"]}}],"collection":[{"href":"https:\/\/www.greenpeace.org\/brasil\/wp-json\/wp\/v2\/posts"}],"about":[{"href":"https:\/\/www.greenpeace.org\/brasil\/wp-json\/wp\/v2\/types\/post"}],"author":[{"embeddable":true,"href":"https:\/\/www.greenpeace.org\/brasil\/wp-json\/wp\/v2\/users\/28"}],"replies":[{"embeddable":true,"href":"https:\/\/www.greenpeace.org\/brasil\/wp-json\/wp\/v2\/comments?post=1502"}],"version-history":[{"count":5,"href":"https:\/\/www.greenpeace.org\/brasil\/wp-json\/wp\/v2\/posts\/1502\/revisions"}],"predecessor-version":[{"id":3422,"href":"https:\/\/www.greenpeace.org\/brasil\/wp-json\/wp\/v2\/posts\/1502\/revisions\/3422"}],"wp:featuredmedia":[{"embeddable":true,"href":"https:\/\/www.greenpeace.org\/brasil\/wp-json\/wp\/v2\/media\/1504"}],"wp:attachment":[{"href":"https:\/\/www.greenpeace.org\/brasil\/wp-json\/wp\/v2\/media?parent=1502"}],"wp:term":[{"taxonomy":"category","embeddable":true,"href":"https:\/\/www.greenpeace.org\/brasil\/wp-json\/wp\/v2\/categories?post=1502"},{"taxonomy":"post_tag","embeddable":true,"href":"https:\/\/www.greenpeace.org\/brasil\/wp-json\/wp\/v2\/tags?post=1502"},{"taxonomy":"p4-page-type","embeddable":true,"href":"https:\/\/www.greenpeace.org\/brasil\/wp-json\/wp\/v2\/p4-page-type?post=1502"}],"curies":[{"name":"wp","href":"https:\/\/api.w.org\/{rel}","templated":true}]}}