{"id":15030,"date":"2020-03-06T14:54:42","date_gmt":"2020-03-06T17:54:42","guid":{"rendered":"https:\/\/www.greenpeace.org\/brasil\/?p=15030"},"modified":"2021-12-01T09:31:04","modified_gmt":"2021-12-01T12:31:04","slug":"as-arvores-somos-nozes-21-quer-descobrir-uma-nova-especie-na-amazonia","status":"publish","type":"post","link":"https:\/\/www.greenpeace.org\/brasil\/podcast\/as-arvores-somos-nozes-21-quer-descobrir-uma-nova-especie-na-amazonia\/","title":{"rendered":"As \u00c1rvores Somos Nozes 21 \u2013 Quer descobrir uma nova esp\u00e9cie na Amaz\u00f4nia?"},"content":{"rendered":"\n<h4 class=\"wp-block-heading\">O Greenpeace oferece bolsa de estudo e pesquisa. As inscri\u00e7\u00f5es terminam em uma semana!&nbsp;<\/h4>\n\n<iframe loading=\"lazy\" src=\"https:\/\/anchor.fm\/as-arvores\/embed\/episodes\/21---Quer-descobrir-uma-nova-espcie-na-Amaznia-ep7s10\" height=\"120px\" width=\"700px\" frameborder=\"0\" scrolling=\"no\"><\/iframe>\n\n<p>Em tempos em que o governo corta bolsas para a pesquisa cient\u00edfica e a educa\u00e7\u00e3o parece estar meio de lado nas prioridades, temos uma boa not\u00edcia, tanto para a \u00e1rea da educa\u00e7\u00e3o quanto do meio ambiente! O Greenpeace est\u00e1 oferecendo bolsas de estudos e apoio financeiro para projetos sobre biodiversidade na Amaz\u00f4nia. E nesse epis\u00f3dio, voc\u00ea vai saber mais detalhes sobre essa a\u00e7\u00e3o em nome da ci\u00eancia e da vida.&nbsp;<\/p>\n\n<p>O Programa \u201cTatiana de Carvalho\u201d de Pesquisa e Conserva\u00e7\u00e3o da Biodiversidade da Amaz\u00f4nia \u00e9 uma iniciativa do projeto <a href=\"https:\/\/www.greenpeace.org\/brasil\/protegendo-o-desconhecido\/\">Protegendo o Desconhecido<\/a>.&nbsp;<\/p>\n\n<p><a href=\"https:\/\/api.soundcloud.com\/tracks\/771828859\/download?client_id=LBCcHmRB8XSStWL6wKH2HPACspQlXg2P\" target=\"_blank\" rel=\"noreferrer noopener\" aria-label=\" (abre numa nova aba)\">Baixe o epis\u00f3dio<\/a>&nbsp;|&nbsp;<a rel=\"noreferrer noopener\" href=\"http:\/\/feeds.feedburner.com\/asarvores\" target=\"_blank\">Assine o feed<\/a>&nbsp;|&nbsp;<a rel=\"noreferrer noopener\" href=\"https:\/\/open.spotify.com\/show\/51FYxkzZ0DPPUtd87T01ny\" target=\"_blank\">Ou\u00e7a no Spotify<\/a>&nbsp;|&nbsp;<a rel=\"noreferrer noopener\" href=\"https:\/\/itunes.apple.com\/br\/podcast\/as-%C3%A1rvores-somos-nozes\/id1436750884?mt=2#\" target=\"_blank\">Ou\u00e7a no iOS<\/a>&nbsp;|&nbsp;<a rel=\"noreferrer noopener\" href=\"https:\/\/subscribeonandroid.com\/feeds.feedburner.com\/asarvores\" target=\"_blank\">Ou\u00e7a no Android<\/a><\/p>\n\n<p>Links citados no epis\u00f3dio:<\/p>\n\n<ul class=\"wp-block-list\"><li><a href=\"https:\/\/www.greenpeace.org.br\/biodiversidade-amazonia?_ga=2.49926438.1471746298.1583328211-1533002038.1582292577\">Edital do Programa \u201cTatiana de Carvalho\u201d<\/a><\/li><li><a href=\"https:\/\/www.museu-goeldi.br\/\">Museu Paraense Em\u00edlio Goeldi<\/a><\/li><li>Projeto \u201c<a href=\"https:\/\/www.greenpeace.org\/brasil\/protegendo-o-desconhecido\/\">Protegendo o Desconhecido<\/a>\u201dReportagem da Ag\u00eancia P\u00fablica: <a href=\"https:\/\/apublica.org\/2020\/02\/a-mineracao-em-terra-indigena-com-nome-sobrenome-e-cnpj\/\">A minera\u00e7\u00e3o em terra ind\u00edgena com nome, sobrenome e CNPJ<\/a><\/li><\/ul>\n\n<p>Cr\u00e9ditos:<\/p>\n\n<ul class=\"wp-block-list\"><li>Apresenta\u00e7\u00e3o: Rafael Silva e Tha\u00eds Herrero;<\/li><li>Produ\u00e7\u00e3o: Camila Doretto;<\/li><li>Entrevistadas: Rosana Villar e Isadora Ribeiro<\/li><li>Sound Design: Compasso Coolab;<\/li><li>Trilha original: Marcellus Meirelles e Alexandre Luppi;<\/li><li>Edi\u00e7\u00e3o: <a href=\"http:\/\/instagram.com\/pemoura42\">Pedro Moura<\/a>.<\/li><\/ul>\n<div class=\"EmptyMessage\">Block content is empty. Check the block&#8217;s settings or remove it.<\/div>","protected":false},"excerpt":{"rendered":"<p>O Greenpeace oferece bolsa de estudo e pesquisa. As inscri\u00e7\u00f5es terminam em uma semana! <\/p>\n","protected":false},"author":28,"featured_media":15041,"comment_status":"open","ping_status":"closed","sticky":false,"template":"","format":"standard","meta":{"ep_exclude_from_search":false,"p4_og_title":"","p4_og_description":"","p4_og_image":"","p4_og_image_id":"","p4_seo_canonical_url":"","p4_campaign_name":"not set","p4_local_project":"not set","p4_basket_name":"not set","p4_department":"","footnotes":""},"categories":[2],"tags":[26],"p4-page-type":[28],"class_list":["post-15030","post","type-post","status-publish","format-standard","has-post-thumbnail","hentry","category-transforme-a-sociedade","tag-biodiversidade","p4-page-type-podcast"],"_links":{"self":[{"href":"https:\/\/www.greenpeace.org\/brasil\/wp-json\/wp\/v2\/posts\/15030","targetHints":{"allow":["GET"]}}],"collection":[{"href":"https:\/\/www.greenpeace.org\/brasil\/wp-json\/wp\/v2\/posts"}],"about":[{"href":"https:\/\/www.greenpeace.org\/brasil\/wp-json\/wp\/v2\/types\/post"}],"author":[{"embeddable":true,"href":"https:\/\/www.greenpeace.org\/brasil\/wp-json\/wp\/v2\/users\/28"}],"replies":[{"embeddable":true,"href":"https:\/\/www.greenpeace.org\/brasil\/wp-json\/wp\/v2\/comments?post=15030"}],"version-history":[{"count":7,"href":"https:\/\/www.greenpeace.org\/brasil\/wp-json\/wp\/v2\/posts\/15030\/revisions"}],"predecessor-version":[{"id":35297,"href":"https:\/\/www.greenpeace.org\/brasil\/wp-json\/wp\/v2\/posts\/15030\/revisions\/35297"}],"wp:featuredmedia":[{"embeddable":true,"href":"https:\/\/www.greenpeace.org\/brasil\/wp-json\/wp\/v2\/media\/15041"}],"wp:attachment":[{"href":"https:\/\/www.greenpeace.org\/brasil\/wp-json\/wp\/v2\/media?parent=15030"}],"wp:term":[{"taxonomy":"category","embeddable":true,"href":"https:\/\/www.greenpeace.org\/brasil\/wp-json\/wp\/v2\/categories?post=15030"},{"taxonomy":"post_tag","embeddable":true,"href":"https:\/\/www.greenpeace.org\/brasil\/wp-json\/wp\/v2\/tags?post=15030"},{"taxonomy":"p4-page-type","embeddable":true,"href":"https:\/\/www.greenpeace.org\/brasil\/wp-json\/wp\/v2\/p4-page-type?post=15030"}],"curies":[{"name":"wp","href":"https:\/\/api.w.org\/{rel}","templated":true}]}}