{"id":15122,"date":"2020-03-17T17:45:27","date_gmt":"2020-03-17T20:45:27","guid":{"rendered":"https:\/\/www.greenpeace.org\/brasil\/?p=15122"},"modified":"2020-04-02T19:13:36","modified_gmt":"2020-04-02T22:13:36","slug":"por-um-mundo-verde-e-pacifico-sem-coronavirus","status":"publish","type":"post","link":"https:\/\/www.greenpeace.org\/brasil\/blog\/por-um-mundo-verde-e-pacifico-sem-coronavirus\/","title":{"rendered":"Por um mundo verde e pac\u00edfico, sem coronav\u00edrus"},"content":{"rendered":"\n<h4 class=\"wp-block-heading\">O que o Greenpeace Brasil est\u00e1 fazendo para proteger as pessoas do Covid-19<\/h4>\n\n<figure class=\"wp-block-image size-large caption-style-blue-overlay caption-alignment-center\"><img loading=\"lazy\" decoding=\"async\" width=\"800\" height=\"533\" src=\"https:\/\/www.greenpeace.org\/static\/planet4-brasil-stateless\/2020\/03\/df03d158-gp03m38_web_size.jpg\" alt=\"\" class=\"wp-image-15123\" srcset=\"https:\/\/www.greenpeace.org\/static\/planet4-brasil-stateless\/2020\/03\/df03d158-gp03m38_web_size.jpg 800w, https:\/\/www.greenpeace.org\/static\/planet4-brasil-stateless\/2020\/03\/df03d158-gp03m38_web_size-300x200.jpg 300w, https:\/\/www.greenpeace.org\/static\/planet4-brasil-stateless\/2020\/03\/df03d158-gp03m38_web_size-768x512.jpg 768w, https:\/\/www.greenpeace.org\/static\/planet4-brasil-stateless\/2020\/03\/df03d158-gp03m38_web_size-510x340.jpg 510w\" sizes=\"auto, (max-width: 800px) 100vw, 800px\" \/><\/figure>\n\n<p>Neste momento em que o Brasil e o mundo vivem a pandemia do coronav\u00edrus, todos n\u00f3s precisamos fazer nossa parte para fortalecer a solidariedade e o apoio social e, assim, proteger a sociedade como um todo. As recomenda\u00e7\u00f5es da Organiza\u00e7\u00e3o Mundial da Sa\u00fade e das autoridades sanit\u00e1rias, como a higiene individual e o confinamento, devem ser seguidas com seriedade, para evitar a propaga\u00e7\u00e3o r\u00e1pida da doen\u00e7a e n\u00e3o sobrecarregar os servi\u00e7os de sa\u00fade. Pensando nisto, o Greenpeace Brasil adotou medidas preventivas e queremos compartilh\u00e1-las com voc\u00eas:<\/p>\n\n<ul class=\"wp-block-list\"><li>Nossos escrit\u00f3rios permanecer\u00e3o fechados nas pr\u00f3ximas semanas. Nossos colaboradores que trabalham nas cidades mais afetadas pelo v\u00edrus est\u00e3o trabalhando em casa;&nbsp;<\/li><li>Suspendemos todas as atividades envolvendo povos ind\u00edgenas e comunidades tradicionais para proteg\u00ea-los e evitar sua exposi\u00e7\u00e3o. Por\u00e9m, continuamos firmes na luta di\u00e1ria por seus direitos e em defesa do meio ambiente;<\/li><li>Os nossos colaboradores que fazem parte da capta\u00e7\u00e3o de doa\u00e7\u00f5es nas ruas s\u00e3o primordiais para a nossa organiza\u00e7\u00e3o. Durante este per\u00edodo, retiramos todos os times que fazem diariamente esse trabalho, prezando pela prote\u00e7\u00e3o deles e pelo bem-estar de todos, reduzindo a circula\u00e7\u00e3o de pessoas nas cidades. Lembramos que somos uma organiza\u00e7\u00e3o independente, que n\u00e3o recebe dinheiro de empresas nem de partidos pol\u00edticos; apenas de pessoas f\u00edsicas e funda\u00e7\u00f5es. S\u00e3o essas capta\u00e7\u00f5es de recursos que nos ajudam a financiar as atividades da organiza\u00e7\u00e3o;<\/li><li>Orientamos, tamb\u00e9m, nossos volunt\u00e1rios a n\u00e3o realizar atividades de rua e estamos apoiando-os de todas as maneiras poss\u00edveis neste momento;<\/li><li>Usaremos nosso site e redes sociais para amplificar conte\u00fados confi\u00e1veis sobre a doen\u00e7a e medidas de preven\u00e7\u00e3o, no apoio \u00e0 conscientiza\u00e7\u00e3o e no combate a informa\u00e7\u00f5es falsas que circulam nas redes sociais.&nbsp;<\/li><\/ul>\n\n<p><strong>Quantas vezes dissemos que, juntos, podemos fazer a diferen\u00e7a? <\/strong>Essa frase n\u00e3o \u00e9 apenas ret\u00f3rica, ela reflete o momento que estamos vivendo enquanto sociedade. Mais do que nunca, \u00e9 muito importante todos seguirmos na mesma dire\u00e7\u00e3o, a da solidariedade coletiva, para que possamos atravessar essa crise da melhor forma poss\u00edvel. E juntos.&nbsp;<br><\/p>\n\n<p>O esfor\u00e7o \u00e9 coletivo n\u00e3o apenas para proteger nossos colaboradores, mas tamb\u00e9m a sociedade como um todo, principalmente os mais fr\u00e1geis e vulner\u00e1veis: popula\u00e7\u00f5es em situa\u00e7\u00e3o de rua e de baixa renda, comunidades tradicionais em locais remotos e pessoas que se enquadram no grupo de risco, como idosos e pessoas com doen\u00e7as cr\u00f4nicas. Para todos os profissionais da sa\u00fade e demais profissionais que atuam no tratamento, controle e comunica\u00e7\u00e3o da doen\u00e7a, nosso MUITO OBRIGADO.<br><\/p>\n\n<p><strong>Fique conosco!&nbsp;<\/strong><\/p>\n\n<p>Mesmo em meio \u00e0 crise do coronav\u00edrus e com as a\u00e7\u00f5es preventivas tomadas, continuamos alertas e ativos em nossa miss\u00e3o por um planeta mais verde e pac\u00edfico. Precisamos que voc\u00ea continue conosco, apoiando nosso trabalho, compartilhando nossos conte\u00fados e aumentando a press\u00e3o sobre aqueles que amea\u00e7am o meio ambiente e a vida.&nbsp;<\/p>\n\n<p>Juntos, enfrentaremos esse per\u00edodo desafiador. Com solidariedade e dedica\u00e7\u00e3o, podemos enfrentar n\u00e3o apenas este, mas tamb\u00e9m outros desafios para protegermos a casa de todos: nosso planeta.<\/p>\n\n<p><\/p>\n","protected":false},"excerpt":{"rendered":"<p>Neste momento em que o Brasil e o mundo vivem a pandemia do coronav\u00edrus, todos n\u00f3s precisamos fazer nossa parte para fortalecer a solidariedade e o apoio social e, assim,&hellip;<\/p>\n","protected":false},"author":28,"featured_media":15123,"comment_status":"open","ping_status":"closed","sticky":false,"template":"","format":"standard","meta":{"ep_exclude_from_search":false,"p4_og_title":"","p4_og_description":"","p4_og_image":"","p4_og_image_id":"","p4_seo_canonical_url":"","p4_campaign_name":"Covid-19 Response","p4_local_project":"","p4_basket_name":"not set","p4_department":"","footnotes":""},"categories":[5],"tags":[13],"p4-page-type":[16],"class_list":["post-15122","post","type-post","status-publish","format-standard","has-post-thumbnail","hentry","category-greenpeace","tag-greenpeace","p4-page-type-blog"],"_links":{"self":[{"href":"https:\/\/www.greenpeace.org\/brasil\/wp-json\/wp\/v2\/posts\/15122","targetHints":{"allow":["GET"]}}],"collection":[{"href":"https:\/\/www.greenpeace.org\/brasil\/wp-json\/wp\/v2\/posts"}],"about":[{"href":"https:\/\/www.greenpeace.org\/brasil\/wp-json\/wp\/v2\/types\/post"}],"author":[{"embeddable":true,"href":"https:\/\/www.greenpeace.org\/brasil\/wp-json\/wp\/v2\/users\/28"}],"replies":[{"embeddable":true,"href":"https:\/\/www.greenpeace.org\/brasil\/wp-json\/wp\/v2\/comments?post=15122"}],"version-history":[{"count":8,"href":"https:\/\/www.greenpeace.org\/brasil\/wp-json\/wp\/v2\/posts\/15122\/revisions"}],"predecessor-version":[{"id":15522,"href":"https:\/\/www.greenpeace.org\/brasil\/wp-json\/wp\/v2\/posts\/15122\/revisions\/15522"}],"wp:featuredmedia":[{"embeddable":true,"href":"https:\/\/www.greenpeace.org\/brasil\/wp-json\/wp\/v2\/media\/15123"}],"wp:attachment":[{"href":"https:\/\/www.greenpeace.org\/brasil\/wp-json\/wp\/v2\/media?parent=15122"}],"wp:term":[{"taxonomy":"category","embeddable":true,"href":"https:\/\/www.greenpeace.org\/brasil\/wp-json\/wp\/v2\/categories?post=15122"},{"taxonomy":"post_tag","embeddable":true,"href":"https:\/\/www.greenpeace.org\/brasil\/wp-json\/wp\/v2\/tags?post=15122"},{"taxonomy":"p4-page-type","embeddable":true,"href":"https:\/\/www.greenpeace.org\/brasil\/wp-json\/wp\/v2\/p4-page-type?post=15122"}],"curies":[{"name":"wp","href":"https:\/\/api.w.org\/{rel}","templated":true}]}}