{"id":15176,"date":"2020-03-19T17:49:34","date_gmt":"2020-03-19T20:49:34","guid":{"rendered":"https:\/\/www.greenpeace.org\/brasil\/?p=15176"},"modified":"2023-01-12T15:39:06","modified_gmt":"2023-01-12T18:39:06","slug":"tecendo-a-resistencia","status":"publish","type":"post","link":"https:\/\/www.greenpeace.org\/brasil\/blog\/tecendo-a-resistencia\/","title":{"rendered":"Tecendo a resist\u00eancia"},"content":{"rendered":"\n<h4 class=\"wp-block-heading\">Povos ind\u00edgenas do Maranh\u00e3o apostam na uni\u00e3o para protegerem o que resta da floresta no estado, suas terras e seus direitos<\/h4>\n\n<figure class=\"wp-block-image size-large  caption-style-blue-overlay caption-alignment-center\"><img loading=\"lazy\" decoding=\"async\" width=\"1024\" height=\"684\" src=\"https:\/\/www.greenpeace.org\/static\/planet4-brasil-stateless\/2020\/03\/dda3d992-assembleiamaranh\u00e3o_2602a0303-26-1024x684.jpg\" alt=\"\" class=\"wp-image-15178\" srcset=\"https:\/\/www.greenpeace.org\/static\/planet4-brasil-stateless\/2020\/03\/dda3d992-assembleiamaranh\u00e3o_2602a0303-26-1024x684.jpg 1024w, https:\/\/www.greenpeace.org\/static\/planet4-brasil-stateless\/2020\/03\/dda3d992-assembleiamaranh\u00e3o_2602a0303-26-300x200.jpg 300w, https:\/\/www.greenpeace.org\/static\/planet4-brasil-stateless\/2020\/03\/dda3d992-assembleiamaranh\u00e3o_2602a0303-26-768x513.jpg 768w, https:\/\/www.greenpeace.org\/static\/planet4-brasil-stateless\/2020\/03\/dda3d992-assembleiamaranh\u00e3o_2602a0303-26-1536x1025.jpg 1536w, https:\/\/www.greenpeace.org\/static\/planet4-brasil-stateless\/2020\/03\/dda3d992-assembleiamaranh\u00e3o_2602a0303-26-2048x1367.jpg 2048w, https:\/\/www.greenpeace.org\/static\/planet4-brasil-stateless\/2020\/03\/dda3d992-assembleiamaranh\u00e3o_2602a0303-26-2046x1366.jpg 2046w, https:\/\/www.greenpeace.org\/static\/planet4-brasil-stateless\/2020\/03\/dda3d992-assembleiamaranh\u00e3o_2602a0303-26-510x340.jpg 510w\" sizes=\"auto, (max-width: 1024px) 100vw, 1024px\" \/><figcaption>IV Encontro da Articula\u00e7\u00e3o das Mulheres Ind\u00edgenas do Maranh\u00e3o (Amima) e a V Assembleia da Coordena\u00e7\u00e3o das Organiza\u00e7\u00f5es e Articula\u00e7\u00f5es dos Povos Ind\u00edgenas do Maranh\u00e3o (Coapima)<div class=\"credit icon-left\"> \u00a9 Christian Braga \/ Greenpeace<\/div><\/figcaption><\/figure>\n\n<p>\u201cN\u00e3o \u00e9 poss\u00edvel ter vida no planeta sem os territ\u00f3rios ind\u00edgenas. Somos 5% da popula\u00e7\u00e3o mundial e protegemos 82% da biodiversidade de todo o planeta, necess\u00e1ria para garantir o equil\u00edbrio clim\u00e1tico. Sem Amaz\u00f4nia n\u00e3o haver\u00e1 nem mesmo chuva para produzir alimentos\u201d, alertou S\u00f4nia Guajajara, coordenadora da Articula\u00e7\u00e3o dos Povos Ind\u00edgenas do Brasil (Apib), em di\u00e1logo com 350 ind\u00edgenas de nove dos 11 povos existentes no Maranh\u00e3o (sem contar os povos que vivem em isolamento volunt\u00e1rio, ou seja, sem contato com a sociedade n\u00e3o ind\u00edgena).<\/p>\n\n<p>Durante o IV Encontro da Articula\u00e7\u00e3o das Mulheres Ind\u00edgenas do Maranh\u00e3o (Amima) e a V Assembleia da Coordena\u00e7\u00e3o das Organiza\u00e7\u00f5es e Articula\u00e7\u00f5es dos Povos Ind\u00edgenas do Maranh\u00e3o (Coapima), realizados no final de fevereiro, estas lideran\u00e7as debateram a conjuntura que os desafia e os caminhos que precisam trilhar para garantir a prote\u00e7\u00e3o de seus territ\u00f3rios ancestrais e, por extens\u00e3o, a continuidade de suas pr\u00f3prias exist\u00eancias.&nbsp;&nbsp;<\/p>\n\n<p>\u201cA resist\u00eancia \u00e9 nossa pr\u00f3pria ess\u00eancia. A diversidade da floresta est\u00e1 presente tamb\u00e9m aqui, na diversidade de nossos povos e culturas. Precisamos fortalecer nossa unidade nesta diversidade porque sem nossas terras e nossos direitos, como cuidaremos de nossos filhos? \u201d, questionou Nara Bar\u00e9, representando a Coordena\u00e7\u00e3o das Organiza\u00e7\u00f5es Ind\u00edgenas da Amaz\u00f4nia Brasileira (Coiab).<\/p>\n\n<p>Realizados na Aldeia Massaranduba, na Terra Ind\u00edgena Caru, regi\u00e3o norte do Maranh\u00e3o, no extremo leste da Amaz\u00f4nia, os dois eventos foram protagonizados pelas mulheres e contaram com a ampla presen\u00e7a de jovens, como os do grupo Zawato (cujo significado \u00e9 \u00e1guia real).<\/p>\n\n<figure class=\"wp-block-embed-youtube wp-block-embed is-type-video is-provider-youtube wp-embed-aspect-16-9 wp-has-aspect-ratio\"><div class=\"wp-block-embed__wrapper\">\n<lite-youtube style=\"background-image: url('https:\/\/i.ytimg.com\/vi\/c0d1JPlYMFM\/hqdefault.jpg');\" videoid=\"c0d1JPlYMFM\" params=\"rel=0\"><\/lite-youtube>\n<\/div><\/figure>\n\n<p><strong>Mundo dos cara\u00ed&nbsp;<\/strong><\/p>\n\n<p>Chamava aten\u00e7\u00e3o tamb\u00e9m o fato de haver participantes que h\u00e1 s\u00e9culos est\u00e3o em contato com a sociedade n\u00e3o ind\u00edgena e, por outro lado, ind\u00edgenas de recente contato, como os Aw\u00e1.&nbsp;<\/p>\n\n<p>Mesmo diante do desafio de dominar a l\u00edngua e entender, por exemplo, como funcionam as leis da sociedade dos cara\u00ed (n\u00e3o ind\u00edgenas), os participantes repetiram diversas vezes a import\u00e2ncia de se manterem unidos e de n\u00e3o acreditarem em falsas promessas. \u201cNunca foi proibido plantar batata, arroz, feij\u00e3o e fazermos ro\u00e7as nas nossas terras. O que n\u00e3o queremos \u00e9 a planta\u00e7\u00e3o de monoculturas de soja, de cana, que v\u00e3o encher nossos rios de veneno e os bolsos de alguns brancos de dinheiro\u201d, declarou Cl\u00e1udio Guajajara, coordenador dos Guardi\u00f5es da Floresta da TI Caru.<\/p>\n\n<p>\u201cJ\u00e1 tiraram o cedro, o cumaru, o jaborandi, o ip\u00ea todo das nossas terras e n\u00e3o tem um \u00edndio rico. Como vamos acreditar que esta proposta do governo de abrir nossas terras para a explora\u00e7\u00e3o, para o arrendamento, vai nos beneficiar?\u201d, emendou S\u00f4nia.<\/p>\n\n<p>Diante da preocupa\u00e7\u00e3o com o aumento da viol\u00eancia e das viola\u00e7\u00f5es de seus direitos, especialmente aos territ\u00f3rios e aos modos de vida tradicional, v\u00e1rias falas afirmaram a necessidade de valorizarem os anci\u00e3os, seus conhecimentos, suas identidades como povos origin\u00e1rios, seus rituais ancestrais.<\/p>\n\n<p>\u201cFico pensando a que custo as pessoas abandonam seus valores. Porque nossa territorialidade \u00e9 fundamental para sermos quem n\u00f3s somos. Cada um de n\u00f3s aqui. Nossas festas, nossos rios, nossas crian\u00e7as correndo livremente, nossos rem\u00e9dios colhidos nas matas&#8230; sem isso, perdemos nossa pr\u00f3pria identidade\u201d, explicou Magno Guajajara.<\/p>\n<div data-render=\"planet4-blocks\/gallery\" data-attributes=\"{&quot;attributes&quot;:{&quot;gallery_block_title&quot;:&quot;&quot;,&quot;multiple_image&quot;:&quot;15194,15193,15192,15186,15185,15184,15183,15181,15180,15179,15177&quot;,&quot;gallery_block_focus_points&quot;:&quot;&quot;,&quot;image_data&quot;:[{&quot;url&quot;:&quot;https:\\\/\\\/www.greenpeace.org\\\/static\\\/planet4-brasil-stateless\\\/2020\\\/03\\\/f9984786-assembleiamaranh\\u00e3o_2602a0303-176-scaled.jpg&quot;,&quot;focalPoint&quot;:{&quot;x&quot;:0.5,&quot;y&quot;:0.5},&quot;id&quot;:15194},{&quot;url&quot;:&quot;https:\\\/\\\/www.greenpeace.org\\\/static\\\/planet4-brasil-stateless\\\/2020\\\/03\\\/a8e1d691-assembleiamaranh\\u00e3o_2602a0303-174-scaled.jpg&quot;,&quot;focalPoint&quot;:{&quot;x&quot;:0.5,&quot;y&quot;:0.5},&quot;id&quot;:15193},{&quot;url&quot;:&quot;https:\\\/\\\/www.greenpeace.org\\\/static\\\/planet4-brasil-stateless\\\/2020\\\/03\\\/7f98959c-assembleiamaranh\\u00e3o_2602a0303-119-scaled.jpg&quot;,&quot;focalPoint&quot;:{&quot;x&quot;:0.5,&quot;y&quot;:0.5},&quot;id&quot;:15192},{&quot;url&quot;:&quot;https:\\\/\\\/www.greenpeace.org\\\/static\\\/planet4-brasil-stateless\\\/2020\\\/03\\\/6360f965-assembleiamaranh\\u00e3o_2602a0303-205-scaled.jpg&quot;,&quot;focalPoint&quot;:{&quot;x&quot;:0.5,&quot;y&quot;:0.5},&quot;id&quot;:15186},{&quot;url&quot;:&quot;https:\\\/\\\/www.greenpeace.org\\\/static\\\/planet4-brasil-stateless\\\/2020\\\/03\\\/58ee953d-assembleiamaranh\\u00e3o_2602a0303-189-scaled.jpg&quot;,&quot;focalPoint&quot;:{&quot;x&quot;:0.5,&quot;y&quot;:0.5},&quot;id&quot;:15185},{&quot;url&quot;:&quot;https:\\\/\\\/www.greenpeace.org\\\/static\\\/planet4-brasil-stateless\\\/2020\\\/03\\\/0bd4283d-assembleiamaranh\\u00e3o_2602a0303-196-scaled.jpg&quot;,&quot;focalPoint&quot;:{&quot;x&quot;:0.5,&quot;y&quot;:0.5},&quot;id&quot;:15184},{&quot;url&quot;:&quot;https:\\\/\\\/www.greenpeace.org\\\/static\\\/planet4-brasil-stateless\\\/2020\\\/03\\\/3f9ebb31-assembleiamaranh\\u00e3o_2602a0303-142-scaled.jpg&quot;,&quot;focalPoint&quot;:{&quot;x&quot;:0.5,&quot;y&quot;:0.5},&quot;id&quot;:15183},{&quot;url&quot;:&quot;https:\\\/\\\/www.greenpeace.org\\\/static\\\/planet4-brasil-stateless\\\/2020\\\/03\\\/ca54475a-assembleiamaranh\\u00e3o_2602a0303-106-scaled.jpg&quot;,&quot;focalPoint&quot;:{&quot;x&quot;:0.5,&quot;y&quot;:0.5},&quot;id&quot;:15181},{&quot;url&quot;:&quot;https:\\\/\\\/www.greenpeace.org\\\/static\\\/planet4-brasil-stateless\\\/2020\\\/03\\\/e51b523c-assembleiamaranh\\u00e3o_2602a0303-57-scaled.jpg&quot;,&quot;focalPoint&quot;:{&quot;x&quot;:0.5,&quot;y&quot;:0.5},&quot;id&quot;:15180},{&quot;url&quot;:&quot;https:\\\/\\\/www.greenpeace.org\\\/static\\\/planet4-brasil-stateless\\\/2020\\\/03\\\/34904fa8-assembleiamaranh\\u00e3o_2602a0303-56-scaled.jpg&quot;,&quot;focalPoint&quot;:{&quot;x&quot;:0.5,&quot;y&quot;:0.5},&quot;id&quot;:15179},{&quot;url&quot;:&quot;https:\\\/\\\/www.greenpeace.org\\\/static\\\/planet4-brasil-stateless\\\/2020\\\/03\\\/99e27127-assembleiamaranh\\u00e3o_2602a0303-13-scaled.jpg&quot;,&quot;focalPoint&quot;:{&quot;x&quot;:0.5,&quot;y&quot;:0.5},&quot;id&quot;:15177}],&quot;gallery_block_style&quot;:0,&quot;gallery_block_description&quot;:&quot;&quot;,&quot;images&quot;:[{&quot;image_src&quot;:&quot;https:\\\/\\\/www.greenpeace.org\\\/static\\\/planet4-brasil-stateless\\\/2020\\\/03\\\/f9984786-assembleiamaranh\\u00e3o_2602a0303-176-scaled.jpg&quot;,&quot;image_srcset&quot;:&quot;https:\\\/\\\/www.greenpeace.org\\\/static\\\/planet4-brasil-stateless\\\/2020\\\/03\\\/f9984786-assembleiamaranh\\u00e3o_2602a0303-176-scaled.jpg 2560w, https:\\\/\\\/www.greenpeace.org\\\/static\\\/planet4-brasil-stateless\\\/2020\\\/03\\\/f9984786-assembleiamaranh\\u00e3o_2602a0303-176-300x200.jpg 300w, https:\\\/\\\/www.greenpeace.org\\\/static\\\/planet4-brasil-stateless\\\/2020\\\/03\\\/f9984786-assembleiamaranh\\u00e3o_2602a0303-176-1024x684.jpg 1024w, https:\\\/\\\/www.greenpeace.org\\\/static\\\/planet4-brasil-stateless\\\/2020\\\/03\\\/f9984786-assembleiamaranh\\u00e3o_2602a0303-176-768x513.jpg 768w, https:\\\/\\\/www.greenpeace.org\\\/static\\\/planet4-brasil-stateless\\\/2020\\\/03\\\/f9984786-assembleiamaranh\\u00e3o_2602a0303-176-1536x1025.jpg 1536w, https:\\\/\\\/www.greenpeace.org\\\/static\\\/planet4-brasil-stateless\\\/2020\\\/03\\\/f9984786-assembleiamaranh\\u00e3o_2602a0303-176-2048x1367.jpg 2048w, https:\\\/\\\/www.greenpeace.org\\\/static\\\/planet4-brasil-stateless\\\/2020\\\/03\\\/f9984786-assembleiamaranh\\u00e3o_2602a0303-176-2046x1366.jpg 2046w, https:\\\/\\\/www.greenpeace.org\\\/static\\\/planet4-brasil-stateless\\\/2020\\\/03\\\/f9984786-assembleiamaranh\\u00e3o_2602a0303-176-510x340.jpg 510w&quot;,&quot;image_sizes&quot;:false,&quot;alt_text&quot;:&quot;&quot;,&quot;caption&quot;:&quot;IV Encontro da Articula\\u00e7\\u00e3o das Mulheres Ind\\u00edgenas do Maranh\\u00e3o (Amima) e a V Assembleia da Coordena\\u00e7\\u00e3o das Organiza\\u00e7\\u00f5es e Articula\\u00e7\\u00f5es dos Povos Ind\\u00edgenas do Maranh\\u00e3o (Coapima)&quot;,&quot;focus_image&quot;:&quot;&quot;,&quot;credits&quot;:&quot;\\u00a9 Christian Braga \\\/ Greenpeace&quot;},{&quot;image_src&quot;:&quot;https:\\\/\\\/www.greenpeace.org\\\/static\\\/planet4-brasil-stateless\\\/2020\\\/03\\\/a8e1d691-assembleiamaranh\\u00e3o_2602a0303-174-scaled.jpg&quot;,&quot;image_srcset&quot;:&quot;https:\\\/\\\/www.greenpeace.org\\\/static\\\/planet4-brasil-stateless\\\/2020\\\/03\\\/a8e1d691-assembleiamaranh\\u00e3o_2602a0303-174-scaled.jpg 2560w, https:\\\/\\\/www.greenpeace.org\\\/static\\\/planet4-brasil-stateless\\\/2020\\\/03\\\/a8e1d691-assembleiamaranh\\u00e3o_2602a0303-174-300x200.jpg 300w, https:\\\/\\\/www.greenpeace.org\\\/static\\\/planet4-brasil-stateless\\\/2020\\\/03\\\/a8e1d691-assembleiamaranh\\u00e3o_2602a0303-174-1024x684.jpg 1024w, https:\\\/\\\/www.greenpeace.org\\\/static\\\/planet4-brasil-stateless\\\/2020\\\/03\\\/a8e1d691-assembleiamaranh\\u00e3o_2602a0303-174-768x513.jpg 768w, https:\\\/\\\/www.greenpeace.org\\\/static\\\/planet4-brasil-stateless\\\/2020\\\/03\\\/a8e1d691-assembleiamaranh\\u00e3o_2602a0303-174-1536x1025.jpg 1536w, https:\\\/\\\/www.greenpeace.org\\\/static\\\/planet4-brasil-stateless\\\/2020\\\/03\\\/a8e1d691-assembleiamaranh\\u00e3o_2602a0303-174-2048x1367.jpg 2048w, https:\\\/\\\/www.greenpeace.org\\\/static\\\/planet4-brasil-stateless\\\/2020\\\/03\\\/a8e1d691-assembleiamaranh\\u00e3o_2602a0303-174-2046x1366.jpg 2046w, https:\\\/\\\/www.greenpeace.org\\\/static\\\/planet4-brasil-stateless\\\/2020\\\/03\\\/a8e1d691-assembleiamaranh\\u00e3o_2602a0303-174-510x340.jpg 510w&quot;,&quot;image_sizes&quot;:false,&quot;alt_text&quot;:&quot;&quot;,&quot;caption&quot;:&quot;IV Encontro da Articula\\u00e7\\u00e3o das Mulheres Ind\\u00edgenas do Maranh\\u00e3o (Amima) e a V Assembleia da Coordena\\u00e7\\u00e3o das Organiza\\u00e7\\u00f5es e Articula\\u00e7\\u00f5es dos Povos Ind\\u00edgenas do Maranh\\u00e3o (Coapima)&quot;,&quot;focus_image&quot;:&quot;&quot;,&quot;credits&quot;:&quot;\\u00a9 Christian Braga \\\/ Greenpeace&quot;},{&quot;image_src&quot;:&quot;https:\\\/\\\/www.greenpeace.org\\\/static\\\/planet4-brasil-stateless\\\/2020\\\/03\\\/7f98959c-assembleiamaranh\\u00e3o_2602a0303-119-scaled.jpg&quot;,&quot;image_srcset&quot;:&quot;https:\\\/\\\/www.greenpeace.org\\\/static\\\/planet4-brasil-stateless\\\/2020\\\/03\\\/7f98959c-assembleiamaranh\\u00e3o_2602a0303-119-scaled.jpg 2560w, https:\\\/\\\/www.greenpeace.org\\\/static\\\/planet4-brasil-stateless\\\/2020\\\/03\\\/7f98959c-assembleiamaranh\\u00e3o_2602a0303-119-300x200.jpg 300w, https:\\\/\\\/www.greenpeace.org\\\/static\\\/planet4-brasil-stateless\\\/2020\\\/03\\\/7f98959c-assembleiamaranh\\u00e3o_2602a0303-119-1024x684.jpg 1024w, https:\\\/\\\/www.greenpeace.org\\\/static\\\/planet4-brasil-stateless\\\/2020\\\/03\\\/7f98959c-assembleiamaranh\\u00e3o_2602a0303-119-768x513.jpg 768w, https:\\\/\\\/www.greenpeace.org\\\/static\\\/planet4-brasil-stateless\\\/2020\\\/03\\\/7f98959c-assembleiamaranh\\u00e3o_2602a0303-119-1536x1025.jpg 1536w, https:\\\/\\\/www.greenpeace.org\\\/static\\\/planet4-brasil-stateless\\\/2020\\\/03\\\/7f98959c-assembleiamaranh\\u00e3o_2602a0303-119-2048x1367.jpg 2048w, https:\\\/\\\/www.greenpeace.org\\\/static\\\/planet4-brasil-stateless\\\/2020\\\/03\\\/7f98959c-assembleiamaranh\\u00e3o_2602a0303-119-2046x1366.jpg 2046w, https:\\\/\\\/www.greenpeace.org\\\/static\\\/planet4-brasil-stateless\\\/2020\\\/03\\\/7f98959c-assembleiamaranh\\u00e3o_2602a0303-119-510x340.jpg 510w&quot;,&quot;image_sizes&quot;:false,&quot;alt_text&quot;:&quot;&quot;,&quot;caption&quot;:&quot;IV Encontro da Articula\\u00e7\\u00e3o das Mulheres Ind\\u00edgenas do Maranh\\u00e3o (Amima) e a V Assembleia da Coordena\\u00e7\\u00e3o das Organiza\\u00e7\\u00f5es e Articula\\u00e7\\u00f5es dos Povos Ind\\u00edgenas do Maranh\\u00e3o (Coapima)&quot;,&quot;focus_image&quot;:&quot;&quot;,&quot;credits&quot;:&quot;\\u00a9 Christian Braga \\\/ Greenpeace&quot;},{&quot;image_src&quot;:&quot;https:\\\/\\\/www.greenpeace.org\\\/static\\\/planet4-brasil-stateless\\\/2020\\\/03\\\/6360f965-assembleiamaranh\\u00e3o_2602a0303-205-scaled.jpg&quot;,&quot;image_srcset&quot;:&quot;https:\\\/\\\/www.greenpeace.org\\\/static\\\/planet4-brasil-stateless\\\/2020\\\/03\\\/6360f965-assembleiamaranh\\u00e3o_2602a0303-205-scaled.jpg 2560w, https:\\\/\\\/www.greenpeace.org\\\/static\\\/planet4-brasil-stateless\\\/2020\\\/03\\\/6360f965-assembleiamaranh\\u00e3o_2602a0303-205-300x200.jpg 300w, https:\\\/\\\/www.greenpeace.org\\\/static\\\/planet4-brasil-stateless\\\/2020\\\/03\\\/6360f965-assembleiamaranh\\u00e3o_2602a0303-205-1024x684.jpg 1024w, https:\\\/\\\/www.greenpeace.org\\\/static\\\/planet4-brasil-stateless\\\/2020\\\/03\\\/6360f965-assembleiamaranh\\u00e3o_2602a0303-205-768x513.jpg 768w, https:\\\/\\\/www.greenpeace.org\\\/static\\\/planet4-brasil-stateless\\\/2020\\\/03\\\/6360f965-assembleiamaranh\\u00e3o_2602a0303-205-1536x1025.jpg 1536w, https:\\\/\\\/www.greenpeace.org\\\/static\\\/planet4-brasil-stateless\\\/2020\\\/03\\\/6360f965-assembleiamaranh\\u00e3o_2602a0303-205-2048x1367.jpg 2048w, https:\\\/\\\/www.greenpeace.org\\\/static\\\/planet4-brasil-stateless\\\/2020\\\/03\\\/6360f965-assembleiamaranh\\u00e3o_2602a0303-205-2046x1366.jpg 2046w, https:\\\/\\\/www.greenpeace.org\\\/static\\\/planet4-brasil-stateless\\\/2020\\\/03\\\/6360f965-assembleiamaranh\\u00e3o_2602a0303-205-510x340.jpg 510w&quot;,&quot;image_sizes&quot;:false,&quot;alt_text&quot;:&quot;&quot;,&quot;caption&quot;:&quot;IV Encontro da Articula\\u00e7\\u00e3o das Mulheres Ind\\u00edgenas do Maranh\\u00e3o (Amima) e a V Assembleia da Coordena\\u00e7\\u00e3o das Organiza\\u00e7\\u00f5es e Articula\\u00e7\\u00f5es dos Povos Ind\\u00edgenas do Maranh\\u00e3o (Coapima)&quot;,&quot;focus_image&quot;:&quot;&quot;,&quot;credits&quot;:&quot;\\u00a9 Christian Braga \\\/ Greenpeace&quot;},{&quot;image_src&quot;:&quot;https:\\\/\\\/www.greenpeace.org\\\/static\\\/planet4-brasil-stateless\\\/2020\\\/03\\\/58ee953d-assembleiamaranh\\u00e3o_2602a0303-189-scaled.jpg&quot;,&quot;image_srcset&quot;:&quot;https:\\\/\\\/www.greenpeace.org\\\/static\\\/planet4-brasil-stateless\\\/2020\\\/03\\\/58ee953d-assembleiamaranh\\u00e3o_2602a0303-189-scaled.jpg 2560w, https:\\\/\\\/www.greenpeace.org\\\/static\\\/planet4-brasil-stateless\\\/2020\\\/03\\\/58ee953d-assembleiamaranh\\u00e3o_2602a0303-189-300x168.jpg 300w, https:\\\/\\\/www.greenpeace.org\\\/static\\\/planet4-brasil-stateless\\\/2020\\\/03\\\/58ee953d-assembleiamaranh\\u00e3o_2602a0303-189-1024x575.jpg 1024w, https:\\\/\\\/www.greenpeace.org\\\/static\\\/planet4-brasil-stateless\\\/2020\\\/03\\\/58ee953d-assembleiamaranh\\u00e3o_2602a0303-189-768x431.jpg 768w, https:\\\/\\\/www.greenpeace.org\\\/static\\\/planet4-brasil-stateless\\\/2020\\\/03\\\/58ee953d-assembleiamaranh\\u00e3o_2602a0303-189-1536x862.jpg 1536w, https:\\\/\\\/www.greenpeace.org\\\/static\\\/planet4-brasil-stateless\\\/2020\\\/03\\\/58ee953d-assembleiamaranh\\u00e3o_2602a0303-189-2048x1149.jpg 2048w, https:\\\/\\\/www.greenpeace.org\\\/static\\\/planet4-brasil-stateless\\\/2020\\\/03\\\/58ee953d-assembleiamaranh\\u00e3o_2602a0303-189-510x286.jpg 510w&quot;,&quot;image_sizes&quot;:false,&quot;alt_text&quot;:&quot;&quot;,&quot;caption&quot;:&quot;IV Encontro da Articula\\u00e7\\u00e3o das Mulheres Ind\\u00edgenas do Maranh\\u00e3o (Amima) e a V Assembleia da Coordena\\u00e7\\u00e3o das Organiza\\u00e7\\u00f5es e Articula\\u00e7\\u00f5es dos Povos Ind\\u00edgenas do Maranh\\u00e3o (Coapima)&quot;,&quot;focus_image&quot;:&quot;&quot;,&quot;credits&quot;:&quot;\\u00a9 Christian Braga \\\/ Greenpeace&quot;},{&quot;image_src&quot;:&quot;https:\\\/\\\/www.greenpeace.org\\\/static\\\/planet4-brasil-stateless\\\/2020\\\/03\\\/0bd4283d-assembleiamaranh\\u00e3o_2602a0303-196-scaled.jpg&quot;,&quot;image_srcset&quot;:&quot;https:\\\/\\\/www.greenpeace.org\\\/static\\\/planet4-brasil-stateless\\\/2020\\\/03\\\/0bd4283d-assembleiamaranh\\u00e3o_2602a0303-196-scaled.jpg 2560w, https:\\\/\\\/www.greenpeace.org\\\/static\\\/planet4-brasil-stateless\\\/2020\\\/03\\\/0bd4283d-assembleiamaranh\\u00e3o_2602a0303-196-300x200.jpg 300w, https:\\\/\\\/www.greenpeace.org\\\/static\\\/planet4-brasil-stateless\\\/2020\\\/03\\\/0bd4283d-assembleiamaranh\\u00e3o_2602a0303-196-1024x684.jpg 1024w, https:\\\/\\\/www.greenpeace.org\\\/static\\\/planet4-brasil-stateless\\\/2020\\\/03\\\/0bd4283d-assembleiamaranh\\u00e3o_2602a0303-196-768x513.jpg 768w, https:\\\/\\\/www.greenpeace.org\\\/static\\\/planet4-brasil-stateless\\\/2020\\\/03\\\/0bd4283d-assembleiamaranh\\u00e3o_2602a0303-196-1536x1025.jpg 1536w, https:\\\/\\\/www.greenpeace.org\\\/static\\\/planet4-brasil-stateless\\\/2020\\\/03\\\/0bd4283d-assembleiamaranh\\u00e3o_2602a0303-196-2048x1367.jpg 2048w, https:\\\/\\\/www.greenpeace.org\\\/static\\\/planet4-brasil-stateless\\\/2020\\\/03\\\/0bd4283d-assembleiamaranh\\u00e3o_2602a0303-196-2046x1366.jpg 2046w, https:\\\/\\\/www.greenpeace.org\\\/static\\\/planet4-brasil-stateless\\\/2020\\\/03\\\/0bd4283d-assembleiamaranh\\u00e3o_2602a0303-196-510x340.jpg 510w&quot;,&quot;image_sizes&quot;:false,&quot;alt_text&quot;:&quot;&quot;,&quot;caption&quot;:&quot;Terra Ind\\u00edgena Caru (Maranh\\u00e3o)&quot;,&quot;focus_image&quot;:&quot;&quot;,&quot;credits&quot;:&quot;\\u00a9 Christian Braga \\\/ Greenpeace&quot;},{&quot;image_src&quot;:&quot;https:\\\/\\\/www.greenpeace.org\\\/static\\\/planet4-brasil-stateless\\\/2020\\\/03\\\/3f9ebb31-assembleiamaranh\\u00e3o_2602a0303-142-scaled.jpg&quot;,&quot;image_srcset&quot;:&quot;https:\\\/\\\/www.greenpeace.org\\\/static\\\/planet4-brasil-stateless\\\/2020\\\/03\\\/3f9ebb31-assembleiamaranh\\u00e3o_2602a0303-142-scaled.jpg 2560w, https:\\\/\\\/www.greenpeace.org\\\/static\\\/planet4-brasil-stateless\\\/2020\\\/03\\\/3f9ebb31-assembleiamaranh\\u00e3o_2602a0303-142-300x200.jpg 300w, https:\\\/\\\/www.greenpeace.org\\\/static\\\/planet4-brasil-stateless\\\/2020\\\/03\\\/3f9ebb31-assembleiamaranh\\u00e3o_2602a0303-142-1024x684.jpg 1024w, https:\\\/\\\/www.greenpeace.org\\\/static\\\/planet4-brasil-stateless\\\/2020\\\/03\\\/3f9ebb31-assembleiamaranh\\u00e3o_2602a0303-142-768x513.jpg 768w, https:\\\/\\\/www.greenpeace.org\\\/static\\\/planet4-brasil-stateless\\\/2020\\\/03\\\/3f9ebb31-assembleiamaranh\\u00e3o_2602a0303-142-1536x1025.jpg 1536w, https:\\\/\\\/www.greenpeace.org\\\/static\\\/planet4-brasil-stateless\\\/2020\\\/03\\\/3f9ebb31-assembleiamaranh\\u00e3o_2602a0303-142-2048x1367.jpg 2048w, https:\\\/\\\/www.greenpeace.org\\\/static\\\/planet4-brasil-stateless\\\/2020\\\/03\\\/3f9ebb31-assembleiamaranh\\u00e3o_2602a0303-142-2046x1366.jpg 2046w, https:\\\/\\\/www.greenpeace.org\\\/static\\\/planet4-brasil-stateless\\\/2020\\\/03\\\/3f9ebb31-assembleiamaranh\\u00e3o_2602a0303-142-510x340.jpg 510w&quot;,&quot;image_sizes&quot;:false,&quot;alt_text&quot;:&quot;&quot;,&quot;caption&quot;:&quot;IV Encontro da Articula\\u00e7\\u00e3o das Mulheres Ind\\u00edgenas do Maranh\\u00e3o (Amima) e a V Assembleia da Coordena\\u00e7\\u00e3o das Organiza\\u00e7\\u00f5es e Articula\\u00e7\\u00f5es dos Povos Ind\\u00edgenas do Maranh\\u00e3o (Coapima)&quot;,&quot;focus_image&quot;:&quot;&quot;,&quot;credits&quot;:&quot;\\u00a9 Christian Braga \\\/ Greenpeace&quot;},{&quot;image_src&quot;:&quot;https:\\\/\\\/www.greenpeace.org\\\/static\\\/planet4-brasil-stateless\\\/2020\\\/03\\\/ca54475a-assembleiamaranh\\u00e3o_2602a0303-106-scaled.jpg&quot;,&quot;image_srcset&quot;:&quot;https:\\\/\\\/www.greenpeace.org\\\/static\\\/planet4-brasil-stateless\\\/2020\\\/03\\\/ca54475a-assembleiamaranh\\u00e3o_2602a0303-106-scaled.jpg 2560w, https:\\\/\\\/www.greenpeace.org\\\/static\\\/planet4-brasil-stateless\\\/2020\\\/03\\\/ca54475a-assembleiamaranh\\u00e3o_2602a0303-106-300x200.jpg 300w, https:\\\/\\\/www.greenpeace.org\\\/static\\\/planet4-brasil-stateless\\\/2020\\\/03\\\/ca54475a-assembleiamaranh\\u00e3o_2602a0303-106-1024x684.jpg 1024w, https:\\\/\\\/www.greenpeace.org\\\/static\\\/planet4-brasil-stateless\\\/2020\\\/03\\\/ca54475a-assembleiamaranh\\u00e3o_2602a0303-106-768x513.jpg 768w, https:\\\/\\\/www.greenpeace.org\\\/static\\\/planet4-brasil-stateless\\\/2020\\\/03\\\/ca54475a-assembleiamaranh\\u00e3o_2602a0303-106-1536x1025.jpg 1536w, https:\\\/\\\/www.greenpeace.org\\\/static\\\/planet4-brasil-stateless\\\/2020\\\/03\\\/ca54475a-assembleiamaranh\\u00e3o_2602a0303-106-2048x1367.jpg 2048w, https:\\\/\\\/www.greenpeace.org\\\/static\\\/planet4-brasil-stateless\\\/2020\\\/03\\\/ca54475a-assembleiamaranh\\u00e3o_2602a0303-106-2046x1366.jpg 2046w, https:\\\/\\\/www.greenpeace.org\\\/static\\\/planet4-brasil-stateless\\\/2020\\\/03\\\/ca54475a-assembleiamaranh\\u00e3o_2602a0303-106-510x340.jpg 510w&quot;,&quot;image_sizes&quot;:false,&quot;alt_text&quot;:&quot;&quot;,&quot;caption&quot;:&quot;IV Encontro da Articula\\u00e7\\u00e3o das Mulheres Ind\\u00edgenas do Maranh\\u00e3o (Amima) e a V Assembleia da Coordena\\u00e7\\u00e3o das Organiza\\u00e7\\u00f5es e Articula\\u00e7\\u00f5es dos Povos Ind\\u00edgenas do Maranh\\u00e3o (Coapima)&quot;,&quot;focus_image&quot;:&quot;&quot;,&quot;credits&quot;:&quot;\\u00a9 Christian Braga \\\/ Greenpeace&quot;},{&quot;image_src&quot;:&quot;https:\\\/\\\/www.greenpeace.org\\\/static\\\/planet4-brasil-stateless\\\/2020\\\/03\\\/e51b523c-assembleiamaranh\\u00e3o_2602a0303-57-scaled.jpg&quot;,&quot;image_srcset&quot;:&quot;https:\\\/\\\/www.greenpeace.org\\\/static\\\/planet4-brasil-stateless\\\/2020\\\/03\\\/e51b523c-assembleiamaranh\\u00e3o_2602a0303-57-scaled.jpg 2560w, https:\\\/\\\/www.greenpeace.org\\\/static\\\/planet4-brasil-stateless\\\/2020\\\/03\\\/e51b523c-assembleiamaranh\\u00e3o_2602a0303-57-300x200.jpg 300w, https:\\\/\\\/www.greenpeace.org\\\/static\\\/planet4-brasil-stateless\\\/2020\\\/03\\\/e51b523c-assembleiamaranh\\u00e3o_2602a0303-57-1024x684.jpg 1024w, https:\\\/\\\/www.greenpeace.org\\\/static\\\/planet4-brasil-stateless\\\/2020\\\/03\\\/e51b523c-assembleiamaranh\\u00e3o_2602a0303-57-768x513.jpg 768w, https:\\\/\\\/www.greenpeace.org\\\/static\\\/planet4-brasil-stateless\\\/2020\\\/03\\\/e51b523c-assembleiamaranh\\u00e3o_2602a0303-57-1536x1025.jpg 1536w, https:\\\/\\\/www.greenpeace.org\\\/static\\\/planet4-brasil-stateless\\\/2020\\\/03\\\/e51b523c-assembleiamaranh\\u00e3o_2602a0303-57-2048x1367.jpg 2048w, https:\\\/\\\/www.greenpeace.org\\\/static\\\/planet4-brasil-stateless\\\/2020\\\/03\\\/e51b523c-assembleiamaranh\\u00e3o_2602a0303-57-2046x1366.jpg 2046w, https:\\\/\\\/www.greenpeace.org\\\/static\\\/planet4-brasil-stateless\\\/2020\\\/03\\\/e51b523c-assembleiamaranh\\u00e3o_2602a0303-57-510x340.jpg 510w&quot;,&quot;image_sizes&quot;:false,&quot;alt_text&quot;:&quot;&quot;,&quot;caption&quot;:&quot;IV Encontro da Articula\\u00e7\\u00e3o das Mulheres Ind\\u00edgenas do Maranh\\u00e3o (Amima) e a V Assembleia da Coordena\\u00e7\\u00e3o das Organiza\\u00e7\\u00f5es e Articula\\u00e7\\u00f5es dos Povos Ind\\u00edgenas do Maranh\\u00e3o (Coapima)&quot;,&quot;focus_image&quot;:&quot;&quot;,&quot;credits&quot;:&quot;\\u00a9 Christian Braga \\\/ Greenpeace&quot;},{&quot;image_src&quot;:&quot;https:\\\/\\\/www.greenpeace.org\\\/static\\\/planet4-brasil-stateless\\\/2020\\\/03\\\/34904fa8-assembleiamaranh\\u00e3o_2602a0303-56-scaled.jpg&quot;,&quot;image_srcset&quot;:&quot;https:\\\/\\\/www.greenpeace.org\\\/static\\\/planet4-brasil-stateless\\\/2020\\\/03\\\/34904fa8-assembleiamaranh\\u00e3o_2602a0303-56-scaled.jpg 2560w, https:\\\/\\\/www.greenpeace.org\\\/static\\\/planet4-brasil-stateless\\\/2020\\\/03\\\/34904fa8-assembleiamaranh\\u00e3o_2602a0303-56-300x200.jpg 300w, https:\\\/\\\/www.greenpeace.org\\\/static\\\/planet4-brasil-stateless\\\/2020\\\/03\\\/34904fa8-assembleiamaranh\\u00e3o_2602a0303-56-1024x684.jpg 1024w, https:\\\/\\\/www.greenpeace.org\\\/static\\\/planet4-brasil-stateless\\\/2020\\\/03\\\/34904fa8-assembleiamaranh\\u00e3o_2602a0303-56-768x513.jpg 768w, https:\\\/\\\/www.greenpeace.org\\\/static\\\/planet4-brasil-stateless\\\/2020\\\/03\\\/34904fa8-assembleiamaranh\\u00e3o_2602a0303-56-1536x1025.jpg 1536w, https:\\\/\\\/www.greenpeace.org\\\/static\\\/planet4-brasil-stateless\\\/2020\\\/03\\\/34904fa8-assembleiamaranh\\u00e3o_2602a0303-56-2048x1367.jpg 2048w, https:\\\/\\\/www.greenpeace.org\\\/static\\\/planet4-brasil-stateless\\\/2020\\\/03\\\/34904fa8-assembleiamaranh\\u00e3o_2602a0303-56-2046x1366.jpg 2046w, https:\\\/\\\/www.greenpeace.org\\\/static\\\/planet4-brasil-stateless\\\/2020\\\/03\\\/34904fa8-assembleiamaranh\\u00e3o_2602a0303-56-510x340.jpg 510w&quot;,&quot;image_sizes&quot;:false,&quot;alt_text&quot;:&quot;&quot;,&quot;caption&quot;:&quot;IV Encontro da Articula\\u00e7\\u00e3o das Mulheres Ind\\u00edgenas do Maranh\\u00e3o (Amima) e a V Assembleia da Coordena\\u00e7\\u00e3o das Organiza\\u00e7\\u00f5es e Articula\\u00e7\\u00f5es dos Povos Ind\\u00edgenas do Maranh\\u00e3o (Coapima)&quot;,&quot;focus_image&quot;:&quot;&quot;,&quot;credits&quot;:&quot;\\u00a9 Christian Braga \\\/ Greenpeace&quot;},{&quot;image_src&quot;:&quot;https:\\\/\\\/www.greenpeace.org\\\/static\\\/planet4-brasil-stateless\\\/2020\\\/03\\\/99e27127-assembleiamaranh\\u00e3o_2602a0303-13-scaled.jpg&quot;,&quot;image_srcset&quot;:&quot;https:\\\/\\\/www.greenpeace.org\\\/static\\\/planet4-brasil-stateless\\\/2020\\\/03\\\/99e27127-assembleiamaranh\\u00e3o_2602a0303-13-scaled.jpg 2560w, https:\\\/\\\/www.greenpeace.org\\\/static\\\/planet4-brasil-stateless\\\/2020\\\/03\\\/99e27127-assembleiamaranh\\u00e3o_2602a0303-13-300x200.jpg 300w, https:\\\/\\\/www.greenpeace.org\\\/static\\\/planet4-brasil-stateless\\\/2020\\\/03\\\/99e27127-assembleiamaranh\\u00e3o_2602a0303-13-1024x684.jpg 1024w, https:\\\/\\\/www.greenpeace.org\\\/static\\\/planet4-brasil-stateless\\\/2020\\\/03\\\/99e27127-assembleiamaranh\\u00e3o_2602a0303-13-768x513.jpg 768w, https:\\\/\\\/www.greenpeace.org\\\/static\\\/planet4-brasil-stateless\\\/2020\\\/03\\\/99e27127-assembleiamaranh\\u00e3o_2602a0303-13-1536x1025.jpg 1536w, https:\\\/\\\/www.greenpeace.org\\\/static\\\/planet4-brasil-stateless\\\/2020\\\/03\\\/99e27127-assembleiamaranh\\u00e3o_2602a0303-13-2048x1367.jpg 2048w, https:\\\/\\\/www.greenpeace.org\\\/static\\\/planet4-brasil-stateless\\\/2020\\\/03\\\/99e27127-assembleiamaranh\\u00e3o_2602a0303-13-2046x1366.jpg 2046w, https:\\\/\\\/www.greenpeace.org\\\/static\\\/planet4-brasil-stateless\\\/2020\\\/03\\\/99e27127-assembleiamaranh\\u00e3o_2602a0303-13-510x340.jpg 510w&quot;,&quot;image_sizes&quot;:false,&quot;alt_text&quot;:&quot;&quot;,&quot;caption&quot;:&quot;IV Encontro da Articula\\u00e7\\u00e3o das Mulheres Ind\\u00edgenas do Maranh\\u00e3o (Amima) e a V Assembleia da Coordena\\u00e7\\u00e3o das Organiza\\u00e7\\u00f5es e Articula\\u00e7\\u00f5es dos Povos Ind\\u00edgenas do Maranh\\u00e3o (Coapima)&quot;,&quot;focus_image&quot;:&quot;&quot;,&quot;credits&quot;:&quot;\\u00a9 Christian Braga \\\/ Greenpeace&quot;}]}}\"><\/div>\n<p><strong>S\u00e9culos de resist\u00eancia<\/strong><\/p>\n\n<p>Mas se algo n\u00e3o faltava ali, naquele barrac\u00e3o coberto com palhas de baba\u00e7u e cuidadosamente enfeitado com palhas de guarim\u00e3 e mudas de amendoim forrageiro, era a forte presen\u00e7a da ancestralidade. Ainda da estrada que se iniciava no \u201ccor da terra\u201d Rio Pindar\u00e9, de longe, era poss\u00edvel ouvir o chacoalhar compassado dos marac\u00e1s, tanto Tupi como J\u00ea, o ritmado tambor Ka\u00b4apor e os cantos que parecem tocar algo muito profundo, e quase desconhecido, em n\u00f3s (cara\u00ed). Alguns cantos s\u00e3o alegres compassados, como os dos Guajajara, outros bastante graves e guturais (v\u00eam da garganta, roucos), como o dos Aw\u00e1, mas todos trazem em si a certeza de que s\u00f3 a luta pode garantir suas vidas.<\/p>\n\n<p>No calor escaldante (\u201ct\u00e1 pior com as mudan\u00e7as clim\u00e1ticas\u201d, comentaram por l\u00e1), Edilena Krikati, coordenadora da Coapima, compartilha seu testemunho sobre a resist\u00eancia secular dos povos origin\u00e1rios do Brasil: \u201cEsta \u00e9 uma luta que os povos n\u00e3o t\u00eam medo. A gente j\u00e1 passou por isso v\u00e1rias vezes. \u00c9 por isso que a gente continua resistindo at\u00e9 hoje. O valor da pessoa, o valor da vida, o valor das coisas, o valor da terra consiste nesta ess\u00eancia de voc\u00ea existir. E \u00e9 por isso que a gente resiste at\u00e9 hoje\u201d.<\/p>\n\n<p>Enquanto isso, rodeados pela densa mata, no barrac\u00e3o, um anci\u00e3o do povo Kanela anuncia: \u201ceu vou cantar, eu vou fazer uma alegria!\u201d.<br><\/p>\n<div class=\"EmptyMessage\">Block content is empty. Check the block&#8217;s settings or remove it.<\/div>","protected":false},"excerpt":{"rendered":"<p>Povos ind\u00edgenas do Maranh\u00e3o apostam na uni\u00e3o para protegerem o que resta da floresta no estado, suas terras e seus direitos<\/p>\n","protected":false},"author":28,"featured_media":15178,"comment_status":"open","ping_status":"closed","sticky":false,"template":"","format":"standard","meta":{"ep_exclude_from_search":false,"p4_og_title":"","p4_og_description":"","p4_og_image":"","p4_og_image_id":"","p4_seo_canonical_url":"","p4_campaign_name":"not set","p4_local_project":"","p4_basket_name":"not set","p4_department":"","footnotes":""},"categories":[3],"tags":[22],"p4-page-type":[16],"class_list":["post-15176","post","type-post","status-publish","format-standard","has-post-thumbnail","hentry","category-proteja-a-natureza","tag-florestas","p4-page-type-blog"],"_links":{"self":[{"href":"https:\/\/www.greenpeace.org\/brasil\/wp-json\/wp\/v2\/posts\/15176","targetHints":{"allow":["GET"]}}],"collection":[{"href":"https:\/\/www.greenpeace.org\/brasil\/wp-json\/wp\/v2\/posts"}],"about":[{"href":"https:\/\/www.greenpeace.org\/brasil\/wp-json\/wp\/v2\/types\/post"}],"author":[{"embeddable":true,"href":"https:\/\/www.greenpeace.org\/brasil\/wp-json\/wp\/v2\/users\/28"}],"replies":[{"embeddable":true,"href":"https:\/\/www.greenpeace.org\/brasil\/wp-json\/wp\/v2\/comments?post=15176"}],"version-history":[{"count":12,"href":"https:\/\/www.greenpeace.org\/brasil\/wp-json\/wp\/v2\/posts\/15176\/revisions"}],"predecessor-version":[{"id":35293,"href":"https:\/\/www.greenpeace.org\/brasil\/wp-json\/wp\/v2\/posts\/15176\/revisions\/35293"}],"wp:featuredmedia":[{"embeddable":true,"href":"https:\/\/www.greenpeace.org\/brasil\/wp-json\/wp\/v2\/media\/15178"}],"wp:attachment":[{"href":"https:\/\/www.greenpeace.org\/brasil\/wp-json\/wp\/v2\/media?parent=15176"}],"wp:term":[{"taxonomy":"category","embeddable":true,"href":"https:\/\/www.greenpeace.org\/brasil\/wp-json\/wp\/v2\/categories?post=15176"},{"taxonomy":"post_tag","embeddable":true,"href":"https:\/\/www.greenpeace.org\/brasil\/wp-json\/wp\/v2\/tags?post=15176"},{"taxonomy":"p4-page-type","embeddable":true,"href":"https:\/\/www.greenpeace.org\/brasil\/wp-json\/wp\/v2\/p4-page-type?post=15176"}],"curies":[{"name":"wp","href":"https:\/\/api.w.org\/{rel}","templated":true}]}}