{"id":1531,"date":"2011-10-10T12:57:00","date_gmt":"2011-10-10T12:57:00","guid":{"rendered":"https:\/\/www.greenpeace.org\/brasil\/blog\/vazamento-de-angra-completa-25-anos\/"},"modified":"2026-03-25T15:30:45","modified_gmt":"2026-03-25T18:30:45","slug":"vazamento-de-angra-completa-25-anos","status":"publish","type":"post","link":"https:\/\/www.greenpeace.org\/brasil\/blog\/vazamento-de-angra-completa-25-anos\/","title":{"rendered":"Vazamento de Angra completa 25 anos"},"content":{"rendered":"\n<figure class=\"wp-block-image size-large\"><img loading=\"lazy\" decoding=\"async\" width=\"1024\" height=\"653\" src=\"https:\/\/www.greenpeace.org\/static\/planet4-brasil-stateless\/2026\/03\/31a326ea-gp02d3q-1024x653.jpg\" title=\"Manifesta\u00e7\u00e3o antinuclear no Brasil\" alt=\"Manifesta\u00e7\u00e3o antinuclear no Brasil\" class=\"wp-image-63138\" srcset=\"https:\/\/www.greenpeace.org\/static\/planet4-brasil-stateless\/2026\/03\/31a326ea-gp02d3q-1024x653.jpg 1024w, https:\/\/www.greenpeace.org\/static\/planet4-brasil-stateless\/2026\/03\/31a326ea-gp02d3q-300x191.jpg 300w, https:\/\/www.greenpeace.org\/static\/planet4-brasil-stateless\/2026\/03\/31a326ea-gp02d3q-768x490.jpg 768w, https:\/\/www.greenpeace.org\/static\/planet4-brasil-stateless\/2026\/03\/31a326ea-gp02d3q-510x325.jpg 510w, https:\/\/www.greenpeace.org\/static\/planet4-brasil-stateless\/2026\/03\/31a326ea-gp02d3q.jpg 1200w\" sizes=\"auto, (max-width: 1024px) 100vw, 1024px\" \/><figcaption><div class=\"credit icon-left\"> \u00a9 Ivo Gonzalez \/ Greenpeace Brasil<\/div><\/figcaption><\/figure>\n<div class=\"post-content\">\n<p>No s\u00e1bado passado, 8 de outubro, fez 25 anos desde que a usina nuclear de Angra (RJ) sofreu um vazamento de \u00e1gua radioativa, uma hist\u00f3ria que at\u00e9 hoje apresenta vers\u00f5es nebulosas e \u00e9 exemplo crasso de como a hist\u00f3ria do programa nuclear brasileiro \u00e9 marcada pela falta de transpar\u00eancia e militariza\u00e7\u00e3o.<\/p>\n<p>A estimativa \u00e9 que 20 a 25 mil litros de \u00e1gua contaminada vazaram da usina e podem ter exposto ao menos 50 mil pessoas \u00e0 contamina\u00e7\u00e3o, segundo vers\u00f5es da \u00e9poca.<\/p>\n<p>O vazamento de 1986 em Angra ocorreu no per\u00edodo da transi\u00e7\u00e3o do regime militar para o civil no Brasil, e isso explica a s\u00e9rie de dificuldades para se ter acesso \u00e0 informa\u00e7\u00e3o. Mas, lembrar de casos como este \u00e9 fundamental para construir a mem\u00f3ria do pa\u00eds e evitar a continuidade da irrespons\u00e1vel aventura nuclear brasileira.<\/p>\n<p>Hoje, nada justifica a manuten\u00e7\u00e3o do setor nuclear como uma verdadeira caixa preta radioativa financiada com dinheiro p\u00fablico.<\/p>\n<p>O Brasil n\u00e3o precisa de energia nuclear, seja pela gera\u00e7\u00e3o de empregos ou pela gera\u00e7\u00e3o de energia el\u00e9trica para nosso pa\u00eds. Precisamos, ao contr\u00e1rio, liderar uma Revolu\u00e7\u00e3o Energ\u00e9tica com investimentos em novas renov\u00e1veis como Biomassa, Solar e E\u00f3lica.<\/p>\n<\/div>\n\n<div class=\"wp-block-buttons is-layout-flex wp-block-buttons-is-layout-flex\">\n<div class=\"wp-block-button\"><a class=\"wp-block-button__link wp-element-button\" href=\"https:\/\/youtu.be\/Ht2rfdBpdKg?si=6grV3ViEIVTefDr_\" target=\"_blank\" rel=\"noreferrer noopener\">Assista nossa a\u00e7\u00e3o pressionando o BNDES para suspender o investimento em Angra III e garantir a seguran\u00e7a do pa\u00eds.<\/a><\/div>\n<\/div>\n","protected":false},"excerpt":{"rendered":"<p>No s\u00e1bado passado, 8 de outubro, fez 25 anos desde que a usina nuclear de Angra (RJ) sofreu um vazamento de \u00e1gua radioativa, uma hist\u00f3ria que at\u00e9 hoje apresenta vers\u00f5es&hellip;<\/p>\n","protected":false},"author":28,"featured_media":63138,"comment_status":"open","ping_status":"open","sticky":false,"template":"","format":"standard","meta":{"ep_exclude_from_search":false,"p4_og_title":"","p4_og_description":"","p4_og_image":"","p4_og_image_id":"","p4_seo_canonical_url":"","p4_campaign_name":"","p4_local_project":"","p4_basket_name":"","p4_department":"","footnotes":""},"categories":[2],"tags":[7],"p4-page-type":[16],"class_list":["post-1531","post","type-post","status-publish","format-standard","has-post-thumbnail","hentry","category-transforme-a-sociedade","tag-energia","p4-page-type-blog"],"_links":{"self":[{"href":"https:\/\/www.greenpeace.org\/brasil\/wp-json\/wp\/v2\/posts\/1531","targetHints":{"allow":["GET"]}}],"collection":[{"href":"https:\/\/www.greenpeace.org\/brasil\/wp-json\/wp\/v2\/posts"}],"about":[{"href":"https:\/\/www.greenpeace.org\/brasil\/wp-json\/wp\/v2\/types\/post"}],"author":[{"embeddable":true,"href":"https:\/\/www.greenpeace.org\/brasil\/wp-json\/wp\/v2\/users\/28"}],"replies":[{"embeddable":true,"href":"https:\/\/www.greenpeace.org\/brasil\/wp-json\/wp\/v2\/comments?post=1531"}],"version-history":[{"count":7,"href":"https:\/\/www.greenpeace.org\/brasil\/wp-json\/wp\/v2\/posts\/1531\/revisions"}],"predecessor-version":[{"id":63144,"href":"https:\/\/www.greenpeace.org\/brasil\/wp-json\/wp\/v2\/posts\/1531\/revisions\/63144"}],"wp:featuredmedia":[{"embeddable":true,"href":"https:\/\/www.greenpeace.org\/brasil\/wp-json\/wp\/v2\/media\/63138"}],"wp:attachment":[{"href":"https:\/\/www.greenpeace.org\/brasil\/wp-json\/wp\/v2\/media?parent=1531"}],"wp:term":[{"taxonomy":"category","embeddable":true,"href":"https:\/\/www.greenpeace.org\/brasil\/wp-json\/wp\/v2\/categories?post=1531"},{"taxonomy":"post_tag","embeddable":true,"href":"https:\/\/www.greenpeace.org\/brasil\/wp-json\/wp\/v2\/tags?post=1531"},{"taxonomy":"p4-page-type","embeddable":true,"href":"https:\/\/www.greenpeace.org\/brasil\/wp-json\/wp\/v2\/p4-page-type?post=1531"}],"curies":[{"name":"wp","href":"https:\/\/api.w.org\/{rel}","templated":true}]}}