{"id":15361,"date":"2020-03-27T19:05:03","date_gmt":"2020-03-27T22:05:03","guid":{"rendered":"https:\/\/www.greenpeace.org\/brasil\/?p=15361"},"modified":"2020-06-25T18:14:53","modified_gmt":"2020-06-25T21:14:53","slug":"14-formas-de-ajudar-quem-precisa-durante-a-pandemia-do-coronavirus","status":"publish","type":"post","link":"https:\/\/www.greenpeace.org\/brasil\/blog\/14-formas-de-ajudar-quem-precisa-durante-a-pandemia-do-coronavirus\/","title":{"rendered":"14 formas de ajudar quem precisa durante a pandemia do coronav\u00edrus"},"content":{"rendered":"\n<h4 class=\"wp-block-heading\">Iniciativas pelo Brasil est\u00e3o recebendo doa\u00e7\u00f5es para as popula\u00e7\u00f5es mais vulner\u00e1veis aos efeitos econ\u00f4micos e de sa\u00fade nestes tempos de pandemia de coronav\u00edrus<br><\/h4>\n\n<figure class=\"wp-block-image size-large  caption-style-blue-overlay caption-alignment-center\"><img loading=\"lazy\" decoding=\"async\" width=\"1024\" height=\"683\" src=\"https:\/\/www.greenpeace.org\/static\/planet4-brasil-stateless\/2020\/03\/a44eacab-gp0stsvaf_medium_res-1024x683.jpg\" alt=\"\" class=\"wp-image-15364\" srcset=\"https:\/\/www.greenpeace.org\/static\/planet4-brasil-stateless\/2020\/03\/a44eacab-gp0stsvaf_medium_res-1024x683.jpg 1024w, https:\/\/www.greenpeace.org\/static\/planet4-brasil-stateless\/2020\/03\/a44eacab-gp0stsvaf_medium_res-300x200.jpg 300w, https:\/\/www.greenpeace.org\/static\/planet4-brasil-stateless\/2020\/03\/a44eacab-gp0stsvaf_medium_res-768x512.jpg 768w, https:\/\/www.greenpeace.org\/static\/planet4-brasil-stateless\/2020\/03\/a44eacab-gp0stsvaf_medium_res-510x340.jpg 510w, https:\/\/www.greenpeace.org\/static\/planet4-brasil-stateless\/2020\/03\/a44eacab-gp0stsvaf_medium_res.jpg 1200w\" sizes=\"auto, (max-width: 1024px) 100vw, 1024px\" \/><figcaption>Crian\u00e7as durante o Festival Percurso, inciativa da Ag\u00eancia Solano Trindade, na periferia de S\u00e3o Paulo. Foto: <a href=\"https:\/\/media.greenpeace.org\/C.aspx?VP3=DirectSearch&amp;AID=KWF6MYO0QA5\">\u00a9 Christian Braga \/ Greenpeace<\/a><\/figcaption><\/figure>\n\n<p>Se para quem tem condi\u00e7\u00f5es de ficar em casa j\u00e1 pode ser bastante perturbadora a experi\u00eancia do isolamento, imagine para aquelas que quase nada t\u00eam? A pandemia do coronav\u00edrus pode ser mais devastadora para as popula\u00e7\u00f5es vulner\u00e1veis: povos ind\u00edgenas e comunidades ribeirinhas que vivem distantes de hospitais,<a href=\"https:\/\/www.nexojornal.com.br\/expresso\/2020\/03\/18\/Por-que-as-periferias-s%C3%A3o-mais-vulner%C3%A1veis-ao-coronav%C3%ADrus\" target=\"_blank\" rel=\"noreferrer noopener\"> comunidades sem acesso \u00e0 \u00e1gua,<\/a> saneamento b\u00e1sico ou a itens de higiene b\u00e1sica; pessoas em situa\u00e7\u00e3o de rua e tantos outros que n\u00e3o t\u00eam a op\u00e7\u00e3o de ficar em isolamento social para se prevenir da Covid-19. Pessoas de baixa renda e trabalhadores informais j\u00e1 s\u00e3o os mais afetados pelos efeitos econ\u00f4micos da pandemia.<\/p>\n\n<p>Thiago Vinicius, da Ag\u00eancia Solano Trindade, por exemplo, \u00e9 morador do Campo Limpo e divide seu tempo entre administrar um <em>coworking<\/em>, o Armaz\u00e9m Organicamente, e um restaurante. Os espa\u00e7os buscam <a href=\"https:\/\/vejasp.abril.com.br\/cidades\/capa-empreendedor-campo-limpo\/?fbclid=IwAR3CbN9d_lL_t7ve6jyU28A5AjdIZIyBITysDgavpFnS9Qb21a8b8Qc0KzA\" target=\"_blank\" rel=\"noreferrer noopener\">gerar renda<\/a> e <a href=\"https:\/\/www.greenpeace.org\/brasil\/blog\/comida-saudavel-para-todas-as-pessoas-queremos\/\">democratizar a alimenta\u00e7\u00e3o saud\u00e1vel para a comunidade<\/a>. Com a situa\u00e7\u00e3o atual os espa\u00e7os tiveram que fechar suas portas e mudar sua forma de atua\u00e7\u00e3o, impactando as pessoas que se beneficiavam dessas iniciativas.&nbsp;<\/p>\n\n<p>\u201cA situa\u00e7\u00e3o neste momento \u00e9 da gente sobreviver e salvar o maior n\u00famero poss\u00edvel de vidas\u201d, disse para o Greenpeace Brasil. \u201cEstamos trabalhando na ag\u00eancia como uma esp\u00e9cie de Cruz Vermelha para arrecadar o m\u00e1ximo de doa\u00e7\u00f5es, conectando pessoas que querem doar com as que precisam receber. Precisamos de todo apoio para as vaquinhas das comunidades. A vaquinha hoje \u00e9 um dos instrumentos mais importantes pois o dinheiro chega sem muitas burocracias\u201d, completou.<\/p>\n\n<p>Pensando em formas de conectar as pessoas que t\u00eam condi\u00e7\u00f5es de passar essa quarentena em resguardo e que t\u00eam possibilidade de apoiar outros grupos, listamos algumas iniciativas. Outros sites tamb\u00e9m est\u00e3o fazendo listas, como a&nbsp; <a rel=\"noreferrer noopener\" href=\"https:\/\/midianinja.org\/news\/ajude-quem-precisa-contribua-com-vaquinhas-online-na-quarentena\/\" target=\"_blank\">M\u00eddia Ninja<\/a> e o Instituto Socioambiental (<a rel=\"noreferrer noopener\" href=\"https:\/\/www.socioambiental.org\/pt-br\/noticias-socioambientais\/saiba-como-ajudar-indigenas-e-povos-da-floresta-no-combate-ao-coronavirus\" target=\"_blank\">ISA<\/a>). <a href=\"https:\/\/www.greenpeace.org\/brasil\/blog\/por-um-mundo-verde-e-pacifico-sem-coronavirus\/\">Vamos elevar nossa humanidade colaborando com o pr\u00f3ximo.<\/a><br><br><\/p>\n\n<ol class=\"wp-block-list\"><li><strong><a href=\"https:\/\/www.instagram.com\/agsolanotrindade\/\" target=\"_blank\" rel=\"noreferrer noopener\">Apoie a Ag\u00eancia Solano Trindade &#8211; Armaz\u00e9m Organicamente<\/a>: <\/strong>a Ag\u00eancia Popular Solano Trindade busca arrecadar recursos financeiros para conseguir superar os custos fixos durante o tempo em que a casa est\u00e1 com atividades suspensas.<br><br><\/li><li><a rel=\"noreferrer noopener\" href=\"https:\/\/www.catarse.me\/renda_minima_catadores\" target=\"_blank\"><strong>Apoie os catadores de recicl\u00e1veis de S\u00e3o Paulo<\/strong><\/a>: Por causa do coronav\u00edrus, catadores n\u00e3o podem trabalhar nas ruas, como de costume. Est\u00e1 no ar a campanha de financiamento coletivo RENDA M\u00cdNIMA PROS CATADORES. <br><br><\/li><li><a rel=\"noreferrer noopener\" href=\"https:\/\/www.vakinha.com.br\/vaquinha\/acao342-apoio-para-coletivos-de-favelas-do-rio-de-janeiro\" target=\"_blank\"><strong>Apoie os Coletivos de Favelas do Rio de Janeiro<\/strong><\/a><strong>: <\/strong>A campanha puxada pelo <a rel=\"noreferrer noopener\" href=\"https:\/\/www.instagram.com\/342artes\/\" target=\"_blank\">Movimento 342 <\/a>e a <a rel=\"noreferrer noopener\" href=\"https:\/\/www.instagram.com\/procuresaber\/\" target=\"_blank\">Associa\u00e7\u00e3o Procure Saber<\/a> vai destinar os recursos obtidos para os Coletivos <a rel=\"noreferrer noopener\" href=\"https:\/\/www.instagram.com\/cpapo_reto\/\" target=\"_blank\">Papo Reto<\/a>, <a rel=\"noreferrer noopener\" href=\"https:\/\/www.instagram.com\/vozdascomunidades\/\" target=\"_blank\">Voz das Comunidades<\/a>, <a rel=\"noreferrer noopener\" href=\"https:\/\/www.instagram.com\/arocinharesiste\/\" target=\"_blank\">Rocinha Resiste<\/a> e <a rel=\"noreferrer noopener\" href=\"https:\/\/www.instagram.com\/redesdamare\/\" target=\"_blank\">Redes da Mar\u00e9<\/a>.<br><br><\/li><li><strong><a rel=\"noreferrer noopener\" href=\"https:\/\/www.vakinha.com.br\/vaquinha\/combate-ao-coronavirus-nas-comunidades-do-rj-fase-1\" target=\"_blank\">Combate ao Coronav\u00edrus nas Comunidades do Rio de Janeiro<\/a>: <\/strong>O Grupo Amigos do Rio vai arrecadar cestas b\u00e1sicas com itens de higiene pessoal e alimenta\u00e7\u00e3o. O Instituto Phi far\u00e1 a compra e a distribui\u00e7\u00e3o das cestas, al\u00e9m do mapeamento das zonas com mais necessidades.<br><br><\/li><li><a rel=\"noreferrer noopener\" href=\"https:\/\/www.vakinha.com.br\/vaquinha\/ajude-a-cufa-a-ampliar-seu-combate-ao-coronavirus\" target=\"_blank\"><strong>Ajude a CUFA a ampliar o combate ao coronav\u00edrus<\/strong><\/a><strong>: <\/strong>Enquanto parte da sociedade est\u00e1 em quarentena, muitos moradores das favelas est\u00e3o na rua. \u00c9 por meio de servi\u00e7os como coleta de lixo, caixas de supermercados, frentistas de postos de gasolina, portaria, seguran\u00e7a, entregadores de refei\u00e7\u00f5es, entre outros, que a cidade se mant\u00e9m. E \u00e9 exatamente esse um dos motivos que deixa a favela t\u00e3o vulner\u00e1vel. A Central \u00danica das Favelas Brasil (CUFA), em parceria com centenas de organiza\u00e7\u00f5es sociais, organizaram uma vaquinha de arrecada\u00e7\u00e3o.<br><br><\/li><li><a rel=\"noreferrer noopener\" href=\"https:\/\/www.vakinha.com.br\/vaquinha\/complexo-da-mare-contra-o-coronavirus\" target=\"_blank\"><strong>Complexo da Mar\u00e9 contra o Coronav\u00edrus<\/strong><\/a><strong>: <\/strong>A comunica\u00e7\u00e3o comunit\u00e1ria \u00e9 uma ferramenta fundamental para informar os moradoras de favelas sobre os riscos da pandemia do coronav\u00edrus. O coletivos MAR\u00c9 Vive, MAR\u00c9 0800 e Amar\u00c9v\u00ea lan\u00e7aram uma campanha de doa\u00e7\u00e3o para manter vivas as a\u00e7\u00f5es de comunica\u00e7\u00e3o durante esse per\u00edodo.\u00a0<br><br><\/li><li><a rel=\"noreferrer noopener\" href=\"https:\/\/www.vakinha.com.br\/vaquinha\/ajude-os-sem-teto-a-enfrentar-o-coronavirus\" target=\"_blank\"><strong>Fundo de emerg\u00eancia para os sem-teto afetados pelo coronav\u00edrus<\/strong><\/a><strong>: <\/strong>\u00a0O Movimento dos Trabalhadores e Trabalhadoras Sem-Tetos lan\u00e7ou uma vaquinha\u00a0 junto ao Padre J\u00falio Lancelotti para prestar atendimento \u00e0s fam\u00edlias e promover a\u00e7\u00f5es de prote\u00e7\u00e3o e cuidado.\u00a0<br><br><\/li><li><a rel=\"noreferrer noopener\" href=\"https:\/\/www.vakinha.com.br\/vaquinha\/ajude-a-prevencao-do-covid-19-nas-ruas\" target=\"_blank\"><strong>Ajude a preven\u00e7\u00e3o da #Covid-19 nas ruas<\/strong><\/a><strong>:<\/strong> O Favela Terapia decidiu criar uma a\u00e7\u00e3o volunt\u00e1ria e aut\u00f4noma de arrecada\u00e7\u00e3o que garantir\u00e1 minimamente uma preven\u00e7\u00e3o da Covid-19 \u00e0s pessoas em situa\u00e7\u00e3o de rua.\u00a0<br><br><\/li><li><a rel=\"noreferrer noopener\" href=\"https:\/\/www.vakinha.com.br\/vaquinha\/moradores-de-rua-contra-o-corona-virus\" target=\"_blank\"><strong>Moradores de Rua Contra o Coronav\u00edrus<\/strong><\/a><strong>: <\/strong>Pessoas em situa\u00e7\u00e3o de rua fazem parte do grupo de risco e em tempos de pandemia precisam ainda mais de aten\u00e7\u00e3o e cuidados. Kits com \u00e1lcool em gel, sabonete l\u00edquido, luvas e m\u00e1scara est\u00e3o sendo distribu\u00eddos na regi\u00e3o do ABC, na grande S\u00e3o Paulo, para pessoas em vulnerabilidade nas ruas. Para que isso continue acontecendo, \u00e9 preciso de verba.<br><br><\/li><li><a rel=\"noreferrer noopener\" href=\"https:\/\/vaka.me\/949425\" target=\"_blank\"><strong>Apoie as periferias<\/strong><\/a><strong>: <\/strong>N\u00e3o h\u00e1 quarentena sem o direito \u00e0 condi\u00e7\u00f5es m\u00ednimas de exist\u00eancia. Agora, Uneafro Brasil pede apoio \u00e0s fam\u00edlias pobres, negras e perif\u00e9ricas de diversas comunidades de S\u00e3o Paulo e Rio de Janeiro. <br><br><\/li><li><a rel=\"noreferrer noopener\" href=\"https:\/\/vaka.me\/953272\" target=\"_blank\"><strong>Fundo de emerg\u00eancia para pessoas trans<\/strong><\/a><strong>: <\/strong>Sabe-se que a popula\u00e7\u00e3o transvestig\u00eanere brasileira (transg\u00eanero, transexuais e travestis) \u00e9 extremamente vulner\u00e1vel. Com o agravamento de uma pandemia, a situa\u00e7\u00e3o fica pior. A Casa Chama est\u00e1 promovendo uma a\u00e7\u00e3o para arrecadar fundos.<br><br><\/li><li><a rel=\"noreferrer noopener\" href=\"https:\/\/vaka.me\/952341\" target=\"_blank\"><strong>Apoie os povos ind\u00edgenas<\/strong><\/a><strong>: <\/strong>O modo de vida comunit\u00e1rio dos povos ind\u00edgenas pode facilitar a r\u00e1pida propaga\u00e7\u00e3o do v\u00edrus nos territ\u00f3rios caso algu\u00e9m seja contaminado. Com os valores arrecadados pela Articula\u00e7\u00e3o dos Povos Ind\u00edgenas do Brasil (APIB) ser\u00e1 realizada a compra de alimentos, rem\u00e9dios e material de higiene para as aldeias.<br><br><\/li><li><a rel=\"noreferrer noopener\" href=\"https:\/\/www.charidy.com\/vempraguerra\" target=\"_blank\"><strong>Ajude o hospital das cl\u00ednicas da USP sem sair de casa<\/strong><\/a><strong>: <\/strong>Pensando em como impedir que quem circula no hospital fique sem equipamentos de prote\u00e7\u00e3o, m\u00e9dicos e profissionais volunt\u00e1rios de outras \u00e1reas (como financeira e jur\u00eddica) se uniram para criar a campanha #VemPraGuerra, que busca levantar fundos com a contribui\u00e7\u00e3o da sociedade civil.<br><br><\/li><li><a rel=\"noreferrer noopener\" href=\"https:\/\/www.vakinha.com.br\/vaquinha\/ajude-os-povos-de-altamira\" target=\"_blank\"><strong>Ajude os povos de Altamira<\/strong><\/a><strong>: <\/strong>A Campanha Solid\u00e1ria Pelas Fam\u00edlias de Altamira precisa arrecadar 40 mil reais para entregar 200 cestas b\u00e1sicas, produtos de limpeza para 200 fam\u00edlias em situa\u00e7\u00e3o de fome. Parte dos alimentos ser\u00e3o adquiridos de agricultores familiares e ribeirinhos da regi\u00e3o de Altamira.<br><br><em><strong>Depois da publica\u00e7\u00e3o deste texto, inclu\u00edmos mais algumas iniciativas (atualizado em 5 de maio)<\/strong><\/em><strong>:<\/strong><br><br><\/li><li><strong> <\/strong><a rel=\"noreferrer noopener\" href=\"https:\/\/benfeitoria.com\/rangosp?ref=benfeitoria-pesquisa-projetos\" target=\"_blank\"><strong>Alimente as pessoas sem desperd\u00edcios<\/strong><\/a><strong>: <\/strong>O fechamento de restaurantes e do com\u00e9rcio\u00a0 reduziu a circula\u00e7\u00e3o de alimentos e afetou as fam\u00edlias no campo. Um grupo solid\u00e1rio de restaurantes disponibilizou seus espa\u00e7os para produzir refei\u00e7\u00f5es para pessoas em situa\u00e7\u00e3o de vulnerabilidade a partir do excedente dos alimentos produzidos por fam\u00edlias de agricultores.<br>\u00a0<br><\/li><li><a rel=\"noreferrer noopener\" href=\"https:\/\/www.amazonemergencyfund.org\/copia-de-francais\" target=\"_blank\"><strong>Ajude o Fundo de Emerg\u00eancia da Amaz\u00f4nia:<\/strong><\/a> Doe para as comunidades e organiza\u00e7\u00f5es ind\u00edgenas e florestais que enfrentam a Covid-19 na floresta amaz\u00f4nica. Entre as atua\u00e7\u00f5es que elas t\u00eam feito est\u00e3o a compra de alimentos e suprimentos m\u00e9dicos, al\u00e9m de linhas de comunica\u00e7\u00e3o sobre preven\u00e7\u00e3o da doen\u00e7a.<br><br><\/li><li><strong><a rel=\"noreferrer noopener\" href=\"https:\/\/benfeitoria.com\/santarosacontracovid19\" target=\"_blank\">Ajude fam\u00edlias quilombolas:<\/a><\/strong> O quilombo Santa Rosa dos Pretos, no Maranh\u00e3o, pede ajuda para enfrentar a Covid-19. Sem gera\u00e7\u00e3o de renda, 120 fam\u00edlias receber\u00e3o cestas b\u00e1sicas durante o isolamento social.<br> <br><\/li><li><strong><a rel=\"noreferrer noopener\" href=\"https:\/\/www.instagram.com\/gmulhermaravilha\/?igshid=k4qyafwpn952\" target=\"_blank\">Apoie mulheres de Recife:<\/a><\/strong> O Grupo Mulher Maravilha (GMM) presta servi\u00e7os para socorrer pessoas em situa\u00e7\u00e3o de maior vulnerabilidade. Com sede e atua\u00e7\u00e3o em Nova Descoberta, bairro em Recife, considerado um bols\u00e3o de pobreza, o GMM est\u00e1 recebendo doa\u00e7\u00e3o de alimentos, fraldas geri\u00e1tricas e materiais de higiene e limpeza ou, de transfer\u00eancia banc\u00e1ria de qualquer valor. Local de Doa\u00e7\u00f5es: Rua Nova Descoberta, 849. Toda segunda-feira das 09h30 \u00e0s 11h30. Conta Banc\u00e1ria: Caixa Econ\u00f4mica Federal. Ag\u00eancia 4815 Opera\u00e7\u00e3o 013. Conta Corrente: 8293-0. Para Valeria Ara\u00fajo Santos, CPF: 296.304.954-49.<br><br><\/li><li><a rel=\"noreferrer noopener\" href=\"https:\/\/www.instagram.com\/p\/B-X5wFpFVGD\/\" target=\"_blank\"><strong>Doe ao povo Anac\u00e9, de Fortaleza<\/strong><\/a><strong>: <\/strong>O povo ind\u00edgena do munic\u00edpio de Caucaia, na regi\u00e3o metropolitana de Fortaleza, est\u00e1 com dificuldade de conseguir alimenta\u00e7\u00e3o e material de higiene. Onde est\u00e3o, n\u00e3o podem fazer sua agricultura, nem pescar ou ca\u00e7ar nas matas, e n\u00e3o s\u00e3o empregados assalariados nem contam com a ajuda financeira do governo. S\u00e3o 138 fam\u00edlias desassistidas nas aldeias Japuara e Santa Rosa. As doa\u00e7\u00f5es podem ser feitas na conta banc\u00e1ria: Caixa Econ\u00f4mica Federal, Ag\u00eancia 1961. Opera\u00e7\u00e3o 013. Conta 18252-4, para Aurea Maria Santos M. Filho, CPF: 950. 785. 173-91. Quem fizer a doa\u00e7\u00e3o, manda o comprovante via <a rel=\"noreferrer noopener\" href=\"https:\/\/www.instagram.com\/japuaraanace\/\" target=\"_blank\">mensagem direta no Instagram<\/a> do grupo.<br><br><em><strong>E apareceram mais duas iniciativas lindas ligadas \u00e0 alimenta\u00e7\u00e3o, que inclu\u00edmos aqui (atualizado em 17 de junho)<\/strong><\/em><strong>:<\/strong><br><br><\/li><li><a rel=\"noreferrer noopener\" href=\"https:\/\/benfeitoria.com\/lutecomoquemcuida\" target=\"_blank\"><strong>Lute como quem cuida<\/strong><\/a>: voc\u00ea pode ajudar a garantir um prato de comida \u2013 e a manuten\u00e7\u00e3o imediata da vida \u2013 para pessoas em situa\u00e7\u00e3o de rua e vulnerabilidade. O Movimento Sem Teto do Centro (MSTC) e o Movimento Sem Terra de S\u00e3o Paulo (MST\/SP) se uniram para a produ\u00e7\u00e3o de quentinhas saud\u00e1veis e saborosas oferecidas a essa popula\u00e7\u00e3o. Chefs convidados pensam de maneira cuidadosa nos alimentos que comp\u00f5em as quentinhas, para garantir todos os nutrientes necess\u00e1rios. Voc\u00ea pode doar uma ou mais quentinhas. Se houver arrecada\u00e7\u00e3o suficiente, o projeto poder\u00e1 se expandir para outras cozinhas solid\u00e1rias.<br><br><\/li><li><a rel=\"noreferrer noopener\" href=\"https:\/\/www.instagram.com\/p\/CBl2baMpgyj\/?igshid=1fh9ulwss8prq\" target=\"_blank\"><strong>Favela Org\u00e2nica<\/strong><\/a>: A partir de 15 reais, voc\u00ea pode apadrinhar marmitas que ser\u00e3o distribu\u00eddas nas comunidades do Chap\u00e9u Mangueira e Babil\u00f4nia, no Rio de Janeiro. O legal desse projeto \u00e9 que as marmitas, al\u00e9m de alimentarem quem mais precisa neste momento de crise, carregam a miss\u00e3o de democratizar a comida de verdade, estimular o aproveitamento integral dos alimentos e acabar com o preconceito de que comida vegana \u00e9 ruim. Como isso \u00e9 feito? Junto com a marmita e um suco natural, os moradores recebem receitas que dever\u00e3o ser compartilhadas com ao menos tr\u00eas vizinhos. O Favela Org\u00e2nica \u00e9 liderado pela incr\u00edvel Regina Tchelly.<br><br><\/li><\/ol>\n\n<p><\/p>\n","protected":false},"excerpt":{"rendered":"<p>Iniciativas pelo Brasil est\u00e3o recebendo doa\u00e7\u00f5es para as popula\u00e7\u00f5es mais vulner\u00e1veis aos efeitos econ\u00f4micos e de sa\u00fade nestes tempos de pandemia de coronav\u00edrus<\/p>\n","protected":false},"author":25,"featured_media":15364,"comment_status":"open","ping_status":"closed","sticky":false,"template":"","format":"standard","meta":{"ep_exclude_from_search":false,"p4_og_title":"","p4_og_description":"","p4_og_image":"","p4_og_image_id":"","p4_seo_canonical_url":"","p4_campaign_name":"Covid-19 Response","p4_local_project":"not set","p4_basket_name":"not set","p4_department":"","footnotes":""},"categories":[2],"tags":[13],"p4-page-type":[16],"class_list":["post-15361","post","type-post","status-publish","format-standard","has-post-thumbnail","hentry","category-transforme-a-sociedade","tag-greenpeace","p4-page-type-blog"],"_links":{"self":[{"href":"https:\/\/www.greenpeace.org\/brasil\/wp-json\/wp\/v2\/posts\/15361","targetHints":{"allow":["GET"]}}],"collection":[{"href":"https:\/\/www.greenpeace.org\/brasil\/wp-json\/wp\/v2\/posts"}],"about":[{"href":"https:\/\/www.greenpeace.org\/brasil\/wp-json\/wp\/v2\/types\/post"}],"author":[{"embeddable":true,"href":"https:\/\/www.greenpeace.org\/brasil\/wp-json\/wp\/v2\/users\/25"}],"replies":[{"embeddable":true,"href":"https:\/\/www.greenpeace.org\/brasil\/wp-json\/wp\/v2\/comments?post=15361"}],"version-history":[{"count":20,"href":"https:\/\/www.greenpeace.org\/brasil\/wp-json\/wp\/v2\/posts\/15361\/revisions"}],"predecessor-version":[{"id":24715,"href":"https:\/\/www.greenpeace.org\/brasil\/wp-json\/wp\/v2\/posts\/15361\/revisions\/24715"}],"wp:featuredmedia":[{"embeddable":true,"href":"https:\/\/www.greenpeace.org\/brasil\/wp-json\/wp\/v2\/media\/15364"}],"wp:attachment":[{"href":"https:\/\/www.greenpeace.org\/brasil\/wp-json\/wp\/v2\/media?parent=15361"}],"wp:term":[{"taxonomy":"category","embeddable":true,"href":"https:\/\/www.greenpeace.org\/brasil\/wp-json\/wp\/v2\/categories?post=15361"},{"taxonomy":"post_tag","embeddable":true,"href":"https:\/\/www.greenpeace.org\/brasil\/wp-json\/wp\/v2\/tags?post=15361"},{"taxonomy":"p4-page-type","embeddable":true,"href":"https:\/\/www.greenpeace.org\/brasil\/wp-json\/wp\/v2\/p4-page-type?post=15361"}],"curies":[{"name":"wp","href":"https:\/\/api.w.org\/{rel}","templated":true}]}}