{"id":15525,"date":"2020-04-03T15:09:20","date_gmt":"2020-04-03T18:09:20","guid":{"rendered":"https:\/\/www.greenpeace.org\/brasil\/?p=15525"},"modified":"2021-01-22T13:49:33","modified_gmt":"2021-01-22T16:49:33","slug":"as-arvores-somos-nozes-24-os-riscos-do-coronavirus-para-os-povos-indigenas","status":"publish","type":"post","link":"https:\/\/www.greenpeace.org\/brasil\/podcast\/as-arvores-somos-nozes-24-os-riscos-do-coronavirus-para-os-povos-indigenas\/","title":{"rendered":"As \u00c1rvores Somos Nozes 24 \u2013 Os riscos do coronav\u00edrus para os povos ind\u00edgenas"},"content":{"rendered":"\n<h4 class=\"wp-block-heading\">Por que os ind\u00edgenas s\u00e3o mais vulner\u00e1veis \u00e0 Covid-19? No epis\u00f3dio do podcast desta semana explicamos e o que \u00e9 poss\u00edvel fazer para ajud\u00e1-los<\/h4>\n\n<iframe loading=\"lazy\" src=\"https:\/\/anchor.fm\/as-arvores\/embed\/episodes\/24---Os-riscos-do-coronavrus-para-os-povos-indgenas-ep7s17\" height=\"120px\" width=\"700px\" frameborder=\"0\" scrolling=\"no\"><\/iframe>\n\n<p>Quando os portugueses invadiram o Brasil, 500 anos atr\u00e1s, eles trouxeram as gripes, que, junto ao processo de coloniza\u00e7\u00e3o, dizimaram popula\u00e7\u00f5es inteiras dos povos origin\u00e1rios. Ainda hoje, doen\u00e7as respirat\u00f3rias continuam sendo uma das principais raz\u00f5es de mortes entre ind\u00edgenas.&nbsp;<br><br>A Covid-19 \u00e9 uma infec\u00e7\u00e3o respirat\u00f3ria. Ent\u00e3o, quando a pandemia do novo coronav\u00edrus chegou ao nosso pa\u00eds, a palavra &#8220;genoc\u00eddio&#8221; come\u00e7ou a circular quando o assunto era o risco aos povos ind\u00edgenas.<br><br>Para entendermos porque os brasileiros ind\u00edgenas s\u00e3o mais vulner\u00e1veis ao coronav\u00edrus do que os n\u00e3o-ind\u00edgenas, conversamos com Douglas Rodrigues, m\u00e9dico sanitarista da Universidade Federal de S\u00e3o Paulo e que, h\u00e1 mais de 40 anos, trabalha com povos ind\u00edgenas e em isolamento volunt\u00e1rio na Amaz\u00f4nia; e com M\u00e1rio Nic\u00e1cio, do povo Wapichana, em Roraima. Ele tamb\u00e9m \u00e9 vice-coordenador da Coordena\u00e7\u00e3o das Organiza\u00e7\u00f5es Ind\u00edgenas da Amaz\u00f4nia Brasileira (Coiab).<\/p>\n\n<p>&nbsp;<a rel=\"noreferrer noopener\" href=\"http:\/\/feeds.feedburner.com\/asarvores\" target=\"_blank\">Assine o feed<\/a>&nbsp;|&nbsp;<a rel=\"noreferrer noopener\" href=\"https:\/\/open.spotify.com\/show\/51FYxkzZ0DPPUtd87T01ny\" target=\"_blank\">Ou\u00e7a no Spotify<\/a>&nbsp;|&nbsp;<a rel=\"noreferrer noopener\" href=\"https:\/\/itunes.apple.com\/br\/podcast\/as-%C3%A1rvores-somos-nozes\/id1436750884?mt=2#\" target=\"_blank\">Ou\u00e7a no iOS<\/a>&nbsp;|&nbsp;<a rel=\"noreferrer noopener\" href=\"https:\/\/subscribeonandroid.com\/feeds.feedburner.com\/asarvores\" target=\"_blank\">Ou\u00e7a no Android<\/a><\/p>\n\n<p><strong>Links de refer\u00eancia sobre o tema:<\/strong><\/p>\n\n<ul class=\"wp-block-list\"><li><a href=\"https:\/\/coiab.org.br\/\">Portal da Coiab<\/a>, Coordena\u00e7\u00e3o das Organiza\u00e7\u00f5es Ind\u00edgenas da Amaz\u00f4nia Brasileira&nbsp;<\/li><li><a href=\"https:\/\/g1.globo.com\/am\/amazonas\/noticia\/2020\/04\/01\/indigena-de-20-anos-testa-positivo-para-coronavirus-e-aldeias-do-am-entram-em-isolamento.ghtml?utm_content=124240950&amp;utm_medium=social&amp;utm_source=facebook&amp;hss_channel=fbp-159103797542&amp;fbclid=IwAR3Qi1xY18CLVL6YJFWF0cVOk025nCkGwmuIYt-O8W3Jlrop-r1ZU31ZG-A\">Ind\u00edgena de 20 anos testa positivo para coronav\u00edrus, e aldeias do AM entram em isolamento<\/a><\/li><li><a href=\"https:\/\/www.greenpeace.org\/brasil\/blog\/grileiros-madeireiros-e-garimpeiros-nao-fazem-home-office\/\">Grileiros, madeireiros e garimpeiros n\u00e3o fazem home office<\/a><\/li><li><a href=\"https:\/\/www.greenpeace.org\/brasil\/blog\/como-o-covid-19-impacta-os-indigenas-isolados\/\">Como a Covid 19 impacta os ind\u00edgenas isolados?<\/a><\/li><li><a href=\"https:\/\/amazoniareal.com.br\/medico-sanitarista-diz-que-doencas-respiratorias-como-coronavirus-sao-viloes-do-genocidio-indigena\/\">M\u00e9dico sanitarista diz que doen\u00e7as respirat\u00f3rias, como coronav\u00edrus, s\u00e3o vil\u00f5es do genoc\u00eddio ind\u00edgena<\/a><\/li><li><a href=\"https:\/\/amazoniareal.com.br\/sem-orientacao-da-sesai-indigenas-combatem-por-conta-propria-novo-coronavirus-nos-territorios\/\">Sem orienta\u00e7\u00e3o da Sesai, ind\u00edgenas combatem por conta pr\u00f3pria novo coronav\u00edrus nos territ\u00f3rios<\/a><\/li><li><a href=\"https:\/\/www.bbc.com\/portuguese\/brasil-52030530\">Coronav\u00edrus pode dizimar povos ind\u00edgenas, diz pesquisadora<\/a><\/li><li><a href=\"https:\/\/amazoniareal.com.br\/acoes-da-funai-e-da-sesai-para-combater-o-coronavirus-sao-confusas-e-tendenciosas-diz-nara-bare-da-coiab\/\">A\u00e7\u00f5es da Funai e da Sesai para combater o coronav\u00edrus s\u00e3o confusas e tendenciosas, diz Nara Bar\u00e9, da Coiab<\/a><\/li><li><a href=\"https:\/\/www.dw.com\/pt-br\/ind%C3%ADgenas-na-amaz%C3%B4nia-denunciam-aumento-de-garimpo-ilegal-durante-pandemia\/a-52984189\">Ind\u00edgenas na Amaz\u00f4nia denunciam aumento de garimpo ilegal durante pandemia<\/a><\/li><\/ul>\n\n<p><strong>Cr\u00e9ditos:<\/strong><\/p>\n\n<ul class=\"wp-block-list\"><li>Apresenta\u00e7\u00e3o: Rafael Silva e Tha\u00eds Herrero;<\/li><li>Roteiro: Tha\u00eds Herrero;<\/li><li>Produ\u00e7\u00e3o: Camila Doretto;<\/li><li>Entrevistados: Douglas Rodrigues e M\u00e1rio Nic\u00e1cio;<\/li><li>Sound Design: Compasso Coolab;<\/li><li>Trilha original: Marcellus Meirelles e Alexandre Luppi;<\/li><li>Edi\u00e7\u00e3o: <a href=\"http:\/\/instagram.com\/pemoura42\">Pedro Moura<\/a>.<\/li><\/ul>\n","protected":false},"excerpt":{"rendered":"<p>Por que os ind\u00edgenas s\u00e3o mais vulner\u00e1veis \u00e0 Covid-19? No epis\u00f3dio desta semana explicamos e o que \u00e9 poss\u00edvel fazer para ajud\u00e1-los<\/p>\n","protected":false},"author":28,"featured_media":15533,"comment_status":"open","ping_status":"closed","sticky":false,"template":"","format":"standard","meta":{"ep_exclude_from_search":false,"p4_og_title":"","p4_og_description":"","p4_og_image":"","p4_og_image_id":"","p4_seo_canonical_url":"","p4_campaign_name":"Covid-19 Response","p4_local_project":"not set","p4_basket_name":"not set","p4_department":"","footnotes":""},"categories":[2],"tags":[22],"p4-page-type":[28],"class_list":["post-15525","post","type-post","status-publish","format-standard","has-post-thumbnail","hentry","category-transforme-a-sociedade","tag-florestas","p4-page-type-podcast"],"_links":{"self":[{"href":"https:\/\/www.greenpeace.org\/brasil\/wp-json\/wp\/v2\/posts\/15525","targetHints":{"allow":["GET"]}}],"collection":[{"href":"https:\/\/www.greenpeace.org\/brasil\/wp-json\/wp\/v2\/posts"}],"about":[{"href":"https:\/\/www.greenpeace.org\/brasil\/wp-json\/wp\/v2\/types\/post"}],"author":[{"embeddable":true,"href":"https:\/\/www.greenpeace.org\/brasil\/wp-json\/wp\/v2\/users\/28"}],"replies":[{"embeddable":true,"href":"https:\/\/www.greenpeace.org\/brasil\/wp-json\/wp\/v2\/comments?post=15525"}],"version-history":[{"count":10,"href":"https:\/\/www.greenpeace.org\/brasil\/wp-json\/wp\/v2\/posts\/15525\/revisions"}],"predecessor-version":[{"id":29334,"href":"https:\/\/www.greenpeace.org\/brasil\/wp-json\/wp\/v2\/posts\/15525\/revisions\/29334"}],"wp:featuredmedia":[{"embeddable":true,"href":"https:\/\/www.greenpeace.org\/brasil\/wp-json\/wp\/v2\/media\/15533"}],"wp:attachment":[{"href":"https:\/\/www.greenpeace.org\/brasil\/wp-json\/wp\/v2\/media?parent=15525"}],"wp:term":[{"taxonomy":"category","embeddable":true,"href":"https:\/\/www.greenpeace.org\/brasil\/wp-json\/wp\/v2\/categories?post=15525"},{"taxonomy":"post_tag","embeddable":true,"href":"https:\/\/www.greenpeace.org\/brasil\/wp-json\/wp\/v2\/tags?post=15525"},{"taxonomy":"p4-page-type","embeddable":true,"href":"https:\/\/www.greenpeace.org\/brasil\/wp-json\/wp\/v2\/p4-page-type?post=15525"}],"curies":[{"name":"wp","href":"https:\/\/api.w.org\/{rel}","templated":true}]}}