{"id":16064,"date":"2020-04-23T19:06:30","date_gmt":"2020-04-23T22:06:30","guid":{"rendered":"https:\/\/www.greenpeace.org\/brasil\/?p=16064"},"modified":"2020-04-24T10:12:22","modified_gmt":"2020-04-24T13:12:22","slug":"como-ser-ativista-do-clima-durante-a-quarentena","status":"publish","type":"post","link":"https:\/\/www.greenpeace.org\/brasil\/blog\/como-ser-ativista-do-clima-durante-a-quarentena\/","title":{"rendered":"Como ser ativista do Clima durante a quarentena"},"content":{"rendered":"\n<h4 class=\"wp-block-heading\">Esta sexta-feira \u00e9 dia da Mobiliza\u00e7\u00e3o Global Pelo Clima e jovens do mundo todo est\u00e3o reunidos virtualmente para falar sobre o que sonham para o amanh\u00e3. Participe voc\u00ea tamb\u00e9m<\/h4>\n\n<div class=\"wp-block-image  caption-style-blue-overlay caption-alignment-center\"><figure class=\"aligncenter size-large is-resized\"><img loading=\"lazy\" decoding=\"async\" src=\"https:\/\/www.greenpeace.org\/static\/planet4-brasil-stateless\/2020\/04\/ce9bc788-gp0sttxyl_medium_res-1024x683.jpg\" alt=\"\" class=\"wp-image-16069\" width=\"512\" height=\"342\" srcset=\"https:\/\/www.greenpeace.org\/static\/planet4-brasil-stateless\/2020\/04\/ce9bc788-gp0sttxyl_medium_res-1024x683.jpg 1024w, https:\/\/www.greenpeace.org\/static\/planet4-brasil-stateless\/2020\/04\/ce9bc788-gp0sttxyl_medium_res-300x200.jpg 300w, https:\/\/www.greenpeace.org\/static\/planet4-brasil-stateless\/2020\/04\/ce9bc788-gp0sttxyl_medium_res-768x512.jpg 768w, https:\/\/www.greenpeace.org\/static\/planet4-brasil-stateless\/2020\/04\/ce9bc788-gp0sttxyl_medium_res-510x340.jpg 510w, https:\/\/www.greenpeace.org\/static\/planet4-brasil-stateless\/2020\/04\/ce9bc788-gp0sttxyl_medium_res.jpg 1200w\" sizes=\"auto, (max-width: 512px) 100vw, 512px\" \/><figcaption>Foto: \u00a9 B\u00e1rbara Veiga \/ Greenpeace<\/figcaption><\/figure><\/div>\n\n<p class=\"has-text-align-left\">Esta sexta-feira \u00e9 dia de Mobiliza\u00e7\u00e3o Global Pelo Clima, puxada <a href=\"https:\/\/www.greenpeace.org\/brasil\/blog\/greve-global-pelo-clima-em-20-de-setembro-a-juventude-chama-as-ruas\/\">pelas m\u00e3os da juventude<\/a> para exigir medidas concretas para frear as emiss\u00f5es de g\u00e1s carb\u00f4nico e combater o aquecimento global. E, neste momento de pandemia do novo coronav\u00edrus, em que a melhor maneira de mostrar que nos importamos com as pessoas \u00e9 justamente manter a maior dist\u00e2ncia poss\u00edvel, pode parecer dif\u00edcil se mobilizar por uma sociedade mais justa e segura. Mas n\u00e3o \u00e9. O isolamento social \u00e9 justamente uma a\u00e7\u00e3o em defesa do nosso futuro.<\/p>\n\n<p>No Brasil, a &nbsp;Mobiliza\u00e7\u00e3o Global Pelo Clima tem o tema &#8220;Defenda os defensores&#8221;, ou seja, defenda as comunidades tradicionais que vivem da floresta e a mant\u00e9m em p\u00e9. Os ind\u00edgenas s\u00e3o os maiores protetores do clima porque onde tem terra ind\u00edgena, tem floresta em p\u00e9. E as florestas equilibram o clima no Brasil e no mundo.<br><br>A crise da Covid-19 e a crise clim\u00e1tica n\u00e3o competem entre si. As duas s\u00e3o importantes. H\u00e1 anos cientistas est\u00e3o alertando sobre como ser\u00e1 o futuro do planeta se n\u00e3o combatermos o aquecimento global. A boa not\u00edcia \u00e9 que podemos reverter esse cen\u00e1rio se agirmos agora! Se voc\u00ea tem o privil\u00e9gio de poder ficar em casa e quer agir por um mundo mais justo, aqui v\u00e3o algumas de nossas maneiras favoritas de permanecer conectado ao movimento onde quer que esteja.<\/p>\n\n<div class=\"wp-block-image  caption-style-blue-overlay caption-alignment-center\"><figure class=\"alignleft size-medium\"><img loading=\"lazy\" decoding=\"async\" width=\"300\" height=\"300\" src=\"https:\/\/www.greenpeace.org\/static\/planet4-brasil-stateless\/2020\/04\/7df91e8b-live-clima2v3-300x300.png\" alt=\"\" class=\"wp-image-16065\" srcset=\"https:\/\/www.greenpeace.org\/static\/planet4-brasil-stateless\/2020\/04\/7df91e8b-live-clima2v3-300x300.png 300w, https:\/\/www.greenpeace.org\/static\/planet4-brasil-stateless\/2020\/04\/7df91e8b-live-clima2v3-1024x1024.png 1024w, https:\/\/www.greenpeace.org\/static\/planet4-brasil-stateless\/2020\/04\/7df91e8b-live-clima2v3-150x150.png 150w, https:\/\/www.greenpeace.org\/static\/planet4-brasil-stateless\/2020\/04\/7df91e8b-live-clima2v3-768x768.png 768w, https:\/\/www.greenpeace.org\/static\/planet4-brasil-stateless\/2020\/04\/7df91e8b-live-clima2v3-1536x1536.png 1536w, https:\/\/www.greenpeace.org\/static\/planet4-brasil-stateless\/2020\/04\/7df91e8b-live-clima2v3-2048x2048.png 2048w, https:\/\/www.greenpeace.org\/static\/planet4-brasil-stateless\/2020\/04\/7df91e8b-live-clima2v3-1366x1366.png 1366w, https:\/\/www.greenpeace.org\/static\/planet4-brasil-stateless\/2020\/04\/7df91e8b-live-clima2v3-340x340.png 340w\" sizes=\"auto, (max-width: 300px) 100vw, 300px\" \/><\/figure><\/div>\n\n<p><br><strong><strong>1.<\/strong> <strong>Acompanhe a Live Pelo Clima<\/strong><br><\/strong>Hoje, em parceria com o Fridays For Future e outras organiza\u00e7\u00f5es, vamos realizar a <em>Live Pelo Clima<\/em>, um bate-papo no Instagram com a participa\u00e7\u00e3o de Giulia Costa, Giovanni Palheta, Paloma Costa, Maria Gad\u00fa e jovens ativistas do clima. Veja a programa\u00e7\u00e3o e acompanhe nos perfis do<a href=\"https:\/\/www.instagram.com\/greenpeacebrasil\/\"> Greenpeace Brasil <\/a>e do <a href=\"https:\/\/www.instagram.com\/fridaysforfuturebrasil\/\">Fridays For Future.<\/a>&nbsp;<\/p>\n\n<p><\/p>\n\n<p><\/p>\n\n<p><\/p>\n\n<p><strong>2. Converse na mesa do jantar<\/strong><br>Aproveite os momentos de conversa para envolver seus familiares e amigos sobre a crise clim\u00e1tica (seja na mesa de jantar real ou virtual). Passe algum tempo entendendo o que as pessoas pensam sobre as mudan\u00e7as clim\u00e1ticas, quais quest\u00f5es s\u00e3o importantes para elas, para suas comunidades ou cidades e quais s\u00e3o as poss\u00edveis solu\u00e7\u00f5es. Lembre-se de gastar 70% do seu tempo ouvindo e 30% falando. Voc\u00ea pode escrever nas redes sociais sobre essas conversas para incentivar outras pessoas a fazerem o mesmo. Uma dica: abra a conversa com \u201cquais s\u00e3o as tr\u00eas coisas que voc\u00ea mudaria na sua cidade se fosse prefeito(a) por uma semana?\u201d<\/p>\n\n<p><strong>3. Construa pontes<\/strong><br>Coloque suas habilidades de pesquisa para funcionar! Descubra quais grupos e movimentos s\u00e3o ativos na luta pelo clima em sua cidade ou estado. Podem ser grupos que falam sobre direito \u00e0 \u00e1gua, uso da terra, justi\u00e7a clim\u00e1tica ou qualquer outro t\u00f3pico que seja importante para voc\u00ea. Envolva-se e comece a construir pontes.<\/p>\n\n<p><strong>4. Fa\u00e7a uma sess\u00e3o de leituras ou filmes<\/strong><br>Essa \u00e9 uma atividade que pode envolver todo mundo que mora com voc\u00ea: fa\u00e7a uma lista de livros, <a href=\"https:\/\/www.greenpeace.org\/brasil\/blog\/10-bons-documentarios-para-esta-quarentena-e-depois-dela-tambem\/\">document\u00e1rios e filmes<\/a> sobre clima e assuntos socioambientais. Inspire-se com essas hist\u00f3rias e proponha discuss\u00f5es sobre elas.<\/p>\n\n<p><strong>5. Participe de f\u00f3runs on-line sobre a crise clim\u00e1tica<\/strong><br>Converse sobre a emerg\u00eancia clim\u00e1tica. Existem muitos grupos on-line onde voc\u00ea pode ouvir as opini\u00f5es dos especialistas ou conversar com outras pessoas como voc\u00ea. Compartilhe com seus amigos ou, melhor ainda, abra uma discuss\u00e3o sobre o que aprendeu no <a href=\"https:\/\/conexaoverde.greenpeace.org\/\">Conex\u00e3o Verde<\/a>.<\/p>\n\n<p><strong>6. Mobilize-se nas redes sociais<\/strong><br>Existem muitas maneiras de ser um(a) ativista digital em tempos de quarentena:<\/p>\n\n<ul class=\"wp-block-list\"><li>Fa\u00e7a um cartaz sobre a crise clim\u00e1tica e compartilhe em suas redes sociais! N\u00e3o esque\u00e7a das hashtags: #Mudan\u00e7asClim\u00e1ticas #MovimentoPeloClima #SextasPeloFuturo;<\/li><li>Crie filtros do Instagram para ajudar a tornar sua campanha vis\u00edvel (<a href=\"https:\/\/www.instagram.com\/a\/r\/?effect_id=304226466928009&amp;fbclid=IwAR37QCjwpGfCt7lIg7U97p0mcOUSu0AT5G5PeM0TIcvDOy2NQ5X2kEhCsbg\">veja um exemplo de uma campanha de oceanos<\/a>). Assim, outras pessoas podem compartilhar em suas pr\u00f3prias contas;<\/li><li>Inicie um tuita\u00e7o: conscientize as pessoas sobre a causa que voc\u00ea acredita. Quanto mais tweets houver, melhor! Se voc\u00ea conhece usu\u00e1rios com um grande n\u00famero de seguidores, pode pedir para espalharem a hashtag sobre sua campanha;<\/li><li>Use o <a href=\"https:\/\/www.tiktok.com\/forgood\">Tik Tok<\/a> e as novas tend\u00eancias digitais para abordar um problema s\u00e9rio e t\u00e9cnico em um idioma mais amig\u00e1vel (seja criativo!);<\/li><li>Use suas redes sociais (WhatsApp tamb\u00e9m vale!) para compartilhar not\u00edcias, v\u00eddeos e suas id\u00e9ias sobre a crise clim\u00e1tica, seus impactos e as solu\u00e7\u00f5es. Voc\u00ea pode compartilhar not\u00edcias interessantes sobre o tema, como desmatamento, esp\u00e9cies amea\u00e7adas de extin\u00e7\u00e3o, polui\u00e7\u00e3o do ar, etc. Verifique sempre se as informa\u00e7\u00f5es s\u00e3o precisas e busque em ag\u00eancias de not\u00edcias confi\u00e1veis. Envolva seus amigos e seguidores na discuss\u00e3o. <a href=\"https:\/\/www.greenpeace.org\/brasil\/blog\/falar-de-mudancas-climaticas-e-falar-sobre-a-sua-vida\/\">Aqui tem a rela\u00e7\u00e3o da crise clim\u00e1tica com outros assuntos<\/a>.<\/li><\/ul>\n\n<p><strong>7. Revise seus h\u00e1bitos de consumo<br><\/strong>Nossas pequenas a\u00e7\u00f5es podem contribuir para diminuir a crise clim\u00e1tica de alguma forma. O que comemos \u00e9 importante. Pergunte a si mesmo sobre o seu consumo de carne e tente reduzi-lo. Cerca de 14,5% das emiss\u00f5es globais de gases de efeito estufa est\u00e3o ligadas \u00e0 cria\u00e7\u00e3o de gado. E, se voc\u00ea est\u00e1 com tempo em casa, \u00e9 um bom momento para experimentar receitas \u00e0 base de vegetais. <a href=\"https:\/\/www.greenpeace.org\/brasil\/publicacoes\/quarentena-sem-carne-receitas\/\">Veja aqui novos pratos que voc\u00ea pode criar!<\/a><\/p>\n\n<p>Tamb\u00e9m \u00e9 uma boa hora para diminuir a quantidade de pl\u00e1stico que voc\u00ea consome e descarta. Repare em quantos materiais descart\u00e1veis voc\u00ea usa apenas uma vez. Eles s\u00e3o mesmo necess\u00e1rios? <em>Spoiler: <\/em>eles n\u00e3o s\u00e3o.&nbsp;<\/p>\n\n<p>Voc\u00ea tamb\u00e9m pode finalmente<a href=\"https:\/\/www.greenpeace.org\/brasil\/blog\/horta-em-casa-uma-conexao-com-a-natureza-durante-o-isolamento\/\"> tentar cultivar sua pr\u00f3pria comida<\/a>. Comece com ervas ou vegetais que crescem facilmente. E, na hora de comprar, d\u00ea prefer\u00eancia \u00e0 <a href=\"https:\/\/www.greenpeace.org\/brasil\/blog\/faca-sua-feira-em-casa\/\">produ\u00e7\u00e3o local e org\u00e2nica, sem sair de casa<\/a>.<\/p>\n\n<p>Essas id\u00e9ias s\u00e3o apenas um ponto de partida para o pensamento criativo avan\u00e7ar. E n\u00e3o se esque\u00e7a, <a href=\"https:\/\/www.greenpeace.org\/brasil\/blog\/14-formas-de-ajudar-quem-precisa-durante-a-pandemia-do-coronavirus\/\">a solidariedade \u00e9 uma coisa poderosa<\/a>. Juntos, podemos superar qualquer coisa.<\/p>\n\n<p>Estamos ficando em casa, mas n\u00e3o vamos ficar parados(as)!<\/p>\n","protected":false},"excerpt":{"rendered":"<p>Esta sexta-feira \u00e9 dia da Mobiliza\u00e7\u00e3o Global Pelo Clima e jovens do mundo todo est\u00e3o reunidos virtualmente para falar sobre o que sonham para o amanh\u00e3. Participe voc\u00ea tamb\u00e9m<\/p>\n","protected":false},"author":25,"featured_media":16069,"comment_status":"open","ping_status":"closed","sticky":false,"template":"","format":"standard","meta":{"ep_exclude_from_search":false,"p4_og_title":"","p4_og_description":"","p4_og_image":"","p4_og_image_id":"","p4_seo_canonical_url":"","p4_campaign_name":"Covid-19 Response","p4_local_project":"not set","p4_basket_name":"not set","p4_department":"","footnotes":""},"categories":[2],"tags":[6],"p4-page-type":[16],"class_list":["post-16064","post","type-post","status-publish","format-standard","has-post-thumbnail","hentry","category-transforme-a-sociedade","tag-clima","p4-page-type-blog"],"_links":{"self":[{"href":"https:\/\/www.greenpeace.org\/brasil\/wp-json\/wp\/v2\/posts\/16064","targetHints":{"allow":["GET"]}}],"collection":[{"href":"https:\/\/www.greenpeace.org\/brasil\/wp-json\/wp\/v2\/posts"}],"about":[{"href":"https:\/\/www.greenpeace.org\/brasil\/wp-json\/wp\/v2\/types\/post"}],"author":[{"embeddable":true,"href":"https:\/\/www.greenpeace.org\/brasil\/wp-json\/wp\/v2\/users\/25"}],"replies":[{"embeddable":true,"href":"https:\/\/www.greenpeace.org\/brasil\/wp-json\/wp\/v2\/comments?post=16064"}],"version-history":[{"count":12,"href":"https:\/\/www.greenpeace.org\/brasil\/wp-json\/wp\/v2\/posts\/16064\/revisions"}],"predecessor-version":[{"id":16085,"href":"https:\/\/www.greenpeace.org\/brasil\/wp-json\/wp\/v2\/posts\/16064\/revisions\/16085"}],"wp:featuredmedia":[{"embeddable":true,"href":"https:\/\/www.greenpeace.org\/brasil\/wp-json\/wp\/v2\/media\/16069"}],"wp:attachment":[{"href":"https:\/\/www.greenpeace.org\/brasil\/wp-json\/wp\/v2\/media?parent=16064"}],"wp:term":[{"taxonomy":"category","embeddable":true,"href":"https:\/\/www.greenpeace.org\/brasil\/wp-json\/wp\/v2\/categories?post=16064"},{"taxonomy":"post_tag","embeddable":true,"href":"https:\/\/www.greenpeace.org\/brasil\/wp-json\/wp\/v2\/tags?post=16064"},{"taxonomy":"p4-page-type","embeddable":true,"href":"https:\/\/www.greenpeace.org\/brasil\/wp-json\/wp\/v2\/p4-page-type?post=16064"}],"curies":[{"name":"wp","href":"https:\/\/api.w.org\/{rel}","templated":true}]}}