{"id":1632,"date":"2018-04-24T11:55:00","date_gmt":"2018-04-24T14:55:00","guid":{"rendered":"https:\/\/www.greenpeace.org\/brasil\/blog\/para-garantir-a-demarcacao-povo-munduruku-lanca-o-mapa-da-vida\/"},"modified":"2022-06-30T18:07:01","modified_gmt":"2022-06-30T21:07:01","slug":"para-garantir-a-demarcacao-povo-munduruku-lanca-o-mapa-da-vida","status":"publish","type":"post","link":"https:\/\/www.greenpeace.org\/brasil\/imprensa\/para-garantir-a-demarcacao-povo-munduruku-lanca-o-mapa-da-vida\/","title":{"rendered":"Para garantir a demarca\u00e7\u00e3o, povo Munduruku lan\u00e7a o \u201cMapa da Vida\u201d"},"content":{"rendered":"<div style=\"width: 615px\" class=\"wp-caption alignnone\"><a class=\"open-img EnlargeImage\" href=\"https:\/\/www.greenpeace.org\/static\/planet4-brasil-stateless\/2018\/07\/GP0STRVSZ_Web_size_with_credit_line.jpg\"><img loading=\"lazy\" decoding=\"async\" id=\"ctl00_cphContentArea_Property3_ctl00_ctl02_Image1\" class=\"Thumbnail\" style=\"border-width: 0px;\" src=\"https:\/\/www.greenpeace.org\/static\/planet4-brasil-stateless\/2018\/07\/GP0STRVSZ_Web_size_with_credit_line.jpg\" alt=\"\" width=\"605\" height=\"403\" \/><\/a><p class=\"wp-caption-text\">Munduruku realizaram um ato em frente ao Pal\u00e1cio da Justi\u00e7a, em Bras\u00edlia, para exigir a demarca\u00e7\u00e3o de sua Terra Ind\u00edgena Sawre Muybu.<\/p><\/div>\n<p>Bras\u00edlia, DF &#8211; Lutando h\u00e1 mais de tr\u00eas d\u00e9cadas contra a instala\u00e7\u00e3o de hidrel\u00e9tricas no rio Tapaj\u00f3s, no Par\u00e1, o povo Munduruku lan\u00e7ou nesta ter\u00e7a, dia 24, o \u201c <a href=\"http:\/\/br.heartoftheamazon.org\/omapadavida\/?utm_source=referral&amp;utm_medium=p4&amp;utm_campaign=tapajos&amp;utm_content=pressrelease_20180424\" target=\"_blank\" rel=\"noopener noreferrer\">Mapa da Vida<\/a> \u2013 Tapaj\u00f3s e Sawre Muybu: a vis\u00e3o do povo Munduruku sobre seu rio e seu territ\u00f3rio\u201d. Com a publica\u00e7\u00e3o, os Munduruku buscam mostrar ao governo e \u00e0 sociedade a import\u00e2ncia da demarca\u00e7\u00e3o de suas terras para a sobreviv\u00eancia do povo, de sua cultura e dos recursos naturais.<\/p>\n<div class=\"events-box middle-box right\">\n<div class=\"frame\">\n<div id=\"attachment_3092\" style=\"width: 366px\" class=\"wp-caption alignright\"><img loading=\"lazy\" decoding=\"async\" aria-describedby=\"caption-attachment-3092\" class=\" wp-image-3092\" src=\"https:\/\/www.greenpeace.org\/static\/planet4-brasil-stateless\/2018\/05\/GP0STRVT2_Medium_res-300x200.jpg\" alt=\"Crian\u00e7a ind\u00edgena protesta pela demarca\u00e7\u00e3o de terras em Bras\u00edlia.\" width=\"356\" height=\"237\" srcset=\"https:\/\/www.greenpeace.org\/static\/planet4-brasil-stateless\/2018\/05\/GP0STRVT2_Medium_res-300x200.jpg 300w, https:\/\/www.greenpeace.org\/static\/planet4-brasil-stateless\/2018\/05\/GP0STRVT2_Medium_res-768x513.jpg 768w, https:\/\/www.greenpeace.org\/static\/planet4-brasil-stateless\/2018\/05\/GP0STRVT2_Medium_res-1024x684.jpg 1024w, https:\/\/www.greenpeace.org\/static\/planet4-brasil-stateless\/2018\/05\/GP0STRVT2_Medium_res-510x340.jpg 510w, https:\/\/www.greenpeace.org\/static\/planet4-brasil-stateless\/2018\/05\/GP0STRVT2_Medium_res.jpg 1200w\" sizes=\"auto, (max-width: 356px) 100vw, 356px\" \/><p id=\"caption-attachment-3092\" class=\"wp-caption-text\">Ind\u00edgenas cobraram do Minist\u00e9rio da Justi\u00e7a uma posi\u00e7\u00e3o sobre o processo de demarca\u00e7\u00e3o.<\/p><\/div>\n<p>Durante o Acampamento Terra Livre 2018, os Munduruku realizaram um ato em frente ao Pal\u00e1cio da Justi\u00e7a, em Bras\u00edlia, para exigir a demarca\u00e7\u00e3o de sua Terra Ind\u00edgena Sawre Muybu. Eles instalaram placas no gramado do Pal\u00e1cio e distribu\u00edram o Mapa da Vida para a popula\u00e7\u00e3o nas ruas da regi\u00e3o. Na sequ\u00eancia, ao entregarem a publica\u00e7\u00e3o ao Minist\u00e9rio da Justi\u00e7a, cobraram uma posi\u00e7\u00e3o do \u00f3rg\u00e3o sobre o processo de demarca\u00e7\u00e3o.<\/p>\n<\/div>\n<\/div>\n<p>O Mapa da Vida \u00e9 resultado de um intenso e rico processo de mapeamento territorial e cultural, desenvolvido ao longo de dois anos na Terra Ind\u00edgena Sawre Muybu sob a lideran\u00e7a dos Munduruku, com o apoio do Greenpeace.<\/p>\n<p>Ele revela o uso tradicional que o povo faz do seu territ\u00f3rio ancestral e do rio Tapaj\u00f3s, expondo como seu modo de vida \u00e9 interligado e interdependente da natureza.<\/p>\n<p><iframe loading=\"lazy\" src=\"https:\/\/www.youtube.com\/embed\/W6M1loLEwkI\" width=\"560\" height=\"315\" frameborder=\"0&quot;\"><\/iframe><\/p>\n<p>A iniciativa chama a aten\u00e7\u00e3o para a urg\u00eancia da necessidade de demarca\u00e7\u00e3o da Terra Ind\u00edgena Sawre Muybu, que garante o direito origin\u00e1rio deste povo ao seu territ\u00f3rio tradicional, evitando que sua sobreviv\u00eancia v\u00e1 por \u00e1gua abaixo com a implanta\u00e7\u00e3o de grandes projetos de infraestrutura, especialmente as hidrel\u00e9tricas. \u201cVamos esperar de bra\u00e7os cruzados, sentados, a \u00e1gua encher para alagar nossas terras? N\u00e3o, n\u00f3s temos que lutar. O mapeamento \u00e9 uma arma que temos para nos defender\u201d, declara Bruno Kaba, Chefe dos Guerreiros do povo Munduruku.<\/p>\n<p>\u201cTrata-se de um poderoso instrumento de di\u00e1logo com a sociedade sobre a pol\u00edtica energ\u00e9tica nacional, que insiste em expandir a constru\u00e7\u00e3o de hidrel\u00e9tricas na Amaz\u00f4nia, afetando o modo de vida dos povos ind\u00edgenas e popula\u00e7\u00f5es tradicionais\u201d, declara Danicley de Aguiar, especialista em Amaz\u00f4nia, do Greenpeace Brasil.<\/p>\n<div class=\"events-box middle-box right\">\n<div class=\"frame\">\n<div id=\"attachment_3093\" style=\"width: 405px\" class=\"wp-caption alignleft\"><img loading=\"lazy\" decoding=\"async\" aria-describedby=\"caption-attachment-3093\" class=\" wp-image-3093\" src=\"https:\/\/www.greenpeace.org\/static\/planet4-brasil-stateless\/2018\/05\/GP0STRUUI_Medium_res-300x200.jpg\" alt=\"Jovens Munduruku na elabora\u00e7\u00e3o do Mapa da Vida, na regi\u00e3o do Tapaj\u00f3s.\" width=\"395\" height=\"263\" srcset=\"https:\/\/www.greenpeace.org\/static\/planet4-brasil-stateless\/2018\/05\/GP0STRUUI_Medium_res-300x200.jpg 300w, https:\/\/www.greenpeace.org\/static\/planet4-brasil-stateless\/2018\/05\/GP0STRUUI_Medium_res-768x512.jpg 768w, https:\/\/www.greenpeace.org\/static\/planet4-brasil-stateless\/2018\/05\/GP0STRUUI_Medium_res-1024x683.jpg 1024w, https:\/\/www.greenpeace.org\/static\/planet4-brasil-stateless\/2018\/05\/GP0STRUUI_Medium_res-510x340.jpg 510w, https:\/\/www.greenpeace.org\/static\/planet4-brasil-stateless\/2018\/05\/GP0STRUUI_Medium_res.jpg 1200w\" sizes=\"auto, (max-width: 395px) 100vw, 395px\" \/><p id=\"caption-attachment-3093\" class=\"wp-caption-text\">O Mapa da Vida \u00e9 resultado de um processo de mapeamento territorial e cultural, desenvolvido ao longo de dois anos pelos Munduruku.<\/p><\/div>\n<p>Ap\u00f3s anos de luta dos Munduruku, o governo arquivou, em 2016, o licenciamento da usina hidrel\u00e9trica de S\u00e3o Luiz do Tapaj\u00f3s. Apesar da vit\u00f3ria, eles acreditam que a n\u00e3o demarca\u00e7\u00e3o da terra ind\u00edgena Sawre Muybu \u00e9 um claro sinal de que o governo ainda n\u00e3o desistiu totalmente dos planos de constru\u00e7\u00e3o de hidrel\u00e9tricas na regi\u00e3o.<\/p>\n<p>Atualmente, h\u00e1 cerca de 40 hidrel\u00e9tricas planejadas ou em constru\u00e7\u00e3o na bacia do rio Tapaj\u00f3s. \u201cN\u00f3s n\u00e3o estamos fazendo caminho em terra alheia, n\u00e3o estamos invadindo a terra de outros. N\u00f3s estamos fazendo o nosso caminho&#8221;, afirma Juarez Saw, cacique da aldeia Sawre Muybu.<\/p>\n<\/div>\n<\/div>\n<p>A demarca\u00e7\u00e3o da Terra Ind\u00edgena Sawre Muybu, de cerca de 178 mil hectares, se arrasta h\u00e1 anos na burocracia estatal e atualmente est\u00e1 completamente paralisada. O prazo administrativo para a decis\u00e3o sobre a demarca\u00e7\u00e3o foi encerrado em novembro de 2016, mas, at\u00e9 o momento, o Minist\u00e9rio da Justi\u00e7a ainda n\u00e3o se pronunciou a respeito.<\/p>\n<h4><strong>Conhe\u00e7a e navegue pelo Mapa da Vida:<\/strong> <a href=\"http:\/\/br.heartoftheamazon.org\/omapadavida\/?utm_source=referral&amp;utm_medium=p3&amp;utm_campaign=tapajos&amp;utm_content=blog_20180424\" target=\"_blank\" rel=\"noopener noreferrer\">www.tapajos.org\/omapadavida<\/a><\/h4>\n<p><strong>Fotos<\/strong>:<br \/>\n&gt;&gt; <a href=\"https:\/\/media.greenpeace.org\/collection\/27MZIFJXTW5SG\">Fotos do processo de constru\u00e7\u00e3o do mapa <\/a><br \/>\n&gt;&gt; <a href=\"https:\/\/media.greenpeace.org\/collection\/27MZIFJXA3O4\">Fotos do ato em frente ao Pal\u00e1cio da Justi\u00e7a, em Bras\u00edlia <\/a><\/p>\n<p><strong>Assessoria de Imprensa<\/strong>:<br \/>\nimprensa.br@greenpeace.org<br \/>\n(11) 3035-1167 e (11) 9-5640-0443<\/p>\n","protected":false},"excerpt":{"rendered":"<p>Publica\u00e7\u00e3o busca sensibilizar o governo e a sociedade sobre a import\u00e2ncia da terra e do rio Tapaj\u00f3s para a sobreviv\u00eancia do povo Munduruku<\/p>\n","protected":false},"author":28,"featured_media":1634,"comment_status":"closed","ping_status":"open","sticky":false,"template":"","format":"standard","meta":{"ep_exclude_from_search":false,"p4_og_title":"","p4_og_description":"","p4_og_image":"","p4_og_image_id":"","p4_seo_canonical_url":"","p4_campaign_name":"","p4_local_project":"","p4_basket_name":"","p4_department":"","footnotes":""},"categories":[3],"tags":[22,8,55],"p4-page-type":[14],"class_list":["post-1632","post","type-post","status-publish","format-standard","has-post-thumbnail","hentry","category-proteja-a-natureza","tag-florestas","tag-resista","tag-imprensa","p4-page-type-imprensa"],"_links":{"self":[{"href":"https:\/\/www.greenpeace.org\/brasil\/wp-json\/wp\/v2\/posts\/1632","targetHints":{"allow":["GET"]}}],"collection":[{"href":"https:\/\/www.greenpeace.org\/brasil\/wp-json\/wp\/v2\/posts"}],"about":[{"href":"https:\/\/www.greenpeace.org\/brasil\/wp-json\/wp\/v2\/types\/post"}],"author":[{"embeddable":true,"href":"https:\/\/www.greenpeace.org\/brasil\/wp-json\/wp\/v2\/users\/28"}],"replies":[{"embeddable":true,"href":"https:\/\/www.greenpeace.org\/brasil\/wp-json\/wp\/v2\/comments?post=1632"}],"version-history":[{"count":12,"href":"https:\/\/www.greenpeace.org\/brasil\/wp-json\/wp\/v2\/posts\/1632\/revisions"}],"predecessor-version":[{"id":7859,"href":"https:\/\/www.greenpeace.org\/brasil\/wp-json\/wp\/v2\/posts\/1632\/revisions\/7859"}],"wp:featuredmedia":[{"embeddable":true,"href":"https:\/\/www.greenpeace.org\/brasil\/wp-json\/wp\/v2\/media\/1634"}],"wp:attachment":[{"href":"https:\/\/www.greenpeace.org\/brasil\/wp-json\/wp\/v2\/media?parent=1632"}],"wp:term":[{"taxonomy":"category","embeddable":true,"href":"https:\/\/www.greenpeace.org\/brasil\/wp-json\/wp\/v2\/categories?post=1632"},{"taxonomy":"post_tag","embeddable":true,"href":"https:\/\/www.greenpeace.org\/brasil\/wp-json\/wp\/v2\/tags?post=1632"},{"taxonomy":"p4-page-type","embeddable":true,"href":"https:\/\/www.greenpeace.org\/brasil\/wp-json\/wp\/v2\/p4-page-type?post=1632"}],"curies":[{"name":"wp","href":"https:\/\/api.w.org\/{rel}","templated":true}]}}