{"id":1661,"date":"2018-03-13T00:00:00","date_gmt":"2018-03-13T00:00:00","guid":{"rendered":"https:\/\/www.greenpeace.org\/brasil\/blog\/licenciamento-ambiental-um-acordo-no-almoco-outro-no-cafe\/"},"modified":"2024-04-03T15:20:40","modified_gmt":"2024-04-03T18:20:40","slug":"licenciamento-ambiental-um-acordo-no-almoco-outro-no-cafe","status":"publish","type":"post","link":"https:\/\/www.greenpeace.org\/brasil\/blog\/licenciamento-ambiental-um-acordo-no-almoco-outro-no-cafe\/","title":{"rendered":"Licenciamento ambiental: um acordo no almo\u00e7o, outro no caf\u00e9"},"content":{"rendered":"<h4 class=\"leader\"><em>Rodrigo Maia garante a ambientalistas que n\u00e3o vota licenciamento sem acordo, mas promete a ruralistas incluir o tema na pauta at\u00e9 abril<\/em>.<\/h4>\n<div>\n<div class=\"events-box big-box left\">\n<div class=\"frame\">\n<div style=\"width: 615px\" class=\"wp-caption alignnone\"><img loading=\"lazy\" decoding=\"async\" id=\"ctl00_cphContentArea_Property3_ctl00_ctl02_Image1\" class=\"Thumbnail\" style=\"border-width: 0px;\" src=\"https:\/\/www.greenpeace.org\/static\/planet4-brasil-stateless\/2018\/07\/reuni\u00e3o-maia.jpg\" alt=\"\" width=\"605\" height=\"453\" \/><p class=\"wp-caption-text\">Foto: Greenpeace<\/p><\/div>\n<p>Ao receber representantes da sociedade civil na tarde desta ter\u00e7a-feira (13), o presidente da C\u00e2mara dos Deputados, Rodrigo Maia, voltou a garantir que n\u00e3o colocar\u00e1 o licenciamento ambiental na pauta de vota\u00e7\u00f5es at\u00e9 que haja um acordo entre ambientalistas e ruralistas. Entretanto, horas antes, em almo\u00e7o com membros da Frente Parlamentar Agropecu\u00e1ria, ele garantia que o tema ser\u00e1 votado at\u00e9 abril. Se seguir com a promessa feita aos representantes do agroneg\u00f3cio, Maia colocar\u00e1 o meio ambiente em xeque sem dar \u00e0 sociedade a oportunidade de debater o tema.<\/p>\n<\/div>\n<\/div>\n<p>\u201cN\u00f3s entregamos a Rodrigo Maia diversas an\u00e1lises t\u00e9cnicas e cient\u00edficas comprovando que, da forma como est\u00e1, o projeto de lei do licenciamento trar\u00e1 ainda mais riscos e problemas ambientais e jur\u00eddicos. Se, mesmo assim, ele colocar o tema em vota\u00e7\u00e3o, sem debater amplamente com a sociedade, estar\u00e1 sendo c\u00famplice de potenciais trag\u00e9dias como Barcarena e Mariana\u201d, avalia M\u00e1rcio Astrini, coordenador de Pol\u00edticas P\u00fablicas do Greenpeace.<\/p>\n<p>\u201cNa reuni\u00e3o deixamos muito claro que n\u00e3o h\u00e1 qualquer acordo para votar o licenciamento. Expusemos tamb\u00e9m que o relator da mat\u00e9ria se negou a conversar com diversos setores interessados. Ent\u00e3o, sem reuni\u00e3o, sem audi\u00eancia p\u00fablica e sem amplos debates com a sociedade n\u00e3o vai haver acordo\u201d, garante Maur\u00edcio Guetta, advogado do ISA &#8211; Instituto Socioambiental.<\/p>\n<p>Na semana passada, mais de 50 organiza\u00e7\u00f5es da sociedade civil, como Greenpeace, ISA, WWF, Minist\u00e9rio P\u00fablico Federal, MST, entre outras, assinaram uma <a href=\"http:\/\/www.greenpeace.org\/brasil\/pt\/Noticias\/Que-acordo-foi-esse\/\">carta p\u00fablica<\/a> refor\u00e7ando a aus\u00eancia do tal acordo entre ambientalistas e representantes do agroneg\u00f3cio que vem sendo anunciado pelo presidente da C\u00e2mara desde o fim do ano passado.<\/p>\n<p>No documento, ressaltam tamb\u00e9m que o projeto de lei proposto pela bancada ruralista \u201cdeixa o meio ambiente vulner\u00e1vel ao recomendar a dispensa de licenciamento para atividades agropecu\u00e1rias a qualquer t\u00edtulo e independentemente de seu impacto; ao criar o licenciamento autodeclarat\u00f3rio e flexibilizar as exig\u00eancias ambientais; ao deixar inteiramente na m\u00e3o de Estados e munic\u00edpios a decis\u00e3o sobre o grau de rigor da licen\u00e7a ambiental &#8211; que pode ser nenhum se prefeitos e governadores assim entenderem; e ao retirar a obrigatoriedade da consulta a popula\u00e7\u00f5es potencialmente atingidas &#8211; uma clara viola\u00e7\u00e3o aos direitos de povos ind\u00edgenas e de comunidades locais, al\u00e9m de representar amea\u00e7as a \u00e1reas protegidas\u201d.<\/p>\n<p>\u201cEnquanto a sociedade assiste trag\u00e9dias como de Barcarena, o presidente da C\u00e2mara quer aprovar um projeto que repassa justamente a empresas e estados as decis\u00f5es sobre o licenciamento de suas obras\u201d, analisa Astrini. \u201cMas n\u00e3o vamos desistir! Vamos chamar a popula\u00e7\u00e3o a pressionar. Em ano eleitoral, \u00e9 importante que as pessoas saibam o que est\u00e1 sendo negociado nos gabinetes de Bras\u00edlia\u201d.<\/p>\n<\/div>\n","protected":false},"excerpt":{"rendered":"<p>Rodrigo Maia garante a ambientalistas que n\u00e3o vota licenciamento sem acordo, mas promete a ruralistas incluir o tema na pauta at\u00e9 abril.<\/p>\n","protected":false},"author":28,"featured_media":1663,"comment_status":"open","ping_status":"open","sticky":false,"template":"","format":"standard","meta":{"ep_exclude_from_search":false,"p4_og_title":"","p4_og_description":"","p4_og_image":"","p4_og_image_id":"","p4_seo_canonical_url":"","p4_campaign_name":"","p4_local_project":"","p4_basket_name":"","p4_department":"","footnotes":""},"categories":[2],"tags":[8],"p4-page-type":[16],"class_list":["post-1661","post","type-post","status-publish","format-standard","has-post-thumbnail","hentry","category-transforme-a-sociedade","tag-resista","p4-page-type-blog"],"_links":{"self":[{"href":"https:\/\/www.greenpeace.org\/brasil\/wp-json\/wp\/v2\/posts\/1661","targetHints":{"allow":["GET"]}}],"collection":[{"href":"https:\/\/www.greenpeace.org\/brasil\/wp-json\/wp\/v2\/posts"}],"about":[{"href":"https:\/\/www.greenpeace.org\/brasil\/wp-json\/wp\/v2\/types\/post"}],"author":[{"embeddable":true,"href":"https:\/\/www.greenpeace.org\/brasil\/wp-json\/wp\/v2\/users\/28"}],"replies":[{"embeddable":true,"href":"https:\/\/www.greenpeace.org\/brasil\/wp-json\/wp\/v2\/comments?post=1661"}],"version-history":[{"count":5,"href":"https:\/\/www.greenpeace.org\/brasil\/wp-json\/wp\/v2\/posts\/1661\/revisions"}],"predecessor-version":[{"id":52063,"href":"https:\/\/www.greenpeace.org\/brasil\/wp-json\/wp\/v2\/posts\/1661\/revisions\/52063"}],"wp:featuredmedia":[{"embeddable":true,"href":"https:\/\/www.greenpeace.org\/brasil\/wp-json\/wp\/v2\/media\/1663"}],"wp:attachment":[{"href":"https:\/\/www.greenpeace.org\/brasil\/wp-json\/wp\/v2\/media?parent=1661"}],"wp:term":[{"taxonomy":"category","embeddable":true,"href":"https:\/\/www.greenpeace.org\/brasil\/wp-json\/wp\/v2\/categories?post=1661"},{"taxonomy":"post_tag","embeddable":true,"href":"https:\/\/www.greenpeace.org\/brasil\/wp-json\/wp\/v2\/tags?post=1661"},{"taxonomy":"p4-page-type","embeddable":true,"href":"https:\/\/www.greenpeace.org\/brasil\/wp-json\/wp\/v2\/p4-page-type?post=1661"}],"curies":[{"name":"wp","href":"https:\/\/api.w.org\/{rel}","templated":true}]}}