{"id":1682,"date":"2016-07-08T00:00:00","date_gmt":"2016-07-08T00:00:00","guid":{"rendered":"https:\/\/www.greenpeace.org\/brasil\/blog\/um-milhao-pelo-tapajos\/"},"modified":"2019-11-06T05:21:14","modified_gmt":"2019-11-06T08:21:14","slug":"um-milhao-pelo-tapajos","status":"publish","type":"post","link":"https:\/\/www.greenpeace.org\/brasil\/blog\/um-milhao-pelo-tapajos\/","title":{"rendered":"Um milh\u00e3o pelo Tapaj\u00f3s!"},"content":{"rendered":"<h4 class=\"leader\"><em>Campanha global pela prote\u00e7\u00e3o do Rio Tapaj\u00f3s e do povo Munduruku alcan\u00e7a o apoio de um milh\u00e3o de pessoas durante visita da Diretora Executiva Internacional do Greenpeace<\/em><\/h4>\n<div>\n<div class=\"events-box big-box left\">\n<div class=\"frame\">\n<div style=\"width: 615px\" class=\"wp-caption alignnone\"><a class=\"open-img EnlargeImage\" title=\"\" href=\"https:\/\/www.greenpeace.org\/static\/planet4-brasil-stateless\/2018\/07\/Screen-Shot-2016-07-08-at-12.31.04-PM.png\"><img loading=\"lazy\" decoding=\"async\" id=\"ctl00_cphContentArea_Property3_ctl00_ctl02_Image1\" class=\"Thumbnail\" style=\"border-width: 0px;\" src=\"https:\/\/www.greenpeace.org\/static\/planet4-brasil-stateless\/2018\/07\/Screen-Shot-2016-07-08-at-12.31.04-PM.png\" alt=\"\" width=\"605\" height=\"402\" \/><\/a><p class=\"wp-caption-text\">Bunny McDiarmid, Diretora Executiva Internacional do Greenpeace, navega no Rio Tapaj\u00f3s com lideran\u00e7as Munduruku (\u00a9 Luna\u00e9 Parracho \/ Greenpeace)<\/p><\/div>\n<p>Bunny McDiarmid est\u00e1 no cora\u00e7\u00e3o da Amaz\u00f4nia trabalhando lado a lado com o povo Munduruku na luta contra a contru\u00e7\u00e3o da Usina Hidrel\u00e9trica de S\u00e3o Luiz do Tapaj\u00f3s em seu territ\u00f3rio. A chegada da Diretora Executiva Internacional do Greenpeace \u00e0 comunidade ind\u00edgena se d\u00e1 no mesmo momento em que a <a href=\"https:\/\/br.heartoftheamazon.org\/\">campanha global alcan\u00e7a um milh\u00e3o de assinaturas<\/a> pedindo que o Rio Tapaj\u00f3s continue vivo, assim como toda a vida a sua volta.<\/p>\n<\/div>\n<\/div>\n<p>A hidrel\u00e9trica do Tapaj\u00f3s, se constru\u00edda, destruir\u00e1 a vida dos \u00edndios Munduruku ao criar uma reservat\u00f3rio com quase o tamanho da cidade de Nova York (729 km\u00b2) em plena Amaz\u00f4nia.<\/p>\n<p>\u201cN\u00e3o existe melhores guardi\u00f5es para o Rio Tapaj\u00f3s do que o povo Munduruku, que aqui viveu em equil\u00edbrio com essa parte da Amaz\u00f4nia por s\u00e9culos. A hidrel\u00e9trica de S\u00e3o Luiz do Tapaj\u00f3s \u00e9 uma amea\u00e7a ao modo de vida dos Munduruku, ao Rio Tapaj\u00f3s e \u00e0 maior floresta tropical do mundo, a Amaz\u00f4nia\u201d, disse McDiarmid. \u201cH\u00e1 apenas uns meses, poucas pessoas no mundo conheciam a luta dos Munduruku. Hoje, j\u00e1 s\u00e3o mais de um milh\u00e3o resistindo ao lado deles. Isso mostra o enorme apoio global que os Munduruku t\u00eam para continuar em sua luta contra as hidrel\u00e9tricas e pela prote\u00e7\u00e3o da floresta\u201d.<\/p>\n<p>A Diretora do Greenpeace se reuniu com uma das primeiras caciques mulher do povo Munduruku. Para Maria Niceia Akay Munduruku, o rio \u00e9 o sangue de seu povo. \u201cA hidrel\u00e9trica amea\u00e7a tudo, n\u00e3o apenas os \u00edndios. Os animais \u2013 os p\u00e1ssaros, peixes, jabutis \u2013 tamb\u00e9m ser\u00e3o afetados. Eles n\u00e3o sabem o que est\u00e1 vindo para mat\u00e1-los. A represa vai matar tudo, os rios, os peixes e a floresta. \u00c9 por isso que os Munduruku s\u00e3o contra esse projeto\u201d.<\/p>\n<p>McDiarmid tamb\u00e9m se juntou a outros caciques para um sobrevoo sobre a selva com o objetivo de testemunhar de perto a destrui\u00e7\u00e3o causada pelas hidrel\u00e9tricas j\u00e1 constru\u00eddas na regi\u00e3o. Em seguida, ela integrou um grupo de ind\u00edgenas para ajudar na <a href=\"http:\/\/www.greenpeace.org\/brasil\/pt\/Blog\/protegendo-a-amaznia-lado-a-lado-com-os-mundu\/blog\/56767\/\">autoderma\u00e7\u00e3o de seu territ\u00f3rio sagrado chamado de Sawr\u00e9 Muybu<\/a>.<\/p>\n<div class=\"events-box big-box left\">\n<div class=\"frame\">\n<div style=\"width: 615px\" class=\"wp-caption alignnone\"><a class=\"open-img EnlargeImage\" title=\"\" href=\"https:\/\/www.greenpeace.org\/static\/planet4-brasil-stateless\/2018\/07\/Screen-Shot-2016-07-08-at-12.33.37-PM.png\"><img loading=\"lazy\" decoding=\"async\" id=\"ctl00_cphContentArea_Property3_ctl00_ctl04_Image1\" class=\"Thumbnail\" style=\"border-width: 0px;\" src=\"https:\/\/www.greenpeace.org\/static\/planet4-brasil-stateless\/2018\/07\/Screen-Shot-2016-07-08-at-12.33.37-PM.png\" alt=\"\" width=\"605\" height=\"452\" \/><\/a><p class=\"wp-caption-text\">De camiseta roxa, Bunny ajuda \u00edndios Munduruku na fixa\u00e7\u00e3o de uma placa demarcat\u00f3ria (\u00a9 Luna\u00e9 Parracho \/ Greenpeace)<\/p><\/div>\n<p>A autodemarca\u00e7\u00e3o de sua terra \u00e9 uma das colabora\u00e7\u00f5es entre o povo Munduruku e o Greenpeace, como os workshops que ensinam a montar uma l\u00e2mpada e um forno a partir de energia solar. Tamb\u00e9m foi realizada a instala\u00e7\u00e3o de paineis solares nos centros comunit\u00e1rios de duas aldeias Munduruku para demonstrar como as fontes renov\u00e1veis podem ser a solu\u00e7\u00e3o energ\u00e9tica para o pa\u00eds.<\/p>\n<\/div>\n<\/div>\n<p>Parte importante desse trabalho de resist\u00eancia contra a hidrel\u00e9trica de S\u00e3o Luiz do Tapaj\u00f3s \u00e9 a press\u00e3o internacional que os apoiadores do Greenpeace no mundo inteiro est\u00e3o fazendo sobre as empresas multinacionais que fornecem a tecnologia para a obra. <a href=\"http:\/\/www.greenpeace.org\/brasil\/pt\/Noticias\/Protestos-na-Siemens-em-defesa-do-rio-Tapajos\/\">Empresas como a Siemens<\/a>, envolvida na destrutiva hidrel\u00e9trica de Belo Monte, precisam reconhecer os impactos socioambientais da usina de Tapaj\u00f3s e deixar essa parceria. Por isso o Greenpeace criou uma <a href=\"https:\/\/heartoftheamazon.org\/\">plataforma online em 13 l\u00ednguas<\/a> onde as pessoas podem mandar suas mensagens aos Munduruku e a essas empresas.<\/p>\n<p><span id=\"docs-internal-guid-669c0644-cb20-9f3a-108e-2efe2b618674\">Na pr\u00f3xima semana, McDiarmid vai \u00e0 Bras\u00edlia para um encontro com o Ministro do Meio Ambiente, Sarney Filho, que <a href=\"http:\/\/www.greenpeace.org\/brasil\/pt\/Noticias\/Ministro-do-Meio-Ambiente-questiona-a-hidreletrica-do-Tapajos\/\">se posicionou contra<\/a> a constru\u00e7\u00e3o da Usina Hidrel\u00e9trica de S\u00e3o Luiz do Tapaj\u00f3s.<br \/>\n<\/span><\/p>\n<h4><strong>Alice Braga<\/strong><\/h4>\n<p>A atriz brasileira de fama internacional Alice Braga tamb\u00e9m visitou a Terra Ind\u00edgena Sawr\u00e9 Muybu dos Munduruku e gravou um v\u00eddeo agradecendo pelas mais de um milh\u00e3o de assinaturas:<\/p>\n<lite-youtube style=\"background-image: url('https:\/\/i.ytimg.com\/vi\/hKb1kHgjvTE\/hqdefault.jpg');\" videoid=\"hKb1kHgjvTE\" params=\"rel=0\"><\/lite-youtube>\n<\/div>\n","protected":false},"excerpt":{"rendered":"<p>Campanha global pela prote\u00e7\u00e3o do Rio Tapaj\u00f3s e do povo Munduruku alcan\u00e7a o apoio de um milh\u00e3o de pessoas durante visita da Diretora Executiva Internacional do Greenpeace.<\/p>\n","protected":false},"author":28,"featured_media":1685,"comment_status":"open","ping_status":"open","sticky":false,"template":"","format":"standard","meta":{"ep_exclude_from_search":false,"p4_og_title":"","p4_og_description":"","p4_og_image":"","p4_og_image_id":"","p4_seo_canonical_url":"","p4_campaign_name":"","p4_local_project":"","p4_basket_name":"","p4_department":"","footnotes":""},"categories":[3],"tags":[22,8],"p4-page-type":[16],"class_list":["post-1682","post","type-post","status-publish","format-standard","has-post-thumbnail","hentry","category-proteja-a-natureza","tag-florestas","tag-resista","p4-page-type-blog"],"_links":{"self":[{"href":"https:\/\/www.greenpeace.org\/brasil\/wp-json\/wp\/v2\/posts\/1682","targetHints":{"allow":["GET"]}}],"collection":[{"href":"https:\/\/www.greenpeace.org\/brasil\/wp-json\/wp\/v2\/posts"}],"about":[{"href":"https:\/\/www.greenpeace.org\/brasil\/wp-json\/wp\/v2\/types\/post"}],"author":[{"embeddable":true,"href":"https:\/\/www.greenpeace.org\/brasil\/wp-json\/wp\/v2\/users\/28"}],"replies":[{"embeddable":true,"href":"https:\/\/www.greenpeace.org\/brasil\/wp-json\/wp\/v2\/comments?post=1682"}],"version-history":[{"count":3,"href":"https:\/\/www.greenpeace.org\/brasil\/wp-json\/wp\/v2\/posts\/1682\/revisions"}],"predecessor-version":[{"id":2588,"href":"https:\/\/www.greenpeace.org\/brasil\/wp-json\/wp\/v2\/posts\/1682\/revisions\/2588"}],"wp:featuredmedia":[{"embeddable":true,"href":"https:\/\/www.greenpeace.org\/brasil\/wp-json\/wp\/v2\/media\/1685"}],"wp:attachment":[{"href":"https:\/\/www.greenpeace.org\/brasil\/wp-json\/wp\/v2\/media?parent=1682"}],"wp:term":[{"taxonomy":"category","embeddable":true,"href":"https:\/\/www.greenpeace.org\/brasil\/wp-json\/wp\/v2\/categories?post=1682"},{"taxonomy":"post_tag","embeddable":true,"href":"https:\/\/www.greenpeace.org\/brasil\/wp-json\/wp\/v2\/tags?post=1682"},{"taxonomy":"p4-page-type","embeddable":true,"href":"https:\/\/www.greenpeace.org\/brasil\/wp-json\/wp\/v2\/p4-page-type?post=1682"}],"curies":[{"name":"wp","href":"https:\/\/api.w.org\/{rel}","templated":true}]}}