{"id":1699,"date":"2018-03-21T00:00:00","date_gmt":"2018-03-21T00:00:00","guid":{"rendered":"https:\/\/www.greenpeace.org\/brasil\/blog\/sem-licenca-para-destruir\/"},"modified":"2024-04-01T14:01:44","modified_gmt":"2024-04-01T17:01:44","slug":"sem-licenca-para-destruir","status":"publish","type":"post","link":"https:\/\/www.greenpeace.org\/brasil\/blog\/sem-licenca-para-destruir\/","title":{"rendered":"Sem Licen\u00e7a Para Destruir"},"content":{"rendered":"<h4 class=\"leader\"><em>Durante protesto em Bras\u00edlia, ativistas exigem que Rodrigo Maia n\u00e3o vote a lei de licenciamento ambiental antes de discutir o pol\u00eamico tema com a sociedade<\/em><\/h4>\n<div>\n<div class=\"events-box big-box left\">\n<div class=\"frame\">\n<div style=\"width: 615px\" class=\"wp-caption alignnone\"><a class=\"open-img EnlargeImage\" title=\"\" href=\"https:\/\/www.greenpeace.org\/static\/planet4-brasil-stateless\/2018\/07\/GP0STROH2_Web_size.jpg\"><img loading=\"lazy\" decoding=\"async\" id=\"ctl00_cphContentArea_Property3_ctl00_ctl02_Image1\" class=\"Thumbnail\" style=\"border-width: 0px;\" src=\"https:\/\/www.greenpeace.org\/static\/planet4-brasil-stateless\/2018\/07\/GP0STROH2_Web_size.jpg\" alt=\"\" width=\"605\" height=\"403\" \/><\/a><p class=\"wp-caption-text\">Ativistas do Greenpeace protestam em frente a entrada do Anexo 2 da C\u00e2mara dos Deputados (\u00a9 Adriano Machado \/ Greenpeace)<\/p><\/div>\n<p>\u201cMaia: n\u00e3o suje suas m\u00e3os de lama\u201d. Esse foi o recado que os ativistas do Greenpeace levaram ao presidente da C\u00e2mara dos Deputados nesta quarta-feira (21), em Bras\u00edlia. A atividade foi um protesto contra a nova lei de licenciamento ambiental que deputados ruralistas tentam aprovar com urg\u00eancia e sem debate com a sociedade.<\/p>\n<p>Durante o ato, os ativistas despejaram lama em frente \u00e0 C\u00e2mara, representando as trag\u00e9dias ambientais que j\u00e1 ocorreram &#8211; como o da Samarco (MG) e da Hydro Alunorte, em Barcarena (PA) &#8211; e que podem ser intensificadas com um afrouxamento das regras de licenciamento.<\/p>\n<\/div>\n<\/div>\n<p>\u201cEstamos novamente diante de uma situa\u00e7\u00e3o em que deputados legislam em benef\u00edcio pr\u00f3prio em detrimento dos interesses da popula\u00e7\u00e3o e da prote\u00e7\u00e3o do meio ambiente, que ficar\u00e1 muito mais vulner\u00e1vel caso o projeto de lei de licenciamento seja aprovado como est\u00e1 sendo proposto pelos ruralistas\u201d, afirma Fabiana Alves, especialista do Greenpeace. \u201cMaia, de que lado voc\u00ea vai ficar?\u201d, refor\u00e7a.<\/p>\n<div class=\"events-box big-box left\">\n<div class=\"frame\">\n<div style=\"width: 615px\" class=\"wp-caption alignnone\"><a class=\"open-img EnlargeImage\" title=\"\" href=\"https:\/\/www.greenpeace.org\/static\/planet4-brasil-stateless\/2018\/07\/GP0STROGT_Web_size-2.jpg\"><img loading=\"lazy\" decoding=\"async\" id=\"ctl00_cphContentArea_Property3_ctl00_ctl04_Image1\" class=\"Thumbnail\" style=\"border-width: 0px;\" src=\"https:\/\/www.greenpeace.org\/static\/planet4-brasil-stateless\/2018\/07\/GP0STROGT_Web_size-2.jpg\" alt=\"\" width=\"605\" height=\"403\" \/><\/a><p class=\"wp-caption-text\">Sem Licenciamento Ambiental, muitos outros acidentes como o do Rio Doce, causado pela Samarco, podem voltar a acontecer (\u00a9Adriano Machado \/ Greenpeace)<\/p><\/div>\n<p>Em setembro do ano passado, ao receber uma comitiva de ambientalistas, artistas e ind\u00edgenas, Rodrigo Maia prometeu que o licenciamento n\u00e3o seria votado antes de um acordo entre a \u00e1rea ambiental e outros setores. Pressionado pelos ruralistas, nas \u00faltimas semanas ele vem anunciando publicamente que esse acordo j\u00e1 existe e, portanto, o projeto poderia ir para vota\u00e7\u00e3o.<\/p>\n<p>Contrapondo suas declara\u00e7\u00f5es, na semana passada, mais de 50 entidades de diversos segmentos &#8211; organiza\u00e7\u00f5es ambientalistas, ind\u00edgenas, de direitos humanos, representantes do Minist\u00e9rio P\u00fablico e de associa\u00e7\u00f5es de munic\u00edpios, dentre outras &#8211;\u00a0<a href=\"http:\/\/www.greenpeace.org\/brasil\/pt\/Noticias\/Licenciamento-ambiental-um-acordo-no-almoco-outro-no-cafe\/\">entregaram uma carta a Maia<\/a>\u00a0deixando bem claro que n\u00e3o h\u00e1 acordo algum sobre licenciamento!<\/p>\n<\/div>\n<\/div>\n<h4 style=\"text-align: center;\"><strong>O que est\u00e1 em risco<\/strong><\/h4>\n<p>O projeto apoiado pela bancada ruralista \u00e9 o texto do deputado Mauro Pereira (PL 3729\/2004), que tramita com regime de urg\u00eancia, mas j\u00e1 foram escritas mais de dez vers\u00f5es de texto. Portanto, ningu\u00e9m sabe ao certo qual vers\u00e3o poder\u00e1 ir \u00e0 vota\u00e7\u00e3o e, muito menos, o que ser\u00e1 aprovado. Dentre os textos que enfraquecem a legisla\u00e7\u00e3o, os principais e mais recorrentes pontos preocupantes s\u00e3o:<\/p>\n<ul>\n<li>Dispensa geral e irrestrita de licenciamento para toda e qualquer atividade agr\u00edcola, de pecu\u00e1ria extensiva e de silvicultura, independentemente do seu potencial poluidor &#8211; o que agride claramente a constitui\u00e7\u00e3o.<\/li>\n<li>Permite que os Estados flexibilizem o licenciamento, o que poderia gerar uma esp\u00e9cie de \u201cguerra anti ambiental\u201d entre os Estados, com a finalidade de atrair investimentos;<\/li>\n<li>Alguns \u00f3rg\u00e3os que hoje est\u00e3o envolvidos no licenciamento ambiental (FUNAI, Funda\u00e7\u00e3o Cultural Palmares, \u00f3rg\u00e3os de prote\u00e7\u00e3o ao patrim\u00f4nio hist\u00f3rico\/cultural e \u00f3rg\u00e3os de gest\u00e3o de unidades de conserva\u00e7\u00e3o) passariam a ser meramente consultivos;<\/li>\n<li>Em alguns casos, prev\u00ea o licenciamento autodeclarat\u00f3rio, sem que haja a necessidade de pr\u00e9via aprova\u00e7\u00e3o do \u00f3rg\u00e3o ambiental;<\/li>\n<li>Enfraquece a participa\u00e7\u00e3o das comunidades atingidas no processo de licenciamento.<\/li>\n<li>Retira a autonomia dos munic\u00edpios de decidirem quais obras poder\u00e3o ou n\u00e3o ser realizadas dentro de seus limites.<\/li>\n<li>Deixa de considerar a relev\u00e2ncia ambiental da \u00e1rea onde ser\u00e1 realizado o empreendimento como um dos par\u00e2metros para embasar o licenciamento;<\/li>\n<li>Algumas propostas sugerem o licenciamento fast track, pelo qual os \u00f3rg\u00e3os ambientais teriam determinado prazo para darem seu parecer. Caso n\u00e3o o fa\u00e7am at\u00e9 o fim do prazo, o licenciamento seria automaticamente aprovado.<\/li>\n<\/ul>\n<p>Uma lei t\u00e3o importante para o meio ambiente e para a popula\u00e7\u00e3o n\u00e3o pode ser votada sem que especialistas e a popula\u00e7\u00e3o tenham a oportunidade de serem ouvidos. Por isso, exija que Maia cumpra sua palavra e s\u00f3 leve o licenciamento para vota\u00e7\u00e3o ap\u00f3s amplo debate.<span id=\"\u201chs-cta-d210cd46-a3d2-4c1e-a48b-c236936bb235&quot;\" class=\"\u201chs-cta-node\"><\/span><!-- end HubSpot Call-to-Action Code --><\/p>\n<p><!--HubSpot Call-to-Action Code --><span id=\"\u201chs-cta-d210cd46-a3d2-4c1e-a48b-c236936bb235&quot;\" class=\"\u201chs-cta-node\"><!-- [if lte IE 8]>\n\n\n\n\n<div id=\u201chs-cta-ie-element\u201d><\/div>\n\n\n\n\n<![endif]--><\/span><\/p>\n<\/div>\n","protected":false},"excerpt":{"rendered":"<p>Durante protesto em Bras\u00edlia, ativistas exigem que Rodrigo Maia n\u00e3o vote a lei de licenciamento ambiental antes de discutir o pol\u00eamico tema com a sociedade.<\/p>\n","protected":false},"author":28,"featured_media":1701,"comment_status":"open","ping_status":"open","sticky":false,"template":"","format":"standard","meta":{"ep_exclude_from_search":false,"p4_og_title":"","p4_og_description":"","p4_og_image":"","p4_og_image_id":"","p4_seo_canonical_url":"","p4_campaign_name":"","p4_local_project":"","p4_basket_name":"","p4_department":"","footnotes":""},"categories":[2],"tags":[8],"p4-page-type":[16],"class_list":["post-1699","post","type-post","status-publish","format-standard","has-post-thumbnail","hentry","category-transforme-a-sociedade","tag-resista","p4-page-type-blog"],"_links":{"self":[{"href":"https:\/\/www.greenpeace.org\/brasil\/wp-json\/wp\/v2\/posts\/1699","targetHints":{"allow":["GET"]}}],"collection":[{"href":"https:\/\/www.greenpeace.org\/brasil\/wp-json\/wp\/v2\/posts"}],"about":[{"href":"https:\/\/www.greenpeace.org\/brasil\/wp-json\/wp\/v2\/types\/post"}],"author":[{"embeddable":true,"href":"https:\/\/www.greenpeace.org\/brasil\/wp-json\/wp\/v2\/users\/28"}],"replies":[{"embeddable":true,"href":"https:\/\/www.greenpeace.org\/brasil\/wp-json\/wp\/v2\/comments?post=1699"}],"version-history":[{"count":5,"href":"https:\/\/www.greenpeace.org\/brasil\/wp-json\/wp\/v2\/posts\/1699\/revisions"}],"predecessor-version":[{"id":51915,"href":"https:\/\/www.greenpeace.org\/brasil\/wp-json\/wp\/v2\/posts\/1699\/revisions\/51915"}],"wp:featuredmedia":[{"embeddable":true,"href":"https:\/\/www.greenpeace.org\/brasil\/wp-json\/wp\/v2\/media\/1701"}],"wp:attachment":[{"href":"https:\/\/www.greenpeace.org\/brasil\/wp-json\/wp\/v2\/media?parent=1699"}],"wp:term":[{"taxonomy":"category","embeddable":true,"href":"https:\/\/www.greenpeace.org\/brasil\/wp-json\/wp\/v2\/categories?post=1699"},{"taxonomy":"post_tag","embeddable":true,"href":"https:\/\/www.greenpeace.org\/brasil\/wp-json\/wp\/v2\/tags?post=1699"},{"taxonomy":"p4-page-type","embeddable":true,"href":"https:\/\/www.greenpeace.org\/brasil\/wp-json\/wp\/v2\/p4-page-type?post=1699"}],"curies":[{"name":"wp","href":"https:\/\/api.w.org\/{rel}","templated":true}]}}