{"id":1707,"date":"2014-10-10T18:30:00","date_gmt":"2014-10-10T18:30:00","guid":{"rendered":"https:\/\/www.greenpeace.org\/brasil\/blog\/o-planeta-que-voce-vai-deixar-para-seus-filhos\/"},"modified":"2019-11-06T05:21:29","modified_gmt":"2019-11-06T08:21:29","slug":"o-planeta-que-voce-vai-deixar-para-seus-filhos","status":"publish","type":"post","link":"https:\/\/www.greenpeace.org\/brasil\/blog\/o-planeta-que-voce-vai-deixar-para-seus-filhos\/","title":{"rendered":"O planeta que voc\u00ea vai deixar para seus filhos"},"content":{"rendered":"<div class=\"post-content\">\n<div class=\"events-box small-box left\">\n<div class=\"frame reset-padding\"><a class=\"open-img EnlargeImage\" title=\"\" href=\"https:\/\/www.greenpeace.org\/static\/planet4-brasil-stateless\/2018\/07\/GP032EC.jpg\"><br \/>\n<img decoding=\"async\" id=\"ctl00_cphContentArea_epiEntryContent_ctl00_ctl02_Image1\" class=\"Thumbnail\" style=\"border-width: 0px;\" src=\"https:\/\/www.greenpeace.org\/static\/planet4-brasil-stateless\/2018\/07\/GP032EC.jpg\" alt=\"\" \/><\/a>&nbsp;<\/p>\n<p>Qual o futuro que estamos construindo? Qual planeta vamos deixar para as futuras gera\u00e7\u00f5es? No livro O Pequeno Pr\u00edncipe, Antoine Saint-Exup\u00e9ry retrata: \u201c<strong><em>Que planeta engra\u00e7ado! \u00c9 todo seco, pontudo e salgado. E os homens n\u00e3o t\u00eam imagina\u00e7\u00e3o. Repetem o que a gente diz&#8230;<\/em><\/strong>\u201d. E ser\u00e1 que \u00e9 isso mesmo que vamos ver?<\/p>\n<\/div>\n<\/div>\n<p>O futuro que lutamos todos os dias \u00e9 aquele em que teremos nossas florestas \u00edntegras, os santu\u00e1rios de gelo intactos, ar puro para respirar e lindas paisagens para nossos olhos. <strong>Voc\u00ea j\u00e1 pensou que seu filho pode n\u00e3o ter tudo isso? Voc\u00ea j\u00e1 pensou que um dia a Amaz\u00f4nia pode ser apenas s\u00f3 mais um cap\u00edtulo dos livros de hist\u00f3ria, que foi destru\u00edda pela gan\u00e2ncia do homem?<\/strong><\/p>\n<p>Um dia espero poder mostrar para meus filhos as belas \u00e1rvores, cada uma com sua impon\u00eancia e aroma, sentada \u00e0 sombra de suas folhas. <strong>Mostrar que nosso mundo \u00e9 lindo e seus animais, que um dia podiam ter sumido, foram salvos por um grupo de pessoas que se importavam e lutaram juntas, por anos, defendendo a natureza<\/strong>.<\/p>\n<p>Hoje voc\u00ea pode dar um futuro melhor para seus filhos. Voc\u00ea pode dar o planeta de presente para eles.<strong> <a href=\"http:\/\/junte-se-ao-greenpeace.org.br\/2014\/?appeal=11425&amp;ref=141012_p3b_l&amp;utm_source=referral&amp;utm_medium=p3&amp;utm_campaign=Intitucional&amp;utm_content=141012_p3b_l\">Seja respons\u00e1vel pelas belas hist\u00f3rias contadas para eles, junte-se a n\u00f3s!<\/a><\/strong><\/p>\n<p>Somos respons\u00e1veis por nossos atos e cada pai ou m\u00e3e, mesmo da menor forma poss\u00edvel, pode construir um futuro melhor para seus filhos. <strong>A natureza est\u00e1 a\u00ed para que possamos desfrutar de seus recursos, mas ao mesmo tempo preserv\u00e1-la para que nossos filhos &#8211; e os filhos deles &#8211; n\u00e3o vejam esse planeta retratado pelo Pequeno Pr\u00edncipe.<\/strong><\/p>\n<p style=\"text-align: center;\"><a href=\"http:\/\/junte-se-ao-greenpeace.org.br\/2014\/?appeal=11425&amp;ref=141012_p3b_l&amp;utm_source=referral&amp;utm_medium=p3&amp;utm_campaign=Intitucional&amp;utm_content=141012_p3b_l\"><strong>Junte-se a n\u00f3s e vamos construir um futuro melhor para as pr\u00f3ximas gera\u00e7\u00f5es<\/strong><\/a>.<\/p>\n<p style=\"text-align: center;\"><a href=\"http:\/\/junte-se-ao-greenpeace.org.br\/2014\/?appeal=11425&amp;ref=141012_p3b_l&amp;utm_source=referral&amp;utm_medium=p3&amp;utm_campaign=Intitucional&amp;utm_content=141012_p3b_l\"><img loading=\"lazy\" decoding=\"async\" src=\"https:\/\/www.greenpeace.org\/static\/planet4-brasil-stateless\/2018\/07\/botao-junte-se-red.jpg\" alt=\"Junte-se a n\u00f3s\" width=\"168\" height=\"39\" name=\"Cont_2\" border=\"0\" \/><br \/>\n<\/a><\/p>\n<\/div>\n","protected":false},"excerpt":{"rendered":"<p>Qual o futuro que estamos construindo? Qual planeta vamos deixar para as futuras gera\u00e7\u00f5es?<\/p>\n","protected":false},"author":28,"featured_media":1709,"comment_status":"open","ping_status":"open","sticky":false,"template":"","format":"standard","meta":{"ep_exclude_from_search":false,"p4_og_title":"","p4_og_description":"","p4_og_image":"","p4_og_image_id":"","p4_seo_canonical_url":"","p4_campaign_name":"","p4_local_project":"","p4_basket_name":"","p4_department":"","footnotes":""},"categories":[3],"tags":[22],"p4-page-type":[16],"class_list":["post-1707","post","type-post","status-publish","format-standard","has-post-thumbnail","hentry","category-proteja-a-natureza","tag-florestas","p4-page-type-blog"],"_links":{"self":[{"href":"https:\/\/www.greenpeace.org\/brasil\/wp-json\/wp\/v2\/posts\/1707","targetHints":{"allow":["GET"]}}],"collection":[{"href":"https:\/\/www.greenpeace.org\/brasil\/wp-json\/wp\/v2\/posts"}],"about":[{"href":"https:\/\/www.greenpeace.org\/brasil\/wp-json\/wp\/v2\/types\/post"}],"author":[{"embeddable":true,"href":"https:\/\/www.greenpeace.org\/brasil\/wp-json\/wp\/v2\/users\/28"}],"replies":[{"embeddable":true,"href":"https:\/\/www.greenpeace.org\/brasil\/wp-json\/wp\/v2\/comments?post=1707"}],"version-history":[{"count":3,"href":"https:\/\/www.greenpeace.org\/brasil\/wp-json\/wp\/v2\/posts\/1707\/revisions"}],"predecessor-version":[{"id":2788,"href":"https:\/\/www.greenpeace.org\/brasil\/wp-json\/wp\/v2\/posts\/1707\/revisions\/2788"}],"wp:featuredmedia":[{"embeddable":true,"href":"https:\/\/www.greenpeace.org\/brasil\/wp-json\/wp\/v2\/media\/1709"}],"wp:attachment":[{"href":"https:\/\/www.greenpeace.org\/brasil\/wp-json\/wp\/v2\/media?parent=1707"}],"wp:term":[{"taxonomy":"category","embeddable":true,"href":"https:\/\/www.greenpeace.org\/brasil\/wp-json\/wp\/v2\/categories?post=1707"},{"taxonomy":"post_tag","embeddable":true,"href":"https:\/\/www.greenpeace.org\/brasil\/wp-json\/wp\/v2\/tags?post=1707"},{"taxonomy":"p4-page-type","embeddable":true,"href":"https:\/\/www.greenpeace.org\/brasil\/wp-json\/wp\/v2\/p4-page-type?post=1707"}],"curies":[{"name":"wp","href":"https:\/\/api.w.org\/{rel}","templated":true}]}}