{"id":1742,"date":"2017-09-19T00:00:00","date_gmt":"2017-09-19T00:00:00","guid":{"rendered":"https:\/\/www.greenpeace.org\/brasil\/blog\/greenpeace-denuncia-garimpos-ilegais-na-renca\/"},"modified":"2019-11-06T05:20:52","modified_gmt":"2019-11-06T08:20:52","slug":"greenpeace-denuncia-garimpos-ilegais-na-renca","status":"publish","type":"post","link":"https:\/\/www.greenpeace.org\/brasil\/blog\/greenpeace-denuncia-garimpos-ilegais-na-renca\/","title":{"rendered":"Greenpeace denuncia garimpos ilegais na Renca"},"content":{"rendered":"<h4 class=\"leader\">Organiza\u00e7\u00e3o entrega carta-den\u00fancia a autoridades indicando 14 pontos de garimpos e oito pistas de pouso clandestinos &#8211; todos dentro de unidade de conserva\u00e7\u00e3o no Par\u00e1<\/h4>\n<div>\n<div class=\"events-box big-box left\">\n<div class=\"frame\">\n<div style=\"width: 609px\" class=\"wp-caption alignnone\"><a class=\"open-img EnlargeImage\" title=\"\" href=\"https:\/\/www.greenpeace.org\/static\/planet4-brasil-stateless\/2018\/07\/GP0STR2MZ_Low_res_with_credit_line.jpg\"><img loading=\"lazy\" decoding=\"async\" id=\"ctl00_cphContentArea_Property3_ctl00_ctl02_Image1\" class=\"Thumbnail\" style=\"border-width: 0px;\" src=\"https:\/\/www.greenpeace.org\/static\/planet4-brasil-stateless\/2018\/07\/GP0STR2MZ_Low_res_with_credit_line.jpg\" alt=\"\" width=\"599\" height=\"400\" \/><\/a><p class=\"wp-caption-text\">Vista a\u00e9rea de atividade de minera\u00e7\u00e3o na Renca.<\/p><\/div>\n<p>Ao sobrevoar a Reserva Nacional de Cobre e seus Associados (Renca), na divisa do Par\u00e1 com o Amap\u00e1, na primeira semana de setembro, uma equipe de investiga\u00e7\u00e3o do Greenpeace identificou 14 garimpos e oito pistas de pouso ilegais.<\/p>\n<p>Uma <a href=\"https:\/\/www.greenpeace.org\/static\/planet4-brasil-stateless\/2018\/07\/GP_renca_den\u00fancia.pdf\">carta-den\u00fancia<\/a>, incluindo mapas, imagens e dados das \u00e1reas, foi entregue pela organiza\u00e7\u00e3o aos \u00f3rg\u00e3os competentes: Minist\u00e9rio P\u00fablico Federal do Par\u00e1, Minist\u00e9rio P\u00fablico Estadual do Par\u00e1, Secretaria de Estado de Meio Ambiente e Sustentabilidade Par\u00e1 (Semas), Instituto Brasileiro do Meio Ambiente e dos Recursos Naturais Renov\u00e1veis (Ibama), Departamento Nacional de Produ\u00e7\u00e3o Mineral (DNPM) e Pol\u00edcia Federal.<\/p>\n<\/div>\n<\/div>\n<p>Todos os garimpos clandestinos identificados est\u00e3o ativos dentro da Floresta Estadual do Paru, uma unidade de conserva\u00e7\u00e3o, no munic\u00edpio de Almeirim, no Par\u00e1 &#8211; local cujo plano de manejo n\u00e3o permite qualquer tipo de explora\u00e7\u00e3o mineral. Na \u00e1rea de 4,7 milh\u00f5es de hectares da Renca existem hoje nove \u00e1reas protegidas: sete unidades de conserva\u00e7\u00e3o e duas terras ind\u00edgenas.<\/p>\n<p>\u201cSobrevoamos uma pequena parte da Renca e localizamos todos esses pontos em uma \u00fanica unidade de conserva\u00e7\u00e3o. Quantos mais podem existir em toda a regi\u00e3o?\u201d, argumenta Marcio Astrini, coordenador de Pol\u00edticas P\u00fablicas do Greenpeace Brasil. \u201cSe o governo brasileiro n\u00e3o tem condi\u00e7\u00f5es de controlar a ilegalidade atualmente, enquanto a \u00e1rea est\u00e1 sob sua cust\u00f3dia, o que vai acontecer se abrir a Renca para a explora\u00e7\u00e3o comercial?\u201d, pondera.<\/p>\n<div class=\"events-box big-box left\">\n<div class=\"frame\">\n<div style=\"width: 609px\" class=\"wp-caption alignnone\"><a class=\"open-img EnlargeImage\" title=\"\" href=\"https:\/\/www.greenpeace.org\/static\/planet4-brasil-stateless\/2018\/07\/GP0STR2N3_Low_res_with_credit_line.jpg\"><img loading=\"lazy\" decoding=\"async\" id=\"ctl00_cphContentArea_Property3_ctl00_ctl04_Image1\" class=\"Thumbnail\" style=\"border-width: 0px;\" src=\"https:\/\/www.greenpeace.org\/static\/planet4-brasil-stateless\/2018\/07\/GP0STR2N3_Low_res_with_credit_line.jpg\" alt=\"\" width=\"599\" height=\"400\" \/><\/a><p class=\"wp-caption-text\">Grandes \u00e1reas de minera\u00e7\u00e3o ilegal est\u00e3o presentes na Renca<\/p><\/div>\n<p>No documento encaminhado \u00e0s autoridades, o Greenpeace alerta tamb\u00e9m para o grande risco que o garimpo representa para a biodiversidade e para as popula\u00e7\u00f5es tradicionais na regi\u00e3o. A pr\u00e1tica destr\u00f3i, de forma r\u00e1pida e desordenada, a floresta, a margem de rios e contamina a \u00e1gua, o solo, animais e seres humanos com merc\u00fario, gerando sequelas de longo prazo para todo o ecossistema.<\/p>\n<p>\u201cSe, al\u00e9m de n\u00e3o combater a ilegalidade, o governo abrir a \u00e1rea para a explora\u00e7\u00e3o mineral privada, causar\u00e1 um efeito devastador, deixando toda a regi\u00e3o \u00e0 merc\u00ea do desmatamento e da grilagem de terras\u201d, analisa Marcio.<\/p>\n<\/div>\n<\/div>\n<p>Em 23 de agosto, o governo publicou um decreto extinguindo a Renca. Ap\u00f3s intensa manifesta\u00e7\u00e3o contr\u00e1ria da sociedade, na semana seguinte anunciou a edi\u00e7\u00e3o de um novo decreto, revogando a medida anterior. Por fim, no dia 31 de agosto, o Minist\u00e9rio das Minas e Energia (MME) suspendeu os efeitos do pol\u00eamico decreto por 120 dias e prometeu realizar &#8220;um amplo debate&#8221; com a sociedade sobre o tema.<\/p>\n<p>Em uma audi\u00eancia p\u00fablica sobre a Renca, promovida por parlamentares na C\u00e2mara dos Deputados na semana passada, Marcio cobrou do MME um posicionamento sobre o \u201camplo debate\u201d: \u201cQual ser\u00e1 o cronograma de conversas com a popula\u00e7\u00e3o? H\u00e1 audi\u00eancia p\u00fablicas convocadas pelo MME no Amap\u00e1 e no Par\u00e1? Quando os ind\u00edgenas, principais afetados pela decis\u00e3o, ser\u00e3o ouvidos?\u201d. Por enquanto, seguimos sem as respostas.<\/p>\n<\/div>\n","protected":false},"excerpt":{"rendered":"<p>Organiza\u00e7\u00e3o entrega carta-den\u00fancia a autoridades indicando 14 pontos de garimpos e oito pistas de pouso clandestinos &#8211; todos dentro de unidade de conserva\u00e7\u00e3o no Par\u00e1.<\/p>\n","protected":false},"author":28,"featured_media":1744,"comment_status":"open","ping_status":"open","sticky":false,"template":"","format":"standard","meta":{"ep_exclude_from_search":false,"p4_og_title":"","p4_og_description":"","p4_og_image":"","p4_og_image_id":"","p4_seo_canonical_url":"","p4_campaign_name":"","p4_local_project":"","p4_basket_name":"","p4_department":"","footnotes":""},"categories":[3],"tags":[22,8],"p4-page-type":[16],"class_list":["post-1742","post","type-post","status-publish","format-standard","has-post-thumbnail","hentry","category-proteja-a-natureza","tag-florestas","tag-resista","p4-page-type-blog"],"_links":{"self":[{"href":"https:\/\/www.greenpeace.org\/brasil\/wp-json\/wp\/v2\/posts\/1742","targetHints":{"allow":["GET"]}}],"collection":[{"href":"https:\/\/www.greenpeace.org\/brasil\/wp-json\/wp\/v2\/posts"}],"about":[{"href":"https:\/\/www.greenpeace.org\/brasil\/wp-json\/wp\/v2\/types\/post"}],"author":[{"embeddable":true,"href":"https:\/\/www.greenpeace.org\/brasil\/wp-json\/wp\/v2\/users\/28"}],"replies":[{"embeddable":true,"href":"https:\/\/www.greenpeace.org\/brasil\/wp-json\/wp\/v2\/comments?post=1742"}],"version-history":[{"count":3,"href":"https:\/\/www.greenpeace.org\/brasil\/wp-json\/wp\/v2\/posts\/1742\/revisions"}],"predecessor-version":[{"id":2299,"href":"https:\/\/www.greenpeace.org\/brasil\/wp-json\/wp\/v2\/posts\/1742\/revisions\/2299"}],"wp:featuredmedia":[{"embeddable":true,"href":"https:\/\/www.greenpeace.org\/brasil\/wp-json\/wp\/v2\/media\/1744"}],"wp:attachment":[{"href":"https:\/\/www.greenpeace.org\/brasil\/wp-json\/wp\/v2\/media?parent=1742"}],"wp:term":[{"taxonomy":"category","embeddable":true,"href":"https:\/\/www.greenpeace.org\/brasil\/wp-json\/wp\/v2\/categories?post=1742"},{"taxonomy":"post_tag","embeddable":true,"href":"https:\/\/www.greenpeace.org\/brasil\/wp-json\/wp\/v2\/tags?post=1742"},{"taxonomy":"p4-page-type","embeddable":true,"href":"https:\/\/www.greenpeace.org\/brasil\/wp-json\/wp\/v2\/p4-page-type?post=1742"}],"curies":[{"name":"wp","href":"https:\/\/api.w.org\/{rel}","templated":true}]}}