{"id":2197,"date":"2018-07-10T14:15:50","date_gmt":"2018-07-10T14:15:50","guid":{"rendered":"https:\/\/www.greenpeace.org\/brasil\/?p=2197"},"modified":"2019-11-06T05:20:33","modified_gmt":"2019-11-06T08:20:33","slug":"retrocessos-ambientais-de-temer-podem-comprometer-meta-climatica-do-brasil","status":"publish","type":"post","link":"https:\/\/www.greenpeace.org\/brasil\/blog\/retrocessos-ambientais-de-temer-podem-comprometer-meta-climatica-do-brasil\/","title":{"rendered":"Retrocessos ambientais de Temer podem comprometer meta clim\u00e1tica do Brasil"},"content":{"rendered":"<p>\u201cEm troca de apoio pol\u00edtico, o governo brasileiro est\u00e1 sinalizando aos propriet\u00e1rios de terras que aumentem o desmatamento, colocando em risco a contribui\u00e7\u00e3o do pa\u00eds para o Acordo de Paris\u201d. Essa \u00e9 a principal conclus\u00e3o do estudo conduzido por Roberto Schaeffer, Alexandre Szklo e outros cientistas brasileiros, publicado na Nature Climate Change esta semana.<\/p>\n<div id=\"attachment_2199\" style=\"width: 343px\" class=\"wp-caption alignleft\"><img loading=\"lazy\" decoding=\"async\" aria-describedby=\"caption-attachment-2199\" class=\" wp-image-2199\" src=\"https:\/\/www.greenpeace.org\/static\/planet4-brasil-stateless\/2018\/07\/BB_temer_mendes_planoagro.jpg\" alt=\"\" width=\"333\" height=\"188\" srcset=\"https:\/\/www.greenpeace.org\/static\/planet4-brasil-stateless\/2018\/07\/BB_temer_mendes_planoagro.jpg 800w, https:\/\/www.greenpeace.org\/static\/planet4-brasil-stateless\/2018\/07\/BB_temer_mendes_planoagro-300x169.jpg 300w, https:\/\/www.greenpeace.org\/static\/planet4-brasil-stateless\/2018\/07\/BB_temer_mendes_planoagro-768x433.jpg 768w, https:\/\/www.greenpeace.org\/static\/planet4-brasil-stateless\/2018\/07\/BB_temer_mendes_planoagro-510x288.jpg 510w\" sizes=\"auto, (max-width: 333px) 100vw, 333px\" \/><p id=\"caption-attachment-2199\" class=\"wp-caption-text\">Temer durante cerim\u00f4nia de lan\u00e7amento do Plano Agro+<\/p><\/div>\n<p>Flexibiliza\u00e7\u00e3o do licenciamento ambiental no Brasil, retirada de direitos ind\u00edgenas e quilombolas, projeto de lei para a libera\u00e7\u00e3o de ainda mais veneno no prato do brasileiro e diminui\u00e7\u00e3o de \u00e1reas de conserva\u00e7\u00e3o na Amaz\u00f4nia s\u00e3o alguns exemplos de pol\u00edticas que podem ter impacto direto nas mudan\u00e7as clim\u00e1ticas.<\/p>\n<p>Para os cientistas, pol\u00edticas de prote\u00e7\u00e3o da floresta e de seus povos origin\u00e1rios s\u00e3o essenciais para que o Brasil cumpra acordos de redu\u00e7\u00e3o de emiss\u00f5es firmados internacionalmente. A contribui\u00e7\u00e3o brasileira ao Acordo de Paris n\u00e3o ser\u00e1 alcan\u00e7ada com pol\u00edticas regressivas como as que esse governo e seus aliados ruralistas no Congresso t\u00eam se prestado a colocar em pauta.<\/p>\n<p>No estudo foram utilizados modelos de avalia\u00e7\u00e3o integrados (MAIs) para explorar cen\u00e1rios de emiss\u00e3o de carbono especificamente projetados para o Brasil. No cen\u00e1rio mais prov\u00e1vel, outros setores da economia teriam de pagar a conta para compensar o carbono emitido na \u00e1rea florestal: seria preciso desembolsar cerca de US$ 2 trilh\u00f5es para aplicar tecnologias &#8211; ainda imaturas ou n\u00e3o testadas &#8211; para zerar suas emiss\u00f5es.<\/p>\n<p>O v\u00eddeo abaixo mostra a evolu\u00e7\u00e3o do desmatamento at\u00e9 2050 no pior cen\u00e1rio.<\/p>\n<p><div style=\"width: 640px;\" class=\"wp-video\"><video class=\"wp-video-shortcode\" id=\"video-2197-1\" width=\"640\" height=\"360\" preload=\"metadata\" controls=\"controls\"><source type=\"video\/mp4\" src=\"https:\/\/www.greenpeace.org\/static\/planet4-brasil-stateless\/2018\/07\/desmatamento_animado.mp4?_=1\" \/><a href=\"https:\/\/www.greenpeace.org\/static\/planet4-brasil-stateless\/2018\/07\/desmatamento_animado.mp4\">https:\/\/www.greenpeace.org\/static\/planet4-brasil-stateless\/2018\/07\/desmatamento_animado.mp4<\/a><\/video><\/div><br \/>\n<sub>(Cr\u00e9dito do v\u00eddeo: <a href=\"http:\/\/www.observatoriodoclima.eco.br\/\">Observat\u00f3rio do Clima<\/a>)<\/sub><\/p>\n<p>O estudo enfatiza a import\u00e2ncia de alternativas para o uso de combust\u00edveis f\u00f3sseis no transporte para reduzir as emiss\u00f5es de gases de efeito estufa do Brasil. Carros el\u00e9tricos, principalmente, e biocombust\u00edveis devem ser alternativas para o futuro. Mesmo assim, essas op\u00e7\u00f5es n\u00e3o ser\u00e3o suficientes se n\u00e3o houver a conten\u00e7\u00e3o do desmatamento e regras para uma agropecu\u00e1ria mais sustent\u00e1vel para o planeta e saud\u00e1vel para as pessoas.<\/p>\n<p>As pol\u00edticas de prote\u00e7\u00e3o e direitos est\u00e3o sendo desmontadas nesse governo possuem consequ\u00eancias negativas na qualidade de vida e no futuro das pr\u00f3ximas gera\u00e7\u00f5es. Secas frequentes com quebra de safras, inunda\u00e7\u00f5es e aumento do n\u00edvel do mar em cidades costeiras s\u00e3o o desdobramento da destrui\u00e7\u00e3o das florestas brasileiras e dos povos que a habitam. O que acontece no Congresso e no governo para beneficiar um pequeno grupo do agroneg\u00f3cio possui consequ\u00eancias que podem ser irrevers\u00edveis para o planeta e para todos n\u00f3s.<\/p>\n<p><a href=\"https:\/\/www.nature.com\/articles\/s41558-018-0213-y.epdf?author_access_token=kj0tn-jIO9LPx1-AbXk2ttRgN0jAjWel9jnR3ZoTv0NgqrBVU54mTItWbGn0KEpIqIITJzfk1bdvIaDRBBt3_cn-a5XdQ9EunCc3gU2wrMmDXq3HSrLIKLFyZWkr3R4t9WJ22M4cKdHJxGGzuM71Xg%3D%3D\">Confira aqui<\/a> o artigo completo em ingl\u00eas.<\/p>\n","protected":false},"excerpt":{"rendered":"<p>Barganhas pol\u00edticas entre governo e ruralistas estimulam o desmatamento e colocam em risco o compromisso do pa\u00eds com a redu\u00e7\u00e3o de emiss\u00f5es<\/p>\n","protected":false},"author":28,"featured_media":2199,"comment_status":"open","ping_status":"open","sticky":false,"template":"","format":"standard","meta":{"ep_exclude_from_search":false,"p4_og_title":"","p4_og_description":"","p4_og_image":"","p4_og_image_id":"","p4_seo_canonical_url":"","p4_campaign_name":"","p4_local_project":"","p4_basket_name":"","p4_department":"","footnotes":""},"categories":[2],"tags":[8,22],"p4-page-type":[16],"class_list":["post-2197","post","type-post","status-publish","format-standard","has-post-thumbnail","hentry","category-transforme-a-sociedade","tag-resista","tag-florestas","p4-page-type-blog"],"_links":{"self":[{"href":"https:\/\/www.greenpeace.org\/brasil\/wp-json\/wp\/v2\/posts\/2197","targetHints":{"allow":["GET"]}}],"collection":[{"href":"https:\/\/www.greenpeace.org\/brasil\/wp-json\/wp\/v2\/posts"}],"about":[{"href":"https:\/\/www.greenpeace.org\/brasil\/wp-json\/wp\/v2\/types\/post"}],"author":[{"embeddable":true,"href":"https:\/\/www.greenpeace.org\/brasil\/wp-json\/wp\/v2\/users\/28"}],"replies":[{"embeddable":true,"href":"https:\/\/www.greenpeace.org\/brasil\/wp-json\/wp\/v2\/comments?post=2197"}],"version-history":[{"count":6,"href":"https:\/\/www.greenpeace.org\/brasil\/wp-json\/wp\/v2\/posts\/2197\/revisions"}],"predecessor-version":[{"id":2210,"href":"https:\/\/www.greenpeace.org\/brasil\/wp-json\/wp\/v2\/posts\/2197\/revisions\/2210"}],"wp:featuredmedia":[{"embeddable":true,"href":"https:\/\/www.greenpeace.org\/brasil\/wp-json\/wp\/v2\/media\/2199"}],"wp:attachment":[{"href":"https:\/\/www.greenpeace.org\/brasil\/wp-json\/wp\/v2\/media?parent=2197"}],"wp:term":[{"taxonomy":"category","embeddable":true,"href":"https:\/\/www.greenpeace.org\/brasil\/wp-json\/wp\/v2\/categories?post=2197"},{"taxonomy":"post_tag","embeddable":true,"href":"https:\/\/www.greenpeace.org\/brasil\/wp-json\/wp\/v2\/tags?post=2197"},{"taxonomy":"p4-page-type","embeddable":true,"href":"https:\/\/www.greenpeace.org\/brasil\/wp-json\/wp\/v2\/p4-page-type?post=2197"}],"curies":[{"name":"wp","href":"https:\/\/api.w.org\/{rel}","templated":true}]}}