{"id":23818,"date":"2020-05-12T22:03:21","date_gmt":"2020-05-13T01:03:21","guid":{"rendered":"https:\/\/www.greenpeace.org\/brasil\/?p=23818"},"modified":"2021-12-01T09:30:48","modified_gmt":"2021-12-01T12:30:48","slug":"todos-dizem-mp-910-nao","status":"publish","type":"post","link":"https:\/\/www.greenpeace.org\/brasil\/blog\/todos-dizem-mp-910-nao\/","title":{"rendered":"Todos dizem: MP 910 N\u00e3o!"},"content":{"rendered":"\n<h4 class=\"wp-block-heading\">Press\u00e3o da sociedade fez efeito: Rodrigo Maia chegou a colocar a MP da Grilagem em vota\u00e7\u00e3o, mas teve que recuar<\/h4>\n\n<figure class=\"wp-block-image size-large  caption-style-blue-overlay caption-alignment-center\"><img loading=\"lazy\" decoding=\"async\" width=\"1024\" height=\"683\" src=\"https:\/\/www.greenpeace.org\/static\/planet4-brasil-stateless\/2020\/05\/9d793c9e-gp0sttvab_medium_res-1024x683.jpg\" alt=\"\" class=\"wp-image-23819\" srcset=\"https:\/\/www.greenpeace.org\/static\/planet4-brasil-stateless\/2020\/05\/9d793c9e-gp0sttvab_medium_res-1024x683.jpg 1024w, https:\/\/www.greenpeace.org\/static\/planet4-brasil-stateless\/2020\/05\/9d793c9e-gp0sttvab_medium_res-300x200.jpg 300w, https:\/\/www.greenpeace.org\/static\/planet4-brasil-stateless\/2020\/05\/9d793c9e-gp0sttvab_medium_res-768x512.jpg 768w, https:\/\/www.greenpeace.org\/static\/planet4-brasil-stateless\/2020\/05\/9d793c9e-gp0sttvab_medium_res-510x340.jpg 510w, https:\/\/www.greenpeace.org\/static\/planet4-brasil-stateless\/2020\/05\/9d793c9e-gp0sttvab_medium_res.jpg 1200w\" sizes=\"auto, (max-width: 1024px) 100vw, 1024px\" \/><figcaption>A MP 910 quer trazer ainda mais desmatamento e grilagem para a Amaz\u00f4nia<div class=\"credit icon-left\"> \u00a9 Chico Batata\/ Greenpeace<\/div><\/figcaption><\/figure>\n\n<p>Hoje (12\/05) foi um dia dif\u00edcil para a floresta e seus povos, mas tamb\u00e9m foi um dia de provar que a mobiliza\u00e7\u00e3o social tem efeito. Mesmo em meio \u00e0 pandemia, o Presidente da C\u00e2mara dos Deputados, Rodrigo Maia, colocou em discuss\u00e3o a MP da Grilagem (MP 910\/2019), que beneficia criminosos e desmatadores. Horas depois, concordou em adi\u00e1-la.<\/p>\n\n<p>O adiamento da vota\u00e7\u00e3o aconteceu gra\u00e7as \u00e0 press\u00e3o popular e de organiza\u00e7\u00f5es, artistas, cientistas, influenciadores e ex-ministros que, sem poderem ir \u00e0s ruas e ao Congresso se manifestar contra os retrocessos ambientais, h\u00e1 algumas semanas t\u00eam se posicionado fortemente contra a MP 910 e pressionado os parlamentares atrav\u00e9s das redes sociais.&nbsp;<\/p>\n\n<p>Maia havia se comprometido em n\u00e3o pautar medidas sem acordo dos l\u00edderes, como \u00e9 o caso desta MP, e que n\u00e3o estivessem focadas em conter a propaga\u00e7\u00e3o da Covid-19, dada a limita\u00e7\u00e3o em que o Congresso opera neste momento, em que as vota\u00e7\u00f5es est\u00e3o seguindo online e sem qualquer chance de participa\u00e7\u00e3o da sociedade civil.&nbsp;<\/p>\n\n<p>\u201cFoi vergonhosa a sinaliza\u00e7\u00e3o que houve, da C\u00e2mara dos Deputados, de colocar em vota\u00e7\u00e3o uma mat\u00e9ria que presenteia grileiros. Com a sociedade exclu\u00edda do debate, sem participa\u00e7\u00e3o e transpar\u00eancia\u201d, diz Mariana Mota, especialista em Pol\u00edticas P\u00fablicas do Greenpeace.&nbsp;<\/p>\n\n<p>Ela critica os deputados que, ao inv\u00e9s de concentrarem esfor\u00e7os para minimizar os impactos da pandemia, se debru\u00e7aram sobre uma mat\u00e9ria que pode agravar ainda mais a situa\u00e7\u00e3o, pois aumenta o desmatamento e acirra a disputa de terras.<\/p>\n\n<p>\u201cN\u00e3o bastasse o medo do v\u00edrus, os povos da floresta v\u00e3o dormir tamb\u00e9m com medo dos grileiros, mais do que nunca empoderados com a sinaliza\u00e7\u00e3o que houve, no dia de hoje, para votar uma mat\u00e9ria que os presenteia\u201d, diz Mariana.&nbsp;<\/p>\n\n<p><\/p>\n\n<figure class=\"wp-block-image size-large is-resized  caption-style-blue-overlay caption-alignment-center\"><img loading=\"lazy\" decoding=\"async\" src=\"https:\/\/www.greenpeace.org\/static\/planet4-brasil-stateless\/2020\/05\/ad62b68b-posts_passoapasso_maia_instagram3-1-1024x1024.png\" alt=\"\" class=\"wp-image-23822\" width=\"399\" height=\"399\" srcset=\"https:\/\/www.greenpeace.org\/static\/planet4-brasil-stateless\/2020\/05\/ad62b68b-posts_passoapasso_maia_instagram3-1-1024x1024.png 1024w, https:\/\/www.greenpeace.org\/static\/planet4-brasil-stateless\/2020\/05\/ad62b68b-posts_passoapasso_maia_instagram3-1-300x300.png 300w, https:\/\/www.greenpeace.org\/static\/planet4-brasil-stateless\/2020\/05\/ad62b68b-posts_passoapasso_maia_instagram3-1-150x150.png 150w, https:\/\/www.greenpeace.org\/static\/planet4-brasil-stateless\/2020\/05\/ad62b68b-posts_passoapasso_maia_instagram3-1-768x768.png 768w, https:\/\/www.greenpeace.org\/static\/planet4-brasil-stateless\/2020\/05\/ad62b68b-posts_passoapasso_maia_instagram3-1-340x340.png 340w, https:\/\/www.greenpeace.org\/static\/planet4-brasil-stateless\/2020\/05\/ad62b68b-posts_passoapasso_maia_instagram3-1.png 1080w\" sizes=\"auto, (max-width: 399px) 100vw, 399px\" \/><\/figure>\n\n<p><strong>E agora?<\/strong><\/p>\n\n<p>Apesar da MP 910 n\u00e3o ter sido votada hoje, a mat\u00e9ria deve ser discutida pelos l\u00edderes, nos pr\u00f3ximos dias, por meio de um Projeto de Lei. <strong>O Congresso tem na m\u00e3o a decis\u00e3o se vai compartilhar com o presidente Jair Bolsonaro o peso de apoiar propostas que beneficiam o crime, colocam a floresta e a vida das pessoas num risco ainda maior<\/strong>.<\/p>\n\n<p>Vamos continuar pressionando! Sua ajuda \u00e9 fundamental neste momento: <strong>escreva para o presidente da C\u00e2mara, Rodrigo Maia, e para os l\u00edderes dos partidos, dizendo que \u00e9 contra a MP da Grilagem. MP 910 N\u00e3o!<\/strong><\/p>\n\n<p><strong>E-mail Rodrigo Maia<\/strong>: dep.rodrigomaia@camara.leg.br<\/p>\n\n<p><strong>Facebook:<\/strong><\/p>\n\n<p><a href=\"http:\/\/fb.com\/rodrigomaiarj\">fb.com\/rodrigomaiarj<\/a><\/p>\n\n<p><a href=\"http:\/\/fb.com\/perpetuaalmeida.acre\">fb.com\/perpetuaalmeida.acre<\/a><\/p>\n\n<p><a href=\"http:\/\/fb.com\/DeputadoAndreFigueiredo\">fb.com\/DeputadoAndreFigueiredo<\/a><\/p>\n\n<p><a href=\"http:\/\/fb.com\/DeputadoCarlosSampaio\">fb.com\/DeputadoCarlosSampaio<\/a><\/p>\n\n<p><a href=\"http:\/\/fb.com\/DeputadoCarlosSampaio\">fb.com\/deputadoarnaldojardim<\/a><\/p>\n\n<p><a href=\"http:\/\/fb.com\/wolneyqueirozpe\">fb.com\/wolneyqueirozpe<\/a><\/p>\n\n<p><a href=\"http:\/\/fb.com\/pauloganime\">fb.com\/pauloganime<\/a><\/p>\n\n<p><a href=\"https:\/\/www.facebook.com\/FredCostaDeputado\/\">fb.com\/FredCostaDeputado\/<\/a><\/p>\n\n<p><strong>Instagram:<\/strong><\/p>\n\n<p>@rodrigomaiarj<\/p>\n\n<p>@perpetua_acre&nbsp;<\/p>\n\n<p>@depandrefigueiredo&nbsp;<\/p>\n\n<p>@marceloramospl&nbsp;<\/p>\n\n<p>@depcarlossampaio&nbsp;<\/p>\n\n<p>@arnaldojardimoficial&nbsp;<\/p>\n\n<p>@wolneyqueiroz&nbsp;<\/p>\n\n<p>@pauloganime&nbsp;<\/p>\n\n<p>@fredcostadep<\/p>\n\n<p>@leandredalponte<\/p>\n\n<p><strong>Twitter:<\/strong><\/p>\n\n<p><a href=\"https:\/\/twitter.com\/rodrigomaia\" target=\"_blank\" rel=\"noreferrer noopener\">@rodrigomaia<\/a><\/p>\n\n<p><a href=\"https:\/\/twitter.com\/perpetua_acre\" target=\"_blank\" rel=\"noreferrer noopener\">@perpetua_acre<\/a><\/p>\n\n<p><a href=\"https:\/\/twitter.com\/andrepdt12\" target=\"_blank\" rel=\"noreferrer noopener\">@andrepdt12<\/a><\/p>\n\n<p><a href=\"https:\/\/twitter.com\/marceloramosam\" target=\"_blank\" rel=\"noreferrer noopener\">@marceloramosam<\/a><\/p>\n\n<p><a href=\"https:\/\/twitter.com\/carlossampaio_\" target=\"_blank\" rel=\"noreferrer noopener\">@carlossampaio_<\/a><\/p>\n\n<p><a href=\"https:\/\/twitter.com\/ArnaldoJardim\" target=\"_blank\" rel=\"noreferrer noopener\">@ArnaldoJardim<\/a><\/p>\n\n<p><a href=\"https:\/\/twitter.com\/WolneyQueirozM\" target=\"_blank\" rel=\"noreferrer noopener\">@WolneyQueirozM<\/a><\/p>\n\n<p><a href=\"https:\/\/twitter.com\/pauloganime\" target=\"_blank\" rel=\"noreferrer noopener\">@pauloganime<\/a><\/p>\n\n<p><a href=\"https:\/\/twitter.com\/FredCosta5133\" target=\"_blank\" rel=\"noreferrer noopener\">@FredCosta5133<\/a><\/p>\n<div class=\"EmptyMessage\">Block content is empty. Check the block&#8217;s settings or remove it.<\/div>","protected":false},"excerpt":{"rendered":"<p>Press\u00e3o da sociedade fez efeito: Rodrigo Maia chegou a colocar a MP da Grilagem em vota\u00e7\u00e3o, mas teve que recuar<\/p>\n","protected":false},"author":19,"featured_media":23819,"comment_status":"open","ping_status":"closed","sticky":false,"template":"","format":"standard","meta":{"ep_exclude_from_search":false,"p4_og_title":"","p4_og_description":"","p4_og_image":"","p4_og_image_id":"","p4_seo_canonical_url":"","p4_campaign_name":"Covid-19 Response","p4_local_project":"not set","p4_basket_name":"not set","p4_department":"","footnotes":""},"categories":[4],"tags":[8,22],"p4-page-type":[16],"class_list":["post-23818","post","type-post","status-publish","format-standard","has-post-thumbnail","hentry","category-ativismo","tag-resista","tag-florestas","p4-page-type-blog"],"_links":{"self":[{"href":"https:\/\/www.greenpeace.org\/brasil\/wp-json\/wp\/v2\/posts\/23818","targetHints":{"allow":["GET"]}}],"collection":[{"href":"https:\/\/www.greenpeace.org\/brasil\/wp-json\/wp\/v2\/posts"}],"about":[{"href":"https:\/\/www.greenpeace.org\/brasil\/wp-json\/wp\/v2\/types\/post"}],"author":[{"embeddable":true,"href":"https:\/\/www.greenpeace.org\/brasil\/wp-json\/wp\/v2\/users\/19"}],"replies":[{"embeddable":true,"href":"https:\/\/www.greenpeace.org\/brasil\/wp-json\/wp\/v2\/comments?post=23818"}],"version-history":[{"count":8,"href":"https:\/\/www.greenpeace.org\/brasil\/wp-json\/wp\/v2\/posts\/23818\/revisions"}],"predecessor-version":[{"id":35275,"href":"https:\/\/www.greenpeace.org\/brasil\/wp-json\/wp\/v2\/posts\/23818\/revisions\/35275"}],"wp:featuredmedia":[{"embeddable":true,"href":"https:\/\/www.greenpeace.org\/brasil\/wp-json\/wp\/v2\/media\/23819"}],"wp:attachment":[{"href":"https:\/\/www.greenpeace.org\/brasil\/wp-json\/wp\/v2\/media?parent=23818"}],"wp:term":[{"taxonomy":"category","embeddable":true,"href":"https:\/\/www.greenpeace.org\/brasil\/wp-json\/wp\/v2\/categories?post=23818"},{"taxonomy":"post_tag","embeddable":true,"href":"https:\/\/www.greenpeace.org\/brasil\/wp-json\/wp\/v2\/tags?post=23818"},{"taxonomy":"p4-page-type","embeddable":true,"href":"https:\/\/www.greenpeace.org\/brasil\/wp-json\/wp\/v2\/p4-page-type?post=23818"}],"curies":[{"name":"wp","href":"https:\/\/api.w.org\/{rel}","templated":true}]}}