{"id":23859,"date":"2020-05-15T17:04:12","date_gmt":"2020-05-15T20:04:12","guid":{"rendered":"https:\/\/www.greenpeace.org\/brasil\/?p=23859"},"modified":"2021-12-01T09:30:47","modified_gmt":"2021-12-01T12:30:47","slug":"greenpeace-viabiliza-ajuda-emergencial-para-populacoes-indigenas-na-amazonia","status":"publish","type":"post","link":"https:\/\/www.greenpeace.org\/brasil\/blog\/greenpeace-viabiliza-ajuda-emergencial-para-populacoes-indigenas-na-amazonia\/","title":{"rendered":"Greenpeace viabiliza ajuda emergencial para popula\u00e7\u00f5es ind\u00edgenas na Amaz\u00f4nia"},"content":{"rendered":"\n<h4 class=\"wp-block-heading\">Atrav\u00e9s do projeto Asas da Emerg\u00eancia, organiza\u00e7\u00e3o transporta profissionais e equipamentos de sa\u00fade com o prop\u00f3sito de diminuir impactos da pandemia em \u00e1reas mais remotas<\/h4>\n\n<figure class=\"wp-block-image size-large  caption-style-blue-overlay caption-alignment-center\"><img loading=\"lazy\" decoding=\"async\" width=\"1024\" height=\"683\" src=\"https:\/\/www.greenpeace.org\/static\/planet4-brasil-stateless\/2020\/05\/dcfacfc6-gp1stwzg_pressmedia-1024x683.jpg\" alt=\"\" class=\"wp-image-23867\" srcset=\"https:\/\/www.greenpeace.org\/static\/planet4-brasil-stateless\/2020\/05\/dcfacfc6-gp1stwzg_pressmedia-1024x683.jpg 1024w, https:\/\/www.greenpeace.org\/static\/planet4-brasil-stateless\/2020\/05\/dcfacfc6-gp1stwzg_pressmedia-300x200.jpg 300w, https:\/\/www.greenpeace.org\/static\/planet4-brasil-stateless\/2020\/05\/dcfacfc6-gp1stwzg_pressmedia-768x512.jpg 768w, https:\/\/www.greenpeace.org\/static\/planet4-brasil-stateless\/2020\/05\/dcfacfc6-gp1stwzg_pressmedia-1536x1024.jpg 1536w, https:\/\/www.greenpeace.org\/static\/planet4-brasil-stateless\/2020\/05\/dcfacfc6-gp1stwzg_pressmedia-2048x1366.jpg 2048w, https:\/\/www.greenpeace.org\/static\/planet4-brasil-stateless\/2020\/05\/dcfacfc6-gp1stwzg_pressmedia-510x340.jpg 510w\" sizes=\"auto, (max-width: 1024px) 100vw, 1024px\" \/><figcaption>De cilindros de oxig\u00eanio a \u00e1lcool em gel e sab\u00e3o, diversos insumos s\u00e3o transportados para regi\u00f5es em que a log\u00edstica e a estrutura para o atendimento \u00e0 sa\u00fade s\u00e3o desafiadoras<div class=\"credit icon-left\"> \u00a9 Marcos Amend \/ Greenpeace<\/div><\/figcaption><\/figure>\n\n<p>O retrato que temos hoje do Brasil ind\u00edgena \u00e9 extremamente preocupante e a possibilidade de genoc\u00eddio de povos ind\u00edgenas, infelizmente, \u00e9 real. Pelo menos 77 ind\u00edgenas j\u00e1 faleceram e 308 foram contaminados pela Covid-19, totalizando 34 povos atingidos, segundo dados sistematizados pela Articula\u00e7\u00e3o dos Povos Ind\u00edgenas do Brasil (Apib) at\u00e9 o \u00faltimo dia 11.<\/p>\n\n<p>Diante deste cen\u00e1rio, o Greenpeace vem, h\u00e1 semanas, atuando em uma ampla rede de solidariedade e apoio para levar ajuda emergencial a territ\u00f3rios em que a log\u00edstica \u00e9 um desafio permanente para a Aten\u00e7\u00e3o Prim\u00e1ria \u00e0 Sa\u00fade. Atrav\u00e9s do projeto Asas da Emerg\u00eancia, fruto do esfor\u00e7o coletivo de diversas organiza\u00e7\u00f5es, pretende-se diminuir os impactos da propaga\u00e7\u00e3o da Covid-19 nos povos ind\u00edgenas da Amaz\u00f4nia brasileira.&nbsp;<\/p>\n\n<p>\u201cEstamos disponibilizando nosso avi\u00e3o, nossa estrutura e equipes de diversas \u00e1reas para que m\u00e9dicos, enfermeiros e equipamentos essenciais de sa\u00fade possam chegar a essas popula\u00e7\u00f5es que est\u00e3o ainda mais vulner\u00e1veis diante desta pandemia . De cilindros de oxig\u00eanio a \u00e1lcool em gel e sab\u00e3o, tudo \u00e9 v\u00e1lido. Uma pandemia exige solidariedade e nos estimula a expandir nosso senso de humanidade. N\u00f3s n\u00e3o vamos soltar as m\u00e3os dos povos ind\u00edgenas e de nossos parceiros em um dos momentos mais desafiadores da atualidade. Estamos juntos, nessa imensa rede de apoio\u201d, explica Carol Mar\u00e7al, da campanha Amaz\u00f4nia do Greenpeace.&nbsp;<\/p>\n\n<p>Os primeiros voos do projeto Asas da Emerg\u00eancia, realizados nos dias 8 e 9 de maio, foram justamente para S\u00e3o Gabriel da Cachoeira (AM), considerada a cidade mais ind\u00edgena do Brasil, com 90% de sua popula\u00e7\u00e3o de 45 mil habitantes composta por mais de vinte povos ind\u00edgenas. Localizado a 852 km de Manaus, o munic\u00edpio n\u00e3o tem leitos de UTI (Unidade de Terapia Intensiva) e encontra-se em&nbsp; \u201clockdown\u201d desde o dia 8 de maio, devido ao reconhecimento do colapso do seu sistema de sa\u00fade.<\/p>\n\n<p>Para este munic\u00edpio, o avi\u00e3o do Greenpeace transportou 9 profissionais de sa\u00fade que atuam no Distrito Sanit\u00e1rio Especial de Sa\u00fade Ind\u00edgena (Dsei) do Alto Rio Negro e materiais hospitalares, como concentradores de oxig\u00eanio, testes para Covid e&nbsp; kits de Equipamentos de Prote\u00e7\u00e3o Individuais (EPIs).&nbsp;<\/p>\n\n<p>Em parceria com a organiza\u00e7\u00e3o Expedicion\u00e1rios da Sa\u00fade e o Instituto Socioambiental&nbsp; (ISA), em breve ser\u00e3o transportados novamente para S\u00e3o Gabriel da Cachoeira cilindros e mais concentradores de oxig\u00eanio, al\u00e9m de outros insumos hospitalares, m\u00e1quinas de costura e tecidos para a confec\u00e7\u00e3o de m\u00e1scaras.&nbsp;<\/p>\n\n<figure class=\"wp-block-image size-large  caption-style-blue-overlay caption-alignment-center\"><img loading=\"lazy\" decoding=\"async\" width=\"1024\" height=\"683\" src=\"https:\/\/www.greenpeace.org\/static\/planet4-brasil-stateless\/2020\/05\/d52ecdd9-gp1stwzc_pressmedia-1024x683.jpg\" alt=\"\" class=\"wp-image-23868\" srcset=\"https:\/\/www.greenpeace.org\/static\/planet4-brasil-stateless\/2020\/05\/d52ecdd9-gp1stwzc_pressmedia-1024x683.jpg 1024w, https:\/\/www.greenpeace.org\/static\/planet4-brasil-stateless\/2020\/05\/d52ecdd9-gp1stwzc_pressmedia-300x200.jpg 300w, https:\/\/www.greenpeace.org\/static\/planet4-brasil-stateless\/2020\/05\/d52ecdd9-gp1stwzc_pressmedia-768x512.jpg 768w, https:\/\/www.greenpeace.org\/static\/planet4-brasil-stateless\/2020\/05\/d52ecdd9-gp1stwzc_pressmedia-1536x1024.jpg 1536w, https:\/\/www.greenpeace.org\/static\/planet4-brasil-stateless\/2020\/05\/d52ecdd9-gp1stwzc_pressmedia-2048x1366.jpg 2048w, https:\/\/www.greenpeace.org\/static\/planet4-brasil-stateless\/2020\/05\/d52ecdd9-gp1stwzc_pressmedia-510x340.jpg 510w\" sizes=\"auto, (max-width: 1024px) 100vw, 1024px\" \/><figcaption>Nos dias 8 e 9 de maio, o avi\u00e3o do Greenpeace transportou para S\u00e3o Gabriel da Cachoeira, 9 profissionais de sa\u00fade do Distrito Sanit\u00e1rio Especial de Sa\u00fade Ind\u00edgena (Dsei) do Alto Rio Negro e materiais hospitalares e de prote\u00e7\u00e3o<div class=\"credit icon-left\"> \u00a9 Chico Batata \/ Greenpeace<\/div><\/figcaption><\/figure>\n\n<p>O segundo voo do Asas da Emerg\u00eancia foi realizado no dia 12 de maio para a cidade de Jacareacanga, no Par\u00e1, regi\u00e3o onde vive o povo Munduruku. Com uma popula\u00e7\u00e3o estimada em cerca de 13 mil, o primeiro registro de morte pela Covid entre os Munduruku ocorreu no dia 10 de maio. \u201cEstivemos ao lado dos Munduruku na luta contra a hidrel\u00e9trica e continuaremos ao seu lado neste momento dif\u00edcil de luta contra a Covid-19\u201d, afirma Carol Mar\u00e7al.&nbsp;<\/p>\n\n<p>O Greenpeace doou e transportou para o Dsei Tapaj\u00f3s insumos b\u00e1sicos para os agentes de sa\u00fade que atuam na linha de frente contra o coronav\u00edrus: 400 m\u00e1scaras cir\u00fargicas SH-NK11 e 2.000 pares de luvas cir\u00fargicas. Ap\u00f3s um cuidadoso processo de descontamina\u00e7\u00e3o, feito em duas etapas, seguindo os padr\u00f5es do Dsei, tamb\u00e9m foram encaminhadas 30 caixas de sab\u00e3o e 5.000 m\u00e1scaras de tecido, confeccionadas por ativistas e contratados da pr\u00f3pria organiza\u00e7\u00e3o, para as aldeias pr\u00f3ximas \u00e0 Jacareacanga, onde j\u00e1 foram notificados 26 casos de Covid-19.<\/p>\n\n<p>Nessa nova frente de atua\u00e7\u00e3o, nossa iniciativa se articula com a Coordena\u00e7\u00e3o das Organiza\u00e7\u00f5es Ind\u00edgenas da Amaz\u00f4nia Brasileira (Coiab) e com suas organiza\u00e7\u00f5es de base, como a Federa\u00e7\u00e3o das Organiza\u00e7\u00f5es Ind\u00edgenas do Rio Negro (Foirn), al\u00e9m de outras institui\u00e7\u00f5es e autoridades de sa\u00fade envolvidas no aux\u00edlio emergencial aos territ\u00f3rios ind\u00edgenas, especialmente no estado do Amazonas. Outros voos est\u00e3o sendo planejados para regi\u00f5es como o Alto Solim\u00f5es e o M\u00e9dio Purus, no Amazonas, refor\u00e7ando este esfor\u00e7o coletivo de solidariedade aos povos ind\u00edgenas.&nbsp;<\/p>\n\n<p>Cabe ressaltar que todas as nossas a\u00e7\u00f5es t\u00eam seguido os mais rigorosos preceitos de seguran\u00e7a sanit\u00e1ria, que passam por diferentes etapas: descontamina\u00e7\u00e3o do avi\u00e3o e dos materiais que ser\u00e3o transportados; utiliza\u00e7\u00e3o de todos os equipamentos de prote\u00e7\u00e3o individual necess\u00e1rios; e n\u00e3o entrada em territ\u00f3rios ind\u00edgenas.&nbsp;&nbsp;<\/p>\n\n<p>Para al\u00e9m da atua\u00e7\u00e3o neste projeto Asas da Emerg\u00eancia, o Greenpeace continua denunciando o aumento do desmatamento e das invas\u00f5es nas terras ind\u00edgenas, al\u00e9m das outras viola\u00e7\u00f5es aos direitos desses povos. Num cen\u00e1rio mundial de pandemia e emerg\u00eancia clim\u00e1tica, seguimos firmes com nossa miss\u00e3o de defender a floresta, seus Guardi\u00f5es e a vida no planeta.&nbsp;<\/p>\n<div class=\"EmptyMessage\">Block content is empty. Check the block&#8217;s settings or remove it.<\/div>","protected":false},"excerpt":{"rendered":"<p>Atrav\u00e9s do projeto Asas da Emerg\u00eancia, organiza\u00e7\u00e3o transporta profissionais e equipamentos de sa\u00fade com o prop\u00f3sito de diminuir impactos da pandemia em \u00e1reas mais remotas <\/p>\n","protected":false},"author":28,"featured_media":23875,"comment_status":"open","ping_status":"closed","sticky":false,"template":"","format":"standard","meta":{"ep_exclude_from_search":false,"p4_og_title":"","p4_og_description":"","p4_og_image":"","p4_og_image_id":"","p4_seo_canonical_url":"","p4_campaign_name":"Covid-19 Response","p4_local_project":"not set","p4_basket_name":"not set","p4_department":"","footnotes":""},"categories":[3],"tags":[22],"p4-page-type":[16],"class_list":["post-23859","post","type-post","status-publish","format-standard","has-post-thumbnail","hentry","category-proteja-a-natureza","tag-florestas","p4-page-type-blog"],"_links":{"self":[{"href":"https:\/\/www.greenpeace.org\/brasil\/wp-json\/wp\/v2\/posts\/23859","targetHints":{"allow":["GET"]}}],"collection":[{"href":"https:\/\/www.greenpeace.org\/brasil\/wp-json\/wp\/v2\/posts"}],"about":[{"href":"https:\/\/www.greenpeace.org\/brasil\/wp-json\/wp\/v2\/types\/post"}],"author":[{"embeddable":true,"href":"https:\/\/www.greenpeace.org\/brasil\/wp-json\/wp\/v2\/users\/28"}],"replies":[{"embeddable":true,"href":"https:\/\/www.greenpeace.org\/brasil\/wp-json\/wp\/v2\/comments?post=23859"}],"version-history":[{"count":10,"href":"https:\/\/www.greenpeace.org\/brasil\/wp-json\/wp\/v2\/posts\/23859\/revisions"}],"predecessor-version":[{"id":35274,"href":"https:\/\/www.greenpeace.org\/brasil\/wp-json\/wp\/v2\/posts\/23859\/revisions\/35274"}],"wp:featuredmedia":[{"embeddable":true,"href":"https:\/\/www.greenpeace.org\/brasil\/wp-json\/wp\/v2\/media\/23875"}],"wp:attachment":[{"href":"https:\/\/www.greenpeace.org\/brasil\/wp-json\/wp\/v2\/media?parent=23859"}],"wp:term":[{"taxonomy":"category","embeddable":true,"href":"https:\/\/www.greenpeace.org\/brasil\/wp-json\/wp\/v2\/categories?post=23859"},{"taxonomy":"post_tag","embeddable":true,"href":"https:\/\/www.greenpeace.org\/brasil\/wp-json\/wp\/v2\/tags?post=23859"},{"taxonomy":"p4-page-type","embeddable":true,"href":"https:\/\/www.greenpeace.org\/brasil\/wp-json\/wp\/v2\/p4-page-type?post=23859"}],"curies":[{"name":"wp","href":"https:\/\/api.w.org\/{rel}","templated":true}]}}